{"id":278959,"date":"2019-05-28T15:13:56","date_gmt":"2019-05-28T12:13:56","guid":{"rendered":"https:\/\/www.nationalturk.com\/?p=278959"},"modified":"2019-05-28T15:13:56","modified_gmt":"2019-05-28T12:13:56","slug":"rabia-nazin-olumunde-ankarada-bir-guc-adaleti-tikamaya-calisiyor","status":"publish","type":"post","link":"https:\/\/www.nationalturk.com\/tr\/rabia-nazin-olumunde-ankarada-bir-guc-adaleti-tikamaya-calisiyor\/","title":{"rendered":"&#8220;Rabia Naz&#8217;\u0131n \u00f6l\u00fcm\u00fcnde Ankara&#8217;da bir g\u00fc\u00e7 adaleti t\u0131kamaya \u00e7al\u0131\u015f\u0131yor&#8221;"},"content":{"rendered":"<h2>CHP Genel Ba\u015fkan\u0131 Kemal K\u0131l\u0131\u00e7daro\u011flu, Giresun&#8217;da evinin \u00f6n\u00fcnde yaral\u0131 halde bulunduktan sonra hastanede ya\u015fam\u0131n\u0131 yitiren 11 ya\u015f\u0131ndaki Rabia Naz&#8217;\u0131n davas\u0131n\u0131n takip\u00e7isi olacaklar\u0131n\u0131 s\u00f6yledi. K\u0131l\u0131\u00e7daro\u011flu, &#8220;Ankara&#8217;da bir g\u00fc\u00e7 adaletin \u00f6n\u00fcn\u00fc t\u0131kamaya \u00e7al\u0131\u015f\u0131yor. Yarg\u0131n\u0131n g\u00f6revi olaylar\u0131 kapatmak de\u011fil, adaleti teslim etmektir&#8221; dedi.<\/h2>\n<p>CHP lideri K\u0131l\u0131\u00e7daro\u011flu, TBMM&#8217;de partisinin grup toplant\u0131s\u0131nda konu\u015ftu.<\/p>\n<p>K\u0131l\u0131\u00e7daro\u011flu Rabia Naz olay\u0131 hakk\u0131nda \u015funlar\u0131 s\u00f6yledi:<\/p>\n<p>&#8220;Rabia Naz 11 ya\u015f\u0131nda, Eynesil&#8217;de \u0130mam Hatip Ortaokulu\u2019nda okuyor, hayat dolu bir k\u0131z. \u00d6ld\u00fcr\u00fclmeden \u00f6nce arkada\u015flar\u0131yla gidip dondurma alm\u0131\u015f, annesinin \u00e7al\u0131\u015ft\u0131\u011f\u0131 eczaneye gitmi\u015f. Haber geliyor, Rabia Naz evin \u00f6n\u00fcnde s\u0131rt \u00fcst\u00fc yat\u0131yor ve a\u011f\u0131r yaral\u0131. Babas\u0131na diyorlar ki intihar etti. 11 ya\u015f\u0131ndaki bir \u00e7ocuk niye intihar etsin? Baba ara\u015ft\u0131r\u0131yor; doblo marka bir siyah arac\u0131n \u00e7arpt\u0131\u011f\u0131 iddia ediliyor, oradan al\u0131p metruk bir eve g\u00f6t\u00fcr\u00fcyorlar, sonra getirip evinin \u00f6n\u00fcne s\u0131rt \u00fcst\u00fc yat\u0131r\u0131yorlar intihar etti diye.<\/p>\n<p>Baba bir t\u00fcrl\u00fc derdini anlatam\u0131yor. Bir gazeteci arkada\u015f\u0131m\u0131z, Metin Cihan olay\u0131 takip ediyor. Gazeteciler bir haks\u0131zl\u0131\u011f\u0131n \u00fczerine gitti\u011finde, yola koyuldu\u011funda \u015fiddete u\u011fruyor. Bu gazeteci arkada\u015f\u0131m\u0131z olay\u0131n ortaya \u00e7\u0131kmas\u0131 i\u00e7in elinden geleni yap\u0131yor. Bir \u00e7ocu\u011fun g\u00f6z g\u00f6re g\u00f6re \u00f6ld\u00fcr\u00fclmesine tan\u0131kl\u0131k etmek de\u011fildir sizin g\u00f6reviniz, bunu yapanlar\u0131 adalete teslim etmektir. Rabia Naz&#8217;\u0131n ne g\u00fcnah\u0131 vard\u0131? Ankara&#8217;da bir g\u00fc\u00e7 adaletin \u00f6n\u00fcn\u00fc t\u0131kamaya \u00e7al\u0131\u015f\u0131yor. Bu olay\u0131n sonuna kadar takip\u00e7isi olaca\u011f\u0131z.&#8221;<\/p>\n<!-- Error, Advert is not available at this time due to schedule\/geolocation restrictions! -->\n","protected":false},"excerpt":{"rendered":"<p>CHP Genel Ba\u015fkan\u0131 Kemal K\u0131l\u0131\u00e7daro\u011flu, Giresun&#8217;da evinin \u00f6n\u00fcnde yaral\u0131 halde bulunduktan sonra hastanede ya\u015fam\u0131n\u0131 yitiren 11 ya\u015f\u0131ndaki Rabia Naz&#8217;\u0131n davas\u0131n\u0131n takip\u00e7isi olacaklar\u0131n\u0131 s\u00f6yledi. K\u0131l\u0131\u00e7daro\u011flu, &#8220;Ankara&#8217;da bir g\u00fc\u00e7 adaletin \u00f6n\u00fcn\u00fc t\u0131kamaya \u00e7al\u0131\u015f\u0131yor. Yarg\u0131n\u0131n g\u00f6revi olaylar\u0131 kapatmak de\u011fil, adaleti teslim etmektir&#8221; dedi. CHP lideri K\u0131l\u0131\u00e7daro\u011flu, TBMM&#8217;de partisinin grup toplant\u0131s\u0131nda konu\u015ftu. K\u0131l\u0131\u00e7daro\u011flu Rabia Naz olay\u0131 hakk\u0131nda \u015funlar\u0131 s\u00f6yledi: &hellip;<\/p>\n","protected":false},"author":4,"featured_media":278960,"comment_status":"open","ping_status":"open","sticky":false,"template":"","format":"standard","meta":{"_acf_changed":false,"footnotes":""},"categories":[6155,5005,6202,349],"tags":[8723,219887,5115,219886],"class_list":["post-278959","post","type-post","status-publish","format-standard","has-post-thumbnail","hentry","category-gundem","category-manset","category-politika","category-son-dakika","tag-chp","tag-eynesil","tag-kemal-kilicdaroglu","tag-rabia-naz"],"acf":[],"_links":{"self":[{"href":"https:\/\/www.nationalturk.com\/tr\/wp-json\/wp\/v2\/posts\/278959","targetHints":{"allow":["GET"]}}],"collection":[{"href":"https:\/\/www.nationalturk.com\/tr\/wp-json\/wp\/v2\/posts"}],"about":[{"href":"https:\/\/www.nationalturk.com\/tr\/wp-json\/wp\/v2\/types\/post"}],"author":[{"embeddable":true,"href":"https:\/\/www.nationalturk.com\/tr\/wp-json\/wp\/v2\/users\/4"}],"replies":[{"embeddable":true,"href":"https:\/\/www.nationalturk.com\/tr\/wp-json\/wp\/v2\/comments?post=278959"}],"version-history":[{"count":0,"href":"https:\/\/www.nationalturk.com\/tr\/wp-json\/wp\/v2\/posts\/278959\/revisions"}],"wp:featuredmedia":[{"embeddable":true,"href":"https:\/\/www.nationalturk.com\/tr\/wp-json\/wp\/v2\/media\/278960"}],"wp:attachment":[{"href":"https:\/\/www.nationalturk.com\/tr\/wp-json\/wp\/v2\/media?parent=278959"}],"wp:term":[{"taxonomy":"category","embeddable":true,"href":"https:\/\/www.nationalturk.com\/tr\/wp-json\/wp\/v2\/categories?post=278959"},{"taxonomy":"post_tag","embeddable":true,"href":"https:\/\/www.nationalturk.com\/tr\/wp-json\/wp\/v2\/tags?post=278959"}],"curies":[{"name":"wp","href":"https:\/\/api.w.org\/{rel}","templated":true}]}}