{"id":279000,"date":"2019-05-29T13:49:16","date_gmt":"2019-05-29T10:49:16","guid":{"rendered":"https:\/\/www.nationalturk.com\/?p=279000"},"modified":"2019-05-29T17:26:55","modified_gmt":"2019-05-29T14:26:55","slug":"igrenc-kitabin-yazari-ve-yayincisi-gozaltina-alindi","status":"publish","type":"post","link":"https:\/\/www.nationalturk.com\/tr\/igrenc-kitabin-yazari-ve-yayincisi-gozaltina-alindi\/","title":{"rendered":"\u0130\u011fren\u00e7 kitab\u0131n yazar\u0131 ve yay\u0131nc\u0131s\u0131 g\u00f6zalt\u0131na al\u0131nd\u0131"},"content":{"rendered":"<h2>Ankara Cumhuriyet Ba\u015fsavc\u0131l\u0131\u011f\u0131&#8217;nca, hakk\u0131nda soru\u015fturma ba\u015flat\u0131lan &#8216;pedofili&#8217; i\u00e7eren ifadelerin bulundu\u011fu kitab\u0131n bas\u0131ld\u0131\u011f\u0131 yay\u0131nevinin sahibi Alaattin Top\u00e7u, emniyete teslim olduktan sonra g\u00f6zalt\u0131na al\u0131nd\u0131.<\/h2>\n<p>K\u00fclt\u00fcr ve Turizm Bakanl\u0131\u011f\u0131&#8217;n\u0131n su\u00e7 duyurusu \u00fczerine Abdullah \u015eevki hakk\u0131nda kaleme ald\u0131\u011f\u0131 &#8216;Z\u00fcmr\u00fct Apartman\u0131&#8217; adl\u0131 kitapta yer alan baz\u0131 ibareler nedeniyle T\u00fcrk Ceza Kanunu&#8217;nun 226. maddesi uyar\u0131nca &#8216;m\u00fcstehcenlik&#8217; su\u00e7undan Ankara Cumhuriyet Ba\u015fsavc\u0131l\u0131\u011f\u0131&#8217;nca soru\u015fturma ba\u015flat\u0131ld\u0131.<\/p>\n<p>\u015eevki&#8217;nin soru\u015fturma kapsam\u0131nda g\u00f6zalt\u0131na al\u0131nmas\u0131n\u0131n ard\u0131ndan Ankara \u0130l Emniyet M\u00fcd\u00fcrl\u00fc\u011f\u00fc G\u00fcvenlik \u015eube M\u00fcd\u00fcrl\u00fc\u011f\u00fc&#8217;ne gelen kitab\u0131n bas\u0131ld\u0131\u011f\u0131 yay\u0131nevinin sahibi Alaattin Top\u00e7u da emniyete teslim olduktan sonra g\u00f6zalt\u0131na al\u0131nd\u0131.<\/p>\n<p>Aile, \u00c7al\u0131\u015fma ve Sosyal Hizmetler Bakanl\u0131\u011f\u0131&#8217;ndan yap\u0131lan a\u00e7\u0131klamada, s\u00f6z konusu kitaptaki ifadelerin, T\u00fcrk Ceza Kanunu&#8217;nun 226. maddesine ayk\u0131r\u0131l\u0131k te\u015fkil etti\u011fi gerek\u00e7esiyle yazar, bas\u0131m ve da\u011f\u0131t\u0131m\u0131n\u0131 yapan ki\u015filer hakk\u0131nda yasal i\u015flemlerin yap\u0131lmas\u0131 i\u00e7in Bakanl\u0131k Hukuk Hizmetleri Genel M\u00fcd\u00fcrl\u00fc\u011f\u00fc&#8217;nce gerekli yasal s\u00fcrecin ba\u015flat\u0131ld\u0131\u011f\u0131, ilgililer hakk\u0131nda da su\u00e7 duyurusunda bulunuldu\u011fu belirtilmi\u015fti.<\/p>\n<p>\u015eevki&#8217;nin kaleme ald\u0131\u011f\u0131 kitapla ilgili a\u00e7\u0131klama yapan Kurgu K\u00fclt\u00fcr Merkezi Yay\u0131nlar\u0131 M\u00fcd\u00fcr\u00fc Alaattin Top\u00e7u, &#8220;Sizin o karga beyniniz Abdullah \u015eevki&#8217;yi, Alaattin Top\u00e7u&#8217;yu ve kurguyu kald\u0131ramaz. O nedenle sizin lin\u00e7 k\u00fclt\u00fcr\u00fcn\u00fcz tarihin her d\u00f6neminde yenilgiye ve zavall\u0131l\u0131\u011fa mahkumdur&#8221; ifadelerini kullanm\u0131\u015ft\u0131.<\/p>\n<!-- Error, Advert is not available at this time due to schedule\/geolocation restrictions! -->\n","protected":false},"excerpt":{"rendered":"<p>Ankara Cumhuriyet Ba\u015fsavc\u0131l\u0131\u011f\u0131&#8217;nca, hakk\u0131nda soru\u015fturma ba\u015flat\u0131lan &#8216;pedofili&#8217; i\u00e7eren ifadelerin bulundu\u011fu kitab\u0131n bas\u0131ld\u0131\u011f\u0131 yay\u0131nevinin sahibi Alaattin Top\u00e7u, emniyete teslim olduktan sonra g\u00f6zalt\u0131na al\u0131nd\u0131. K\u00fclt\u00fcr ve Turizm Bakanl\u0131\u011f\u0131&#8217;n\u0131n su\u00e7 duyurusu \u00fczerine Abdullah \u015eevki hakk\u0131nda kaleme ald\u0131\u011f\u0131 &#8216;Z\u00fcmr\u00fct Apartman\u0131&#8217; adl\u0131 kitapta yer alan baz\u0131 ibareler nedeniyle T\u00fcrk Ceza Kanunu&#8217;nun 226. maddesi uyar\u0131nca &#8216;m\u00fcstehcenlik&#8217; su\u00e7undan Ankara Cumhuriyet Ba\u015fsavc\u0131l\u0131\u011f\u0131&#8217;nca soru\u015fturma &hellip;<\/p>\n","protected":false},"author":4,"featured_media":279001,"comment_status":"open","ping_status":"open","sticky":false,"template":"","format":"standard","meta":{"_acf_changed":false,"footnotes":""},"categories":[6155,349,6805],"tags":[219890,219891,219892],"class_list":["post-279000","post","type-post","status-publish","format-standard","has-post-thumbnail","hentry","category-gundem","category-son-dakika","category-turkiye","tag-abdullah-sevki","tag-alaattin-topcu","tag-zumrut-apartmani"],"acf":[],"_links":{"self":[{"href":"https:\/\/www.nationalturk.com\/tr\/wp-json\/wp\/v2\/posts\/279000","targetHints":{"allow":["GET"]}}],"collection":[{"href":"https:\/\/www.nationalturk.com\/tr\/wp-json\/wp\/v2\/posts"}],"about":[{"href":"https:\/\/www.nationalturk.com\/tr\/wp-json\/wp\/v2\/types\/post"}],"author":[{"embeddable":true,"href":"https:\/\/www.nationalturk.com\/tr\/wp-json\/wp\/v2\/users\/4"}],"replies":[{"embeddable":true,"href":"https:\/\/www.nationalturk.com\/tr\/wp-json\/wp\/v2\/comments?post=279000"}],"version-history":[{"count":0,"href":"https:\/\/www.nationalturk.com\/tr\/wp-json\/wp\/v2\/posts\/279000\/revisions"}],"wp:featuredmedia":[{"embeddable":true,"href":"https:\/\/www.nationalturk.com\/tr\/wp-json\/wp\/v2\/media\/279001"}],"wp:attachment":[{"href":"https:\/\/www.nationalturk.com\/tr\/wp-json\/wp\/v2\/media?parent=279000"}],"wp:term":[{"taxonomy":"category","embeddable":true,"href":"https:\/\/www.nationalturk.com\/tr\/wp-json\/wp\/v2\/categories?post=279000"},{"taxonomy":"post_tag","embeddable":true,"href":"https:\/\/www.nationalturk.com\/tr\/wp-json\/wp\/v2\/tags?post=279000"}],"curies":[{"name":"wp","href":"https:\/\/api.w.org\/{rel}","templated":true}]}}