{"id":279051,"date":"2019-05-30T15:30:25","date_gmt":"2019-05-30T12:30:25","guid":{"rendered":"https:\/\/www.nationalturk.com\/?p=279051"},"modified":"2019-05-30T15:30:25","modified_gmt":"2019-05-30T12:30:25","slug":"besiktasin-anlastigi-avci-basaksehirden-resmen-ayrildi","status":"publish","type":"post","link":"https:\/\/www.nationalturk.com\/tr\/besiktasin-anlastigi-avci-basaksehirden-resmen-ayrildi\/","title":{"rendered":"Be\u015fikta\u015f&#8217;\u0131n anla\u015ft\u0131\u011f\u0131 Avc\u0131 Ba\u015fak\u015fehir&#8217;den resmen ayr\u0131ld\u0131"},"content":{"rendered":"<h2>\u0130stanbul Ba\u015fak\u015fehir Futbol Kul\u00fcb\u00fc, teknik direkt\u00f6r Abdullah Avc\u0131 ile yollar\u0131n ayr\u0131ld\u0131\u011f\u0131n\u0131 a\u00e7\u0131klad\u0131. Avc\u0131\u2019n\u0131n Be\u015fikta\u015f ile s\u00f6zle\u015fme imzalamas\u0131 bekleniyor.<\/h2>\n<p>Kul\u00fcb\u00fcn internet sitesinde yer alan a\u00e7\u0131klamada, \u201c\u0130stanbul Ba\u015fak\u015fehir Futbol Kul\u00fcb\u00fc kuruldu\u011fu g\u00fcnden bu yana tak\u0131m\u0131m\u0131z\u0131n teknik direkt\u00f6rl\u00fc\u011f\u00fcn\u00fc yapan, ba\u015fkan\u0131m\u0131z Say\u0131n G\u00f6ksel G\u00fcm\u00fc\u015fda\u011f\u2019\u0131n 13 y\u0131ll\u0131k yol arkada\u015f\u0131 ve de\u011ferli dostu Abdullah Avc\u0131 ile yapt\u0131\u011f\u0131m\u0131z g\u00f6r\u00fc\u015fmeler neticesinde, kendisinin iste\u011fi do\u011frultusunda kar\u015f\u0131l\u0131kl\u0131 olarak anla\u015farak yollar\u0131m\u0131z ayr\u0131lm\u0131\u015ft\u0131r.\u201d ifadeleri kullan\u0131ld\u0131.<\/p>\n<p>Turuncu-lacivertli kul\u00fcbe verdi\u011fi emeklerden dolay\u0131 Abdullah Avc\u0131\u2019ya te\u015fekk\u00fcr edilen a\u00e7\u0131klamada, \u015funlar kaydedildi:<\/p>\n<p>\u201cFutbolun bilimsel yan\u0131na \u00f6nem veren, karakteri ve duru\u015fuyla T\u00fcrk futbolu i\u00e7in \u00f6rnek bir profil olan Abdullah Avc\u0131 ile uzun y\u0131llard\u0131r s\u00fcren birlikteli\u011fimiz, bug\u00fcn itibar\u0131yla sona ermi\u015f bulunmaktad\u0131r. Kul\u00fcb\u00fcm\u00fcz\u00fcn geli\u015fme ve b\u00fcy\u00fcme s\u00fcrecinde verdi\u011fi t\u00fcm emekler i\u00e7in Abdullah Avc\u0131\u2019ya te\u015fekk\u00fcr ediyor, kariyerinin geri kalan b\u00f6l\u00fcm\u00fcnde ba\u015far\u0131lar diliyoruz.\u201d<\/p>\n<!-- Error, Advert is not available at this time due to schedule\/geolocation restrictions! -->\n","protected":false},"excerpt":{"rendered":"<p>\u0130stanbul Ba\u015fak\u015fehir Futbol Kul\u00fcb\u00fc, teknik direkt\u00f6r Abdullah Avc\u0131 ile yollar\u0131n ayr\u0131ld\u0131\u011f\u0131n\u0131 a\u00e7\u0131klad\u0131. Avc\u0131\u2019n\u0131n Be\u015fikta\u015f ile s\u00f6zle\u015fme imzalamas\u0131 bekleniyor. Kul\u00fcb\u00fcn internet sitesinde yer alan a\u00e7\u0131klamada, \u201c\u0130stanbul Ba\u015fak\u015fehir Futbol Kul\u00fcb\u00fc kuruldu\u011fu g\u00fcnden bu yana tak\u0131m\u0131m\u0131z\u0131n teknik direkt\u00f6rl\u00fc\u011f\u00fcn\u00fc yapan, ba\u015fkan\u0131m\u0131z Say\u0131n G\u00f6ksel G\u00fcm\u00fc\u015fda\u011f\u2019\u0131n 13 y\u0131ll\u0131k yol arkada\u015f\u0131 ve de\u011ferli dostu Abdullah Avc\u0131 ile yapt\u0131\u011f\u0131m\u0131z g\u00f6r\u00fc\u015fmeler neticesinde, kendisinin iste\u011fi &hellip;<\/p>\n","protected":false},"author":4,"featured_media":279052,"comment_status":"open","ping_status":"open","sticky":false,"template":"","format":"standard","meta":{"_acf_changed":false,"footnotes":""},"categories":[6774,6155,5005,349],"tags":[64548,1748],"class_list":["post-279051","post","type-post","status-publish","format-standard","has-post-thumbnail","hentry","category-futbol","category-gundem","category-manset","category-son-dakika","tag-abdullah-avci","tag-besiktas"],"acf":[],"_links":{"self":[{"href":"https:\/\/www.nationalturk.com\/tr\/wp-json\/wp\/v2\/posts\/279051","targetHints":{"allow":["GET"]}}],"collection":[{"href":"https:\/\/www.nationalturk.com\/tr\/wp-json\/wp\/v2\/posts"}],"about":[{"href":"https:\/\/www.nationalturk.com\/tr\/wp-json\/wp\/v2\/types\/post"}],"author":[{"embeddable":true,"href":"https:\/\/www.nationalturk.com\/tr\/wp-json\/wp\/v2\/users\/4"}],"replies":[{"embeddable":true,"href":"https:\/\/www.nationalturk.com\/tr\/wp-json\/wp\/v2\/comments?post=279051"}],"version-history":[{"count":0,"href":"https:\/\/www.nationalturk.com\/tr\/wp-json\/wp\/v2\/posts\/279051\/revisions"}],"wp:featuredmedia":[{"embeddable":true,"href":"https:\/\/www.nationalturk.com\/tr\/wp-json\/wp\/v2\/media\/279052"}],"wp:attachment":[{"href":"https:\/\/www.nationalturk.com\/tr\/wp-json\/wp\/v2\/media?parent=279051"}],"wp:term":[{"taxonomy":"category","embeddable":true,"href":"https:\/\/www.nationalturk.com\/tr\/wp-json\/wp\/v2\/categories?post=279051"},{"taxonomy":"post_tag","embeddable":true,"href":"https:\/\/www.nationalturk.com\/tr\/wp-json\/wp\/v2\/tags?post=279051"}],"curies":[{"name":"wp","href":"https:\/\/api.w.org\/{rel}","templated":true}]}}