{"id":279065,"date":"2019-05-31T10:15:37","date_gmt":"2019-05-31T07:15:37","guid":{"rendered":"https:\/\/www.nationalturk.com\/?p=279065"},"modified":"2019-05-31T10:18:46","modified_gmt":"2019-05-31T07:18:46","slug":"futbol-kimin-icin-oynaniyor","status":"publish","type":"post","link":"https:\/\/www.nationalturk.com\/tr\/futbol-kimin-icin-oynaniyor\/","title":{"rendered":"Futbol kimin i\u00e7in oynan\u0131yor?"},"content":{"rendered":"<h2>NationalTurk yorumcusu M\u00fcsl\u00fcm G\u00fclhan&#8217;\u0131n bu haftaki &#8220;Futbol kimin i\u00e7in oynan\u0131yor?&#8221; ba\u015fl\u0131kl\u0131 yaz\u0131s\u0131;<\/h2>\n<p>1996 y\u0131l\u0131nda, dijital yay\u0131nc\u0131l\u0131\u011f\u0131n futbol ma\u00e7lar\u0131 i\u00e7in ihaleye girip ciddi mebla\u011flar \u00f6demesiyle birlikte, futbola olan i\u015ftah futbolun kendi beklentileri i\u00e7inden de\u011fil de \u00e7evre dinamiklerden gelmeye ba\u015flad\u0131.<\/p>\n<p>1996 \u00f6ncesinde kendi ya\u011f\u0131yla kavrulmas\u0131 ve sahip oldu\u011fu k\u00fclt\u00fcr de\u011ferleri \u00fczerinden y\u00fcr\u00fcmesi, futbolun candan sevilmesine neden oldu.<\/p>\n<p>\u0130n\u00f6n\u00fc ve Ali Sami Yen statlar\u0131ndaki ma\u00e7larda, seyircinin yar\u0131 yar\u0131ya olmas\u0131 ayn\u0131 zamanda rekabetin canl\u0131 ve g\u00fcncel olarak kalmas\u0131na neden oldu.<\/p>\n<p>Bu rekabet duygusundaki temiz talepler ve kar\u015f\u0131l\u0131ks\u0131z sevgi de\u011ferleri art\u0131k bir \u00f6zlem olarak i\u00e7imizde kald\u0131.<\/p>\n<p>Bunlar\u0131 kaybetmeden de\u011fi\u015fimi sa\u011flamak olmas\u0131 gerekendi ki bu her \u015feyin korunmas\u0131 anlam\u0131na gelecekti.<\/p>\n<p>Her \u015feyi kaybettik!<\/p>\n<p>\u0130nsanl\u0131\u011f\u0131m\u0131z i\u00e7indeki temiz olan ne varsa kaybettik.<\/p>\n<p>Renkleri, desenleri, k\u00fclt\u00fcrleri, idolleri ve sayg\u0131y\u0131 kaybettik.<\/p>\n<p>De\u011fi\u015fim olarak adland\u0131r\u0131lan s\u00fcre\u00e7, var olan\u0131 yok etme \u00fczerine kurgulanmaz. \u0130\u00e7inde ayn\u0131 kesitin dinamiklerini korumak vas\u0131tas\u0131yla yeni kurgular\u0131 eklemek anlam\u0131na gelir. Bu oran zaman i\u00e7inde de\u011fi\u015febilir, \u00f6nemli olan diyalektik kurgunun devaml\u0131l\u0131\u011f\u0131d\u0131r.<\/p>\n<p>Gelinen yer ise; de\u011fi\u015fim kurgusunun dinamikleriyle ba\u011fda\u015fmayan ve tamamen deforme edilmi\u015f \u2018nema\u2019 ve \u2018rant\u2019 \u00fczerine kurgulanm\u0131\u015f bir yap\u0131.<\/p>\n<p>Bu kurgunun olu\u015fmas\u0131na neden olan insan profilleri zaten ne olmas\u0131 gerekti\u011finin cevab\u0131n\u0131 veriyor.<\/p>\n<p>Bu profiller ba\u015fkan olabilir, kul\u00fcp y\u00f6neticileri olabilir, teknik direkt\u00f6r olabilir, k\u00f6\u015fe yazar\u0131 olabilir, menajer olabilir, MHK ba\u015fkan\u0131 olabilir, TFF ba\u015fkan\u0131 olabilir.<br \/>\nElde edilen ba\u015far\u0131 ve ba\u015far\u0131s\u0131zl\u0131klar\u0131 sa\u011flayan t\u00fcm olu\u015fumlara bakt\u0131\u011f\u0131m\u0131zda, hi\u00e7birinin futbolun veya sporun kendi ko\u015fullar\u0131 i\u00e7inde ger\u00e7ekle\u015fen etkilerin sonucunda olmad\u0131\u011f\u0131n\u0131 \u00e7ok rahat g\u00f6r\u00fcyoruz.<\/p>\n<p>H\u00fcsn\u00fc G\u00fcreli\u2019nin Galatasaray\u2019\u0131n \u015fampiyonluk kupa t\u00f6renindeki tavr\u0131nda, ortaya \u00e7\u0131kan foto\u011fraf\u0131n i\u00e7eri\u011fi burada sakl\u0131d\u0131r. Ve iyi bir \u00f6rnektir.<\/p>\n<p>\u201cT\u00fcrkiye Varl\u0131k Fonu\u2019nun (TVF) 2017 ba\u011f\u0131ms\u0131z denetimini Baker Tilly G\u00fcreli Yeminli Mali M\u00fc\u015favirlik yapacak. Ticaret Sicili\u2019nde ge\u00e7en ad\u0131yla G\u00fcreli\u2019nin denetleyece\u011fi TVF, 40 milyar dolarl\u0131k kamu sermayeli \u015firket\/banka portf\u00f6y\u00fcn\u00fc elinde tutuyor.<\/p>\n<p>Kamu \u015firketlerini y\u00f6neten bir \u015firketin, \u00f6zel \u015firket taraf\u0131ndan denetlenmesi\u2026 Kendi y\u00f6netim prati\u011fimizde benzeri olmayan bir s\u00fcre\u00e7ten s\u00f6z ediyoruz. Y\u00f6netim Kurulu Ba\u015fkan\u0131 avukat H\u00fcsn\u00fc G\u00fcreli, ayn\u0131 zamanda T\u00fcrkiye Futbol Federasyonu Ba\u015fkan vekili, icra kurulu \u00fcyesi. Camiada Be\u015fikta\u015f\u2019\u0131 halka arza haz\u0131rlayan isim olarak da tan\u0131n\u0131yor.\u201d \u00c7i\u011fdem Toker\u2019in k\u00f6\u015fe yaz\u0131s\u0131ndan al\u0131nt\u0131.<\/p>\n<p>650 milyon avro piyasa de\u011ferine ula\u015fan S\u00fcper Ligin bar\u0131nd\u0131rd\u0131\u011f\u0131 i\u015ftah, buralardaki kurgunun art\u0131k siyasi yap\u0131n\u0131n d\u0131\u015f\u0131na \u00e7\u0131kmas\u0131n\u0131 imk\u00e2ns\u0131z hale getiriyor.<\/p>\n<p>Nihat \u00d6zdemir\u2019in TFF ba\u015fkan aday\u0131 olmas\u0131n\u0131n gerek\u00e7esi san\u0131r\u0131m \u00d6zdemir\u2019in spor y\u00f6neticili\u011fi bilgisine dayanan donan\u0131mlar\u0131nda sakl\u0131 de\u011fildir. Belki \u015fu ili\u015fkide sakl\u0131 olabilir: \u201cD\u00fcnya Bankas\u0131 verilerine g\u00f6re altyap\u0131 yat\u0131r\u0131mlar\u0131nda en fazla kamu ihalesi alan \u015firketlerin ba\u015f\u0131nda Limak Holding geliyor.\u201d<\/p>\n<p>Siyasi kurgunun futbol \u00fczerindeki etkisi; art\u0131k, TFF ba\u015fkanl\u0131\u011f\u0131 i\u00e7in masa ba\u015f\u0131ndaki sonucun genel kurulda tatbiki \u015feklinde olmas\u0131n\u0131 sa\u011fl\u0131yor. Herkes bunun i\u00e7inde bir fig\u00fcr olmaktan \u00f6teye gidemiyor.<\/p>\n<p>Sistem kendi fig\u00fcrlerini yarat\u0131r.<\/p>\n<p>Abd\u00fcrrahim Albayrak da bu fig\u00fcrlerin g\u00fcn\u00fcm\u00fcz kurgusu i\u00e7indeki en etkili ismidir. S\u00f6ylemlerinin ve tepkilerinin dayana\u011f\u0131nda da sistem i\u00e7inde elde etti\u011fi \u00f6zg\u00fcvenin kar\u015f\u0131l\u0131\u011f\u0131 var. \u00c7\u00fcnk\u00fc, esnaf profilindeki bir ki\u015fi sa\u011flad\u0131\u011f\u0131 avantajlar\u0131 kaybetmeyi kabul etmez, sadakatinin kar\u015f\u0131l\u0131\u011f\u0131n\u0131n verilmesi onun i\u00e7in olmazsa olmazd\u0131r.<\/p>\n<p>Fenerbah\u00e7e\u2019nin Emre hamlesiyle Be\u015fikta\u015f\u2019\u0131n Abdullah Avc\u0131 hamlesini b\u00f6yle de\u011ferlendirmek gerekir. Herkes ve her kul\u00fcp masa ba\u015f\u0131nda mevzi kazan\u0131p m\u0131nt\u0131ka temizli\u011fi yapmak istiyor.<\/p>\n<p>Sahadaki oyunun sadece masa ba\u015f\u0131n\u0131n bir kurgusu oldu\u011funu art\u0131k herkes kabul etti.<\/p>\n<p>T\u00fcrkiye futbolu y\u00f6resel \u015fampiyonlu\u011fun i\u00e7ine s\u0131k\u0131\u015ft\u0131r\u0131larak kullan\u0131lan ara\u00e7 haline getirildi. Teknik ve taktik yetersizli\u011fine kar\u015f\u0131 se\u00e7ilen isimlerin bu amaca uygun ili\u015fkileri (!) belirleyici konuma geldi.<\/p>\n<p>Herkese hay\u0131rl\u0131 olsun.<\/p>\n<p><strong>M\u00fcsl\u00fcm G\u00fclhan \/ NationalTurk<\/strong><\/p>\n<!-- Error, Advert is not available at this time due to schedule\/geolocation restrictions! -->\n","protected":false},"excerpt":{"rendered":"<p>NationalTurk yorumcusu M\u00fcsl\u00fcm G\u00fclhan&#8217;\u0131n bu haftaki &#8220;Futbol kimin i\u00e7in oynan\u0131yor?&#8221; ba\u015fl\u0131kl\u0131 yaz\u0131s\u0131; 1996 y\u0131l\u0131nda, dijital yay\u0131nc\u0131l\u0131\u011f\u0131n futbol ma\u00e7lar\u0131 i\u00e7in ihaleye girip ciddi mebla\u011flar \u00f6demesiyle birlikte, futbola olan i\u015ftah futbolun kendi beklentileri i\u00e7inden de\u011fil de \u00e7evre dinamiklerden gelmeye ba\u015flad\u0131. 1996 \u00f6ncesinde kendi ya\u011f\u0131yla kavrulmas\u0131 ve sahip oldu\u011fu k\u00fclt\u00fcr de\u011ferleri \u00fczerinden y\u00fcr\u00fcmesi, futbolun candan sevilmesine neden oldu. &hellip;<\/p>\n","protected":false},"author":9192211,"featured_media":253376,"comment_status":"open","ping_status":"open","sticky":false,"template":"","format":"standard","meta":{"_acf_changed":false,"footnotes":""},"categories":[6774,6155,26554,5005],"tags":[41627,4114,74036],"class_list":["post-279065","post","type-post","status-publish","format-standard","has-post-thumbnail","hentry","category-futbol","category-gundem","category-haftanin-yorumu","category-manset","tag-abdurrahim-albayrak","tag-galatasaray","tag-husnu-gureli"],"acf":[],"_links":{"self":[{"href":"https:\/\/www.nationalturk.com\/tr\/wp-json\/wp\/v2\/posts\/279065","targetHints":{"allow":["GET"]}}],"collection":[{"href":"https:\/\/www.nationalturk.com\/tr\/wp-json\/wp\/v2\/posts"}],"about":[{"href":"https:\/\/www.nationalturk.com\/tr\/wp-json\/wp\/v2\/types\/post"}],"author":[{"embeddable":true,"href":"https:\/\/www.nationalturk.com\/tr\/wp-json\/wp\/v2\/users\/9192211"}],"replies":[{"embeddable":true,"href":"https:\/\/www.nationalturk.com\/tr\/wp-json\/wp\/v2\/comments?post=279065"}],"version-history":[{"count":0,"href":"https:\/\/www.nationalturk.com\/tr\/wp-json\/wp\/v2\/posts\/279065\/revisions"}],"wp:featuredmedia":[{"embeddable":true,"href":"https:\/\/www.nationalturk.com\/tr\/wp-json\/wp\/v2\/media\/253376"}],"wp:attachment":[{"href":"https:\/\/www.nationalturk.com\/tr\/wp-json\/wp\/v2\/media?parent=279065"}],"wp:term":[{"taxonomy":"category","embeddable":true,"href":"https:\/\/www.nationalturk.com\/tr\/wp-json\/wp\/v2\/categories?post=279065"},{"taxonomy":"post_tag","embeddable":true,"href":"https:\/\/www.nationalturk.com\/tr\/wp-json\/wp\/v2\/tags?post=279065"}],"curies":[{"name":"wp","href":"https:\/\/api.w.org\/{rel}","templated":true}]}}