{"id":279106,"date":"2019-06-01T12:49:05","date_gmt":"2019-06-01T09:49:05","guid":{"rendered":"https:\/\/www.nationalturk.com\/?p=279106"},"modified":"2019-06-01T12:49:05","modified_gmt":"2019-06-01T09:49:05","slug":"digerleri-imza-toplayamadi-tek-aday-nihat-ozdemir","status":"publish","type":"post","link":"https:\/\/www.nationalturk.com\/tr\/digerleri-imza-toplayamadi-tek-aday-nihat-ozdemir\/","title":{"rendered":"Di\u011ferleri imza toplayamad\u0131, tek aday Nihat \u00d6zdemir"},"content":{"rendered":"<h2>T\u00fcrkiye Futbol Federasyonu Ola\u011fan Se\u00e7imli Genel Kurulu&#8217;nda Ayhan Sa\u011falt\u0131c\u0131&#8217;n\u0131n ba\u015fkan adayl\u0131\u011f\u0131 i\u00e7in yeterli imza toplayamad\u0131\u011f\u0131 tespit edildi. Nihat \u00d6zdemir, se\u00e7ime tek aday olarak girecek.<\/h2>\n<p>T\u00fcrkiye Futbol Federasyonu (TFF) Ola\u011fan Se\u00e7imli Genel Kurulu&#8217;na Nihat \u00d6zdemir, tek ba\u015fkan aday\u0131 olarak girecek.<\/p>\n<p>Ankara&#8217;daki JW Marriott Otel&#8217;de ger\u00e7ekle\u015ftirilen genel kurulda kongre divan ba\u015fkanl\u0131\u011f\u0131n\u0131 yapan Spor Hizmetleri Genel M\u00fcd\u00fcr\u00fc Mehmet Baykan, Ayhan Sa\u011falt\u0131c\u0131&#8217;n\u0131n yeterli imzay\u0131 toplayamad\u0131\u011f\u0131n\u0131n tespit edildi\u011fini belirtti.<\/p>\n<p>Baykan, &#8220;60&#8217;\u0131n \u00fczerinde imza toplam\u0131\u015f sadece Nihat \u00d6zdemir Bey var. Dolay\u0131s\u0131yla TFF Ola\u011fan Se\u00e7imli Genel Kurulu&#8217;nun tek ba\u015fkan aday\u0131 Nihat \u00d6zdemir&#8217;dir.&#8221; ifadelerini kulland\u0131.<\/p>\n<!-- Error, Advert is not available at this time due to schedule\/geolocation restrictions! -->\n","protected":false},"excerpt":{"rendered":"<p>T\u00fcrkiye Futbol Federasyonu Ola\u011fan Se\u00e7imli Genel Kurulu&#8217;nda Ayhan Sa\u011falt\u0131c\u0131&#8217;n\u0131n ba\u015fkan adayl\u0131\u011f\u0131 i\u00e7in yeterli imza toplayamad\u0131\u011f\u0131 tespit edildi. Nihat \u00d6zdemir, se\u00e7ime tek aday olarak girecek. T\u00fcrkiye Futbol Federasyonu (TFF) Ola\u011fan Se\u00e7imli Genel Kurulu&#8217;na Nihat \u00d6zdemir, tek ba\u015fkan aday\u0131 olarak girecek. Ankara&#8217;daki JW Marriott Otel&#8217;de ger\u00e7ekle\u015ftirilen genel kurulda kongre divan ba\u015fkanl\u0131\u011f\u0131n\u0131 yapan Spor Hizmetleri Genel M\u00fcd\u00fcr\u00fc Mehmet &hellip;<\/p>\n","protected":false},"author":4,"featured_media":279107,"comment_status":"open","ping_status":"open","sticky":false,"template":"","format":"standard","meta":{"_acf_changed":false,"footnotes":""},"categories":[6774,6155,5005,349],"tags":[5170,6477],"class_list":["post-279106","post","type-post","status-publish","format-standard","has-post-thumbnail","hentry","category-futbol","category-gundem","category-manset","category-son-dakika","tag-nihat-ozdemir","tag-tff"],"acf":[],"_links":{"self":[{"href":"https:\/\/www.nationalturk.com\/tr\/wp-json\/wp\/v2\/posts\/279106","targetHints":{"allow":["GET"]}}],"collection":[{"href":"https:\/\/www.nationalturk.com\/tr\/wp-json\/wp\/v2\/posts"}],"about":[{"href":"https:\/\/www.nationalturk.com\/tr\/wp-json\/wp\/v2\/types\/post"}],"author":[{"embeddable":true,"href":"https:\/\/www.nationalturk.com\/tr\/wp-json\/wp\/v2\/users\/4"}],"replies":[{"embeddable":true,"href":"https:\/\/www.nationalturk.com\/tr\/wp-json\/wp\/v2\/comments?post=279106"}],"version-history":[{"count":0,"href":"https:\/\/www.nationalturk.com\/tr\/wp-json\/wp\/v2\/posts\/279106\/revisions"}],"wp:featuredmedia":[{"embeddable":true,"href":"https:\/\/www.nationalturk.com\/tr\/wp-json\/wp\/v2\/media\/279107"}],"wp:attachment":[{"href":"https:\/\/www.nationalturk.com\/tr\/wp-json\/wp\/v2\/media?parent=279106"}],"wp:term":[{"taxonomy":"category","embeddable":true,"href":"https:\/\/www.nationalturk.com\/tr\/wp-json\/wp\/v2\/categories?post=279106"},{"taxonomy":"post_tag","embeddable":true,"href":"https:\/\/www.nationalturk.com\/tr\/wp-json\/wp\/v2\/tags?post=279106"}],"curies":[{"name":"wp","href":"https:\/\/api.w.org\/{rel}","templated":true}]}}