{"id":279211,"date":"2019-06-11T12:13:49","date_gmt":"2019-06-11T09:13:49","guid":{"rendered":"https:\/\/www.nationalturk.com\/?p=279211"},"modified":"2019-06-11T12:13:49","modified_gmt":"2019-06-11T09:13:49","slug":"cumhurbaskani-kabul-etti-yunanistan-erken-secime-gidiyor","status":"publish","type":"post","link":"https:\/\/www.nationalturk.com\/tr\/cumhurbaskani-kabul-etti-yunanistan-erken-secime-gidiyor\/","title":{"rendered":"Cumhurba\u015fkan\u0131 kabul etti, Yunanistan erken se\u00e7ime gidiyor"},"content":{"rendered":"<h2>Yunanistan Cumhurba\u015fkan\u0131 Prokopis Pavlopoulos, Ba\u015fbakan Aleksis \u00c7ipras\u2019\u0131n g\u00f6rev s\u00fcresinin bitmesine d\u00f6rt ay kala parlamentonun feshedilerek erken se\u00e7ime gidilmesi talebini kabul etti.<\/h2>\n<p>Yunanistan Cumhurba\u015fkan\u0131 Prokopis Pavlopoulos taraf\u0131ndan kabul edilen \u00c7ipras, &#8220;Sizden, Anayasa&#8217;ya dayanarak meclisi feshedip halk\u0131n verdi\u011fi yetkiyi yenilemek i\u00e7in erken se\u00e7im ilan etmenizi rica ediyorum.&#8221; demi\u015fti.<\/p>\n<p>\u00c7ipras, genel se\u00e7imlere normal \u015fartlarda daha 4 ay oldu\u011funu belirterek, &#8220;Bu durumun ulusal ekonomimizin d\u00fczg\u00fcn gidi\u015fat\u0131na tehdit olu\u015fturmamas\u0131 benim sorumlulu\u011fum. Verimli bir d\u00f6neme girdi\u011fimiz bu gidi\u015fat\u0131n hi\u00e7bir \u015fekilde sekteye u\u011framamas\u0131 gerekir.&#8221; diye konu\u015ftu. <\/p>\n<p>Pavlopoulos ise \u00c7ipras&#8217;\u0131n talebini kabul etti\u011fini, gerekli d\u00fczenlemenin uygulamaya konulaca\u011f\u0131n\u0131 s\u00f6yledi. <\/p>\n<p>G\u00f6r\u00fc\u015fmenin ard\u0131ndan, erken se\u00e7imin 7 Temmuz&#8217;da d\u00fczenlenmesi i\u00e7in Cumhurba\u015fkanl\u0131\u011f\u0131 kararnamesinin yay\u0131nlanmas\u0131 bekleniyor. B\u00f6ylece, Yunanistan erken se\u00e7im d\u00f6nemine girmi\u015f olacak. <\/p>\n<p>\u00c7ipras, 26 May\u0131s&#8217;ta ger\u00e7ekle\u015ftirilen Avrupa Parlamentosu (AP) se\u00e7imlerinde partisi SYRIZA&#8217;n\u0131n, ana muhalefetteki Yeni Demokrasi (ND) partisinin \u00f6nemli oranda gerisinde kalmas\u0131 \u00fczerine erken se\u00e7im karar\u0131 alm\u0131\u015ft\u0131.<\/p>\n<!-- Error, Advert is not available at this time due to schedule\/geolocation restrictions! -->\n","protected":false},"excerpt":{"rendered":"<p>Yunanistan Cumhurba\u015fkan\u0131 Prokopis Pavlopoulos, Ba\u015fbakan Aleksis \u00c7ipras\u2019\u0131n g\u00f6rev s\u00fcresinin bitmesine d\u00f6rt ay kala parlamentonun feshedilerek erken se\u00e7ime gidilmesi talebini kabul etti. Yunanistan Cumhurba\u015fkan\u0131 Prokopis Pavlopoulos taraf\u0131ndan kabul edilen \u00c7ipras, &#8220;Sizden, Anayasa&#8217;ya dayanarak meclisi feshedip halk\u0131n verdi\u011fi yetkiyi yenilemek i\u00e7in erken se\u00e7im ilan etmenizi rica ediyorum.&#8221; demi\u015fti. \u00c7ipras, genel se\u00e7imlere normal \u015fartlarda daha 4 ay oldu\u011funu &hellip;<\/p>\n","protected":false},"author":4,"featured_media":278892,"comment_status":"open","ping_status":"open","sticky":false,"template":"","format":"standard","meta":{"_acf_changed":false,"footnotes":""},"categories":[6770,6155,5005,349],"tags":[162550,184842,1202],"class_list":["post-279211","post","type-post","status-publish","format-standard","has-post-thumbnail","hentry","category-avrupa","category-gundem","category-manset","category-son-dakika","tag-aleksis-cipras","tag-prokopis-pavlopoulos","tag-yunanistan"],"acf":[],"_links":{"self":[{"href":"https:\/\/www.nationalturk.com\/tr\/wp-json\/wp\/v2\/posts\/279211","targetHints":{"allow":["GET"]}}],"collection":[{"href":"https:\/\/www.nationalturk.com\/tr\/wp-json\/wp\/v2\/posts"}],"about":[{"href":"https:\/\/www.nationalturk.com\/tr\/wp-json\/wp\/v2\/types\/post"}],"author":[{"embeddable":true,"href":"https:\/\/www.nationalturk.com\/tr\/wp-json\/wp\/v2\/users\/4"}],"replies":[{"embeddable":true,"href":"https:\/\/www.nationalturk.com\/tr\/wp-json\/wp\/v2\/comments?post=279211"}],"version-history":[{"count":0,"href":"https:\/\/www.nationalturk.com\/tr\/wp-json\/wp\/v2\/posts\/279211\/revisions"}],"wp:featuredmedia":[{"embeddable":true,"href":"https:\/\/www.nationalturk.com\/tr\/wp-json\/wp\/v2\/media\/278892"}],"wp:attachment":[{"href":"https:\/\/www.nationalturk.com\/tr\/wp-json\/wp\/v2\/media?parent=279211"}],"wp:term":[{"taxonomy":"category","embeddable":true,"href":"https:\/\/www.nationalturk.com\/tr\/wp-json\/wp\/v2\/categories?post=279211"},{"taxonomy":"post_tag","embeddable":true,"href":"https:\/\/www.nationalturk.com\/tr\/wp-json\/wp\/v2\/tags?post=279211"}],"curies":[{"name":"wp","href":"https:\/\/api.w.org\/{rel}","templated":true}]}}