{"id":279353,"date":"2019-06-15T11:51:40","date_gmt":"2019-06-15T08:51:40","guid":{"rendered":"https:\/\/www.nationalturk.com\/?p=279353"},"modified":"2019-06-15T11:51:40","modified_gmt":"2019-06-15T08:51:40","slug":"trump-kralice-ile-cok-eglendik","status":"publish","type":"post","link":"https:\/\/www.nationalturk.com\/tr\/trump-kralice-ile-cok-eglendik\/","title":{"rendered":"Trump: Krali\u00e7e ile \u00e7ok e\u011flendik"},"content":{"rendered":"<h2>ABD Ba\u015fkan\u0131 Donald Trump, \u0130ngiltere ziyareti s\u0131ras\u0131nda Krali\u00e7e II. Elizabeth\u2019in kendisiyle \u00e7ok e\u011flendi\u011fini ve yard\u0131mc\u0131lar\u0131n\u0131n Krali\u00e7eyi 25 y\u0131ld\u0131r ilk defa bu kadar e\u011flendi\u011fini g\u00f6rd\u00fcklerini s\u00f6yledi.<\/h2>\n<p>Trump, \u0130ngiltere\u2019ye yapt\u0131\u011f\u0131 ziyareti s\u0131ras\u0131nda Krali\u00e7e II. Elizabeth\u2019in kendisiyle ge\u00e7irdi\u011fi zaman hakk\u0131nda detaylar verdi.<\/p>\n<p>Ge\u00e7en hafta \u0130ngiltere&#8217;nin 93 ya\u015f\u0131ndaki Krali\u00e7esi\u2019nin davetlisi olarak Westminster Manast\u0131r\u0131\u2019n\u0131 ziyaret eden Trump, Buckingham Saray\u0131\u2019nda e\u015fi Melania Trump\u2019la yemek davetine kat\u0131ld\u0131. Trump, Krali\u00e7e\u2019nin yard\u0131mc\u0131lar\u0131n\u0131n kendisine \u201cyirmi be\u015f y\u0131ldan fazla s\u00fcredir daha fazla e\u011flendi\u011fi bir an hat\u0131rlam\u0131yoruz\u201d dediklerini ileri s\u00fcrd\u00fc. <\/p>\n<p>Trump, Fox News\u2019te yay\u0131mlanan \u201cFox and Friends\u201d isimli programda, \u201cHarika bir ili\u015fkimiz oldu. G\u00fcld\u00fck, e\u011flendik. Yan\u0131nda \u00e7al\u0131\u015fanlar, 25 y\u0131ld\u0131r Krali\u00e7elerinin \u00e7ok daha fazla e\u011flendi\u011fi zaman g\u00f6rmediklerini s\u00f6ylediler. Sonra bunun i\u00e7in ele\u015ftirildim. \u00c7\u00fcnk\u00fc \u00e7ok e\u011flendi\u011fimizi s\u00f6ylediler&#8221; ifadelerini kulland\u0131. <\/p>\n<p>Trump\u2019\u0131n bu a\u00e7\u0131klamas\u0131ndan sonra CNN kanal\u0131na ba\u011flanan Buckingham Saray\u0131\u2019n\u0131n bir s\u00f6zc\u00fcs\u00fc, &#8220;yorum yapaca\u011f\u0131m\u0131z bir \u015fey yok\u201d a\u00e7\u0131klamas\u0131n\u0131 yapt\u0131. <\/p>\n<p>Trump, \u0130ngiltere gezisinin ard\u0131ndan sosyal medya hesab\u0131 \u00fczerinden, \u201cLondra gezisi ger\u00e7ekten iyi gidiyor. Krali\u00e7e ve b\u00fct\u00fcn Kraliyet ailesi muhte\u015femdi. \u0130ngiltere ile ili\u015fkilerimiz \u00e7ok g\u00fc\u00e7l\u00fc. \u00dclkemizi seven muazzam iyi insanlar. Herhangi bir protesto g\u00f6rmedim. Ancak yalan habercilerin protesto bulmak i\u00e7in \u00e7ok \u00e7al\u0131\u015faca\u011f\u0131na eminim\u201d demi\u015fti. <\/p>\n<!-- Error, Advert is not available at this time due to schedule\/geolocation restrictions! -->\n","protected":false},"excerpt":{"rendered":"<p>ABD Ba\u015fkan\u0131 Donald Trump, \u0130ngiltere ziyareti s\u0131ras\u0131nda Krali\u00e7e II. Elizabeth\u2019in kendisiyle \u00e7ok e\u011flendi\u011fini ve yard\u0131mc\u0131lar\u0131n\u0131n Krali\u00e7eyi 25 y\u0131ld\u0131r ilk defa bu kadar e\u011flendi\u011fini g\u00f6rd\u00fcklerini s\u00f6yledi. Trump, \u0130ngiltere\u2019ye yapt\u0131\u011f\u0131 ziyareti s\u0131ras\u0131nda Krali\u00e7e II. Elizabeth\u2019in kendisiyle ge\u00e7irdi\u011fi zaman hakk\u0131nda detaylar verdi. Ge\u00e7en hafta \u0130ngiltere&#8217;nin 93 ya\u015f\u0131ndaki Krali\u00e7esi\u2019nin davetlisi olarak Westminster Manast\u0131r\u0131\u2019n\u0131 ziyaret eden Trump, Buckingham Saray\u0131\u2019nda e\u015fi &hellip;<\/p>\n","protected":false},"author":4,"featured_media":279354,"comment_status":"open","ping_status":"open","sticky":false,"template":"","format":"standard","meta":{"_acf_changed":false,"footnotes":""},"categories":[6768,6770,6155,5005],"tags":[1887,199658,1874,85920],"class_list":["post-279353","post","type-post","status-publish","format-standard","has-post-thumbnail","hentry","category-amerika","category-avrupa","category-gundem","category-manset","tag-abd","tag-donald-trump","tag-ingiltere","tag-kralice-elizabeth"],"acf":[],"_links":{"self":[{"href":"https:\/\/www.nationalturk.com\/tr\/wp-json\/wp\/v2\/posts\/279353","targetHints":{"allow":["GET"]}}],"collection":[{"href":"https:\/\/www.nationalturk.com\/tr\/wp-json\/wp\/v2\/posts"}],"about":[{"href":"https:\/\/www.nationalturk.com\/tr\/wp-json\/wp\/v2\/types\/post"}],"author":[{"embeddable":true,"href":"https:\/\/www.nationalturk.com\/tr\/wp-json\/wp\/v2\/users\/4"}],"replies":[{"embeddable":true,"href":"https:\/\/www.nationalturk.com\/tr\/wp-json\/wp\/v2\/comments?post=279353"}],"version-history":[{"count":0,"href":"https:\/\/www.nationalturk.com\/tr\/wp-json\/wp\/v2\/posts\/279353\/revisions"}],"wp:featuredmedia":[{"embeddable":true,"href":"https:\/\/www.nationalturk.com\/tr\/wp-json\/wp\/v2\/media\/279354"}],"wp:attachment":[{"href":"https:\/\/www.nationalturk.com\/tr\/wp-json\/wp\/v2\/media?parent=279353"}],"wp:term":[{"taxonomy":"category","embeddable":true,"href":"https:\/\/www.nationalturk.com\/tr\/wp-json\/wp\/v2\/categories?post=279353"},{"taxonomy":"post_tag","embeddable":true,"href":"https:\/\/www.nationalturk.com\/tr\/wp-json\/wp\/v2\/tags?post=279353"}],"curies":[{"name":"wp","href":"https:\/\/api.w.org\/{rel}","templated":true}]}}