{"id":279386,"date":"2019-06-17T15:46:14","date_gmt":"2019-06-17T12:46:14","guid":{"rendered":"https:\/\/www.nationalturk.com\/?p=279386"},"modified":"2019-06-17T15:46:14","modified_gmt":"2019-06-17T12:46:14","slug":"kaza-yapan-motosikletliye-ilk-mudahale-binali-yildirimin-doktorundan","status":"publish","type":"post","link":"https:\/\/www.nationalturk.com\/tr\/kaza-yapan-motosikletliye-ilk-mudahale-binali-yildirimin-doktorundan\/","title":{"rendered":"Kaza yapan motosikletliye ilk m\u00fcdahale Binali Y\u0131ld\u0131r\u0131m&#8217;\u0131n doktorundan"},"content":{"rendered":"<h2>AKP \u0130stanbul B\u00fcy\u00fck\u015fehir Belediye Ba\u015fkan Aday\u0131 Binali Y\u0131ld\u0131r\u0131m, trafik kazas\u0131 ge\u00e7iren motosiklet s\u00fcr\u00fcc\u00fcs\u00fcn\u00fc g\u00f6r\u00fcnce makam arac\u0131n\u0131 durdurdu. Y\u0131ld\u0131r\u0131m, yaral\u0131 s\u00fcr\u00fcc\u00fcn\u00fcn yan\u0131na giderek yak\u0131ndan ilgilenirken, s\u00fcr\u00fcc\u00fcye ilk m\u00fcdahaleyi Y\u0131ld\u0131r\u0131m&#8217;\u0131n doktoru yapt\u0131.<\/h2>\n<p>Se\u00e7im \u00e7al\u0131\u015fmalar\u0131 kapsam\u0131nda Esenyurt program\u0131 i\u00e7in hareket eden AK Parti \u0130stanbul B\u00fcy\u00fck\u015fehir Belediye Ba\u015fkan Aday\u0131 Binali Y\u0131ld\u0131r\u0131m, \u0130STO\u00c7 mevkiinde meydana gelen trafik kazas\u0131 nedeniyle makam arac\u0131n\u0131 durdurdu.<br \/>\nY\u0131ld\u0131r\u0131m, kazada yaralanan motosiklet s\u00fcr\u00fcc\u00fcs\u00fc Caner O&#8217;nun yan\u0131na gitti. Baca\u011f\u0131 k\u0131r\u0131lan motosiklet s\u00fcr\u00fcc\u00fcs\u00fc Caner O. \u2019ya ilk m\u00fcdahaleyi Y\u0131ld\u0131r\u0131m&#8217;\u0131n doktoru yapt\u0131.<\/p>\n<p>Yaral\u0131 s\u00fcr\u00fcc\u00fc daha sonra ambulans ile hastaneye sevk edildi. <\/p>\n<!-- Error, Advert is not available at this time due to schedule\/geolocation restrictions! -->\n","protected":false},"excerpt":{"rendered":"<p>AKP \u0130stanbul B\u00fcy\u00fck\u015fehir Belediye Ba\u015fkan Aday\u0131 Binali Y\u0131ld\u0131r\u0131m, trafik kazas\u0131 ge\u00e7iren motosiklet s\u00fcr\u00fcc\u00fcs\u00fcn\u00fc g\u00f6r\u00fcnce makam arac\u0131n\u0131 durdurdu. Y\u0131ld\u0131r\u0131m, yaral\u0131 s\u00fcr\u00fcc\u00fcn\u00fcn yan\u0131na giderek yak\u0131ndan ilgilenirken, s\u00fcr\u00fcc\u00fcye ilk m\u00fcdahaleyi Y\u0131ld\u0131r\u0131m&#8217;\u0131n doktoru yapt\u0131. Se\u00e7im \u00e7al\u0131\u015fmalar\u0131 kapsam\u0131nda Esenyurt program\u0131 i\u00e7in hareket eden AK Parti \u0130stanbul B\u00fcy\u00fck\u015fehir Belediye Ba\u015fkan Aday\u0131 Binali Y\u0131ld\u0131r\u0131m, \u0130STO\u00c7 mevkiinde meydana gelen trafik kazas\u0131 nedeniyle makam &hellip;<\/p>\n","protected":false},"author":4,"featured_media":279387,"comment_status":"open","ping_status":"open","sticky":false,"template":"","format":"standard","meta":{"_acf_changed":false,"footnotes":""},"categories":[6155,5005,6202,349],"tags":[9476,1079],"class_list":["post-279386","post","type-post","status-publish","format-standard","has-post-thumbnail","hentry","category-gundem","category-manset","category-politika","category-son-dakika","tag-akp","tag-binali-yildirim"],"acf":[],"_links":{"self":[{"href":"https:\/\/www.nationalturk.com\/tr\/wp-json\/wp\/v2\/posts\/279386","targetHints":{"allow":["GET"]}}],"collection":[{"href":"https:\/\/www.nationalturk.com\/tr\/wp-json\/wp\/v2\/posts"}],"about":[{"href":"https:\/\/www.nationalturk.com\/tr\/wp-json\/wp\/v2\/types\/post"}],"author":[{"embeddable":true,"href":"https:\/\/www.nationalturk.com\/tr\/wp-json\/wp\/v2\/users\/4"}],"replies":[{"embeddable":true,"href":"https:\/\/www.nationalturk.com\/tr\/wp-json\/wp\/v2\/comments?post=279386"}],"version-history":[{"count":0,"href":"https:\/\/www.nationalturk.com\/tr\/wp-json\/wp\/v2\/posts\/279386\/revisions"}],"wp:featuredmedia":[{"embeddable":true,"href":"https:\/\/www.nationalturk.com\/tr\/wp-json\/wp\/v2\/media\/279387"}],"wp:attachment":[{"href":"https:\/\/www.nationalturk.com\/tr\/wp-json\/wp\/v2\/media?parent=279386"}],"wp:term":[{"taxonomy":"category","embeddable":true,"href":"https:\/\/www.nationalturk.com\/tr\/wp-json\/wp\/v2\/categories?post=279386"},{"taxonomy":"post_tag","embeddable":true,"href":"https:\/\/www.nationalturk.com\/tr\/wp-json\/wp\/v2\/tags?post=279386"}],"curies":[{"name":"wp","href":"https:\/\/api.w.org\/{rel}","templated":true}]}}