{"id":279464,"date":"2019-06-19T17:07:48","date_gmt":"2019-06-19T14:07:48","guid":{"rendered":"https:\/\/www.nationalturk.com\/?p=279464"},"modified":"2019-06-19T17:07:48","modified_gmt":"2019-06-19T14:07:48","slug":"ayvalikta-sahibinden-satilik-ada","status":"publish","type":"post","link":"https:\/\/www.nationalturk.com\/tr\/ayvalikta-sahibinden-satilik-ada\/","title":{"rendered":"Ayval\u0131k&#8217;ta sahibinden sat\u0131l\u0131k ada!"},"content":{"rendered":"<h2>Bal\u0131kesir&#8217;in Ayval\u0131k ve G\u00f6me\u00e7 il\u00e7eleri a\u00e7\u0131klar\u0131nda sat\u0131\u015fa \u00e7\u0131kar\u0131lan, 265 bin metrekarelik \u00c7i\u00e7ek Adas\u0131&#8217;na sahipleri taraf\u0131ndan 105 milyon lira de\u011fer bi\u00e7ildi.<\/h2>\n<p>K\u0131y\u0131ya 230 metre mesafedeki adan\u0131n \u00fc\u00e7 aileden olu\u015fan sahipleri, emlak \u015firketleri ve internet sitesi arac\u0131l\u0131\u011f\u0131yla aday\u0131 sat\u0131\u015fa \u00e7\u0131kard\u0131.<\/p>\n<p>\u0130\u00e7inde taban oturumu 450 metrekare 3 bina bulunan ada, Ayval\u0131k&#8217;a 12, \u00c7anakkale-\u0130zmir kara yoluna ise 3,5 kilometre mesafede yer al\u0131yor. Ayr\u0131ca adada 4 tatl\u0131 su kuyusu, zeytin ba\u015fta olmak \u00fczere \u00e7ok say\u0131da a\u011fa\u00e7 bulunuyor. En y\u00fcksek noktas\u0131 22 metre olan \u00c7i\u00e7ek Adas\u0131, al\u0131c\u0131s\u0131n\u0131 bekliyor.<\/p>\n<p>Ada ile ilgilenen emlak gayrimenkul dan\u0131\u015fman\u0131 Ahmet Y\u00fcksel, AA muhabirine yapt\u0131\u011f\u0131 a\u00e7\u0131klamada, \u00c7i\u00e7ek Adas\u0131&#8217;n\u0131n \u00f6zel m\u00fclkiyete ait oldu\u011funu s\u00f6yledi.<\/p>\n<p>Adan\u0131n 105 milyon liradan sat\u0131\u015fa \u00e7\u0131kar\u0131ld\u0131\u011f\u0131n\u0131 vurgulayan Y\u00fcksel, &#8220;Katarl\u0131lar ve \u00c7inlilerin adaya talip olduklar\u0131n\u0131 duymu\u015ftum. Bana g\u00f6re bu ada b\u00f6lgenin en g\u00fczel ve nezih adalar\u0131ndan biridir. Bu sat\u0131\u015f\u0131n ger\u00e7ekle\u015fmesi halinde adan\u0131n bulundu\u011fu b\u00f6lgenin turizme a\u00e7\u0131lmas\u0131n\u0131 bekliyoruz. \u015eahsen b\u00f6ylesi bir durumun Ayval\u0131k&#8217;a ve kom\u015fu il\u00e7esi G\u00f6me\u00e7&#8217;e katk\u0131 sa\u011flayaca\u011f\u0131na inan\u0131yorum. Adan\u0131n \u00fczerinde zeytin a\u011fa\u00e7lar\u0131 ve ta\u015f binalar bulunmaktad\u0131r. Co\u011frafi olarak da karaya \u00e7ok yak\u0131n. Ada, T\u00fcrkiye&#8217;nin en b\u00fcy\u00fck y\u00fcz \u00f6l\u00e7\u00fcml\u00fc do\u011fal park\u0131 olan Ayval\u0131k Adalar\u0131 Tabiat Park\u0131&#8217;n\u0131n da d\u0131\u015f\u0131ndad\u0131r.&#8221; diye konu\u015ftu.<\/p>\n<p>Adan\u0131n hemen kar\u015f\u0131s\u0131nda yer alan Eng\u00fcr\u00fc Sitesi&#8217;nin y\u00f6neticisi G\u00fcrsel Uslu da aday\u0131 sat\u0131n alan yat\u0131r\u0131mc\u0131n\u0131n b\u00f6lgeye de\u011fer kataca\u011f\u0131n\u0131 ifade etti.<\/p>\n<p>Site sakinlerinden Sahilkent Spor Kul\u00fcb\u00fc Ba\u015fkan\u0131 Mustafa G\u00f6kmeno\u011flu ise adan\u0131n nergis \u00e7i\u00e7ekleriyle \u00fcnl\u00fc oldu\u011funu belirterek, G\u00f6kmeno\u011flu, &#8220;Bu adan\u0131n iyi bir yat\u0131r\u0131mc\u0131 taraf\u0131ndan sat\u0131n al\u0131nmas\u0131 halinde Ayval\u0131k&#8217;a ekonomik anlamda ciddi bir katk\u0131 sa\u011flayaca\u011f\u0131na inan\u0131yorum. \u0130n\u015fallah bu adan\u0131n sat\u0131\u015f\u0131n\u0131n hem Ayval\u0131k&#8217;a hem de \u00fclke ekonomimize olumlu y\u00f6nde faydas\u0131 olur.&#8221; dedi.<\/p>\n<!-- Error, Advert is not available at this time due to schedule\/geolocation restrictions! -->\n","protected":false},"excerpt":{"rendered":"<p>Bal\u0131kesir&#8217;in Ayval\u0131k ve G\u00f6me\u00e7 il\u00e7eleri a\u00e7\u0131klar\u0131nda sat\u0131\u015fa \u00e7\u0131kar\u0131lan, 265 bin metrekarelik \u00c7i\u00e7ek Adas\u0131&#8217;na sahipleri taraf\u0131ndan 105 milyon lira de\u011fer bi\u00e7ildi. K\u0131y\u0131ya 230 metre mesafedeki adan\u0131n \u00fc\u00e7 aileden olu\u015fan sahipleri, emlak \u015firketleri ve internet sitesi arac\u0131l\u0131\u011f\u0131yla aday\u0131 sat\u0131\u015fa \u00e7\u0131kard\u0131. \u0130\u00e7inde taban oturumu 450 metrekare 3 bina bulunan ada, Ayval\u0131k&#8217;a 12, \u00c7anakkale-\u0130zmir kara yoluna ise 3,5 kilometre &hellip;<\/p>\n","protected":false},"author":4,"featured_media":279465,"comment_status":"open","ping_status":"open","sticky":false,"template":"","format":"standard","meta":{"_acf_changed":false,"footnotes":""},"categories":[202904,6155,5005],"tags":[3081],"class_list":["post-279464","post","type-post","status-publish","format-standard","has-post-thumbnail","hentry","category-emlak","category-gundem","category-manset","tag-ayvalik"],"acf":[],"_links":{"self":[{"href":"https:\/\/www.nationalturk.com\/tr\/wp-json\/wp\/v2\/posts\/279464","targetHints":{"allow":["GET"]}}],"collection":[{"href":"https:\/\/www.nationalturk.com\/tr\/wp-json\/wp\/v2\/posts"}],"about":[{"href":"https:\/\/www.nationalturk.com\/tr\/wp-json\/wp\/v2\/types\/post"}],"author":[{"embeddable":true,"href":"https:\/\/www.nationalturk.com\/tr\/wp-json\/wp\/v2\/users\/4"}],"replies":[{"embeddable":true,"href":"https:\/\/www.nationalturk.com\/tr\/wp-json\/wp\/v2\/comments?post=279464"}],"version-history":[{"count":0,"href":"https:\/\/www.nationalturk.com\/tr\/wp-json\/wp\/v2\/posts\/279464\/revisions"}],"wp:featuredmedia":[{"embeddable":true,"href":"https:\/\/www.nationalturk.com\/tr\/wp-json\/wp\/v2\/media\/279465"}],"wp:attachment":[{"href":"https:\/\/www.nationalturk.com\/tr\/wp-json\/wp\/v2\/media?parent=279464"}],"wp:term":[{"taxonomy":"category","embeddable":true,"href":"https:\/\/www.nationalturk.com\/tr\/wp-json\/wp\/v2\/categories?post=279464"},{"taxonomy":"post_tag","embeddable":true,"href":"https:\/\/www.nationalturk.com\/tr\/wp-json\/wp\/v2\/tags?post=279464"}],"curies":[{"name":"wp","href":"https:\/\/api.w.org\/{rel}","templated":true}]}}