{"id":279662,"date":"2019-06-26T15:26:43","date_gmt":"2019-06-26T12:26:43","guid":{"rendered":"https:\/\/www.nationalturk.com\/?p=279662"},"modified":"2019-06-26T15:26:43","modified_gmt":"2019-06-26T12:26:43","slug":"marmaray-ariza-yapti-2-yolcu-fenalik-gecirdi","status":"publish","type":"post","link":"https:\/\/www.nationalturk.com\/tr\/marmaray-ariza-yapti-2-yolcu-fenalik-gecirdi\/","title":{"rendered":"Marmaray ar\u0131za yapt\u0131, 2 yolcu fenal\u0131k ge\u00e7irdi"},"content":{"rendered":"<h2>\u0130stanbul Marmaray hatt\u0131nda bir tren Suadiye ile Erenk\u00f6y aras\u0131nda ar\u0131za yapt\u0131. 2 yolcu kap\u0131lar\u0131n a\u00e7\u0131lmamas\u0131 sonras\u0131 fenal\u0131k ge\u00e7irdi. Uzun s\u00fcre giderilemeyen ar\u0131za nedeniyle yolcular raylar \u00fczerinde y\u00fcr\u00fcyerek b\u00f6lgeden uzakla\u015ft\u0131.<\/h2>\n<p>Al\u0131nan bilgilere g\u00f6re Marmaray&#8217;daki ar\u0131za nedeniyle vagon kap\u0131lar\u0131n\u0131n a\u00e7\u0131lmamas\u0131yla panikleyen 2 ki\u015fiden biri bay\u0131ld\u0131, di\u011feri hafif yaraland\u0131. Kap\u0131lar a\u00e7\u0131ld\u0131ktan sonra ise vatanda\u015flar trenden inerek raylarda y\u00fcr\u00fcd\u00fc. <\/p>\n<p>\u0130ddialara g\u00f6re ar\u0131za elektrik hatlar\u0131ndan kaynakland\u0131. <\/p>\n<p>Ar\u0131zan\u0131n giderilmesinin ard\u0131ndan Kad\u0131k\u00f6y istikametine seferler normale d\u00f6nd\u00fc\u011f\u00fc belirtildi.<\/p>\n<!-- Error, Advert is not available at this time due to schedule\/geolocation restrictions! -->\n","protected":false},"excerpt":{"rendered":"<p>\u0130stanbul Marmaray hatt\u0131nda bir tren Suadiye ile Erenk\u00f6y aras\u0131nda ar\u0131za yapt\u0131. 2 yolcu kap\u0131lar\u0131n a\u00e7\u0131lmamas\u0131 sonras\u0131 fenal\u0131k ge\u00e7irdi. Uzun s\u00fcre giderilemeyen ar\u0131za nedeniyle yolcular raylar \u00fczerinde y\u00fcr\u00fcyerek b\u00f6lgeden uzakla\u015ft\u0131. Al\u0131nan bilgilere g\u00f6re Marmaray&#8217;daki ar\u0131za nedeniyle vagon kap\u0131lar\u0131n\u0131n a\u00e7\u0131lmamas\u0131yla panikleyen 2 ki\u015fiden biri bay\u0131ld\u0131, di\u011feri hafif yaraland\u0131. Kap\u0131lar a\u00e7\u0131ld\u0131ktan sonra ise vatanda\u015flar trenden inerek raylarda y\u00fcr\u00fcd\u00fc. &hellip;<\/p>\n","protected":false},"author":4,"featured_media":279663,"comment_status":"open","ping_status":"open","sticky":false,"template":"","format":"standard","meta":{"_acf_changed":false,"footnotes":""},"categories":[6155,5005,349,6805],"tags":[17211,14655],"class_list":["post-279662","post","type-post","status-publish","format-standard","has-post-thumbnail","hentry","category-gundem","category-manset","category-son-dakika","category-turkiye","tag-kadikoy","tag-marmaray"],"acf":[],"_links":{"self":[{"href":"https:\/\/www.nationalturk.com\/tr\/wp-json\/wp\/v2\/posts\/279662","targetHints":{"allow":["GET"]}}],"collection":[{"href":"https:\/\/www.nationalturk.com\/tr\/wp-json\/wp\/v2\/posts"}],"about":[{"href":"https:\/\/www.nationalturk.com\/tr\/wp-json\/wp\/v2\/types\/post"}],"author":[{"embeddable":true,"href":"https:\/\/www.nationalturk.com\/tr\/wp-json\/wp\/v2\/users\/4"}],"replies":[{"embeddable":true,"href":"https:\/\/www.nationalturk.com\/tr\/wp-json\/wp\/v2\/comments?post=279662"}],"version-history":[{"count":0,"href":"https:\/\/www.nationalturk.com\/tr\/wp-json\/wp\/v2\/posts\/279662\/revisions"}],"wp:featuredmedia":[{"embeddable":true,"href":"https:\/\/www.nationalturk.com\/tr\/wp-json\/wp\/v2\/media\/279663"}],"wp:attachment":[{"href":"https:\/\/www.nationalturk.com\/tr\/wp-json\/wp\/v2\/media?parent=279662"}],"wp:term":[{"taxonomy":"category","embeddable":true,"href":"https:\/\/www.nationalturk.com\/tr\/wp-json\/wp\/v2\/categories?post=279662"},{"taxonomy":"post_tag","embeddable":true,"href":"https:\/\/www.nationalturk.com\/tr\/wp-json\/wp\/v2\/tags?post=279662"}],"curies":[{"name":"wp","href":"https:\/\/api.w.org\/{rel}","templated":true}]}}