{"id":279691,"date":"2019-06-27T13:48:39","date_gmt":"2019-06-27T10:48:39","guid":{"rendered":"https:\/\/www.nationalturk.com\/?p=279691"},"modified":"2019-06-27T13:48:39","modified_gmt":"2019-06-27T10:48:39","slug":"helikopterle-kutsal-su-serpip-gunah-dolu-sokaklari-temizleyecek","status":"publish","type":"post","link":"https:\/\/www.nationalturk.com\/tr\/helikopterle-kutsal-su-serpip-gunah-dolu-sokaklari-temizleyecek\/","title":{"rendered":"Helikopterle kutsal su serpip g\u00fcnah dolu sokaklar\u0131 temizleyecek!"},"content":{"rendered":"<h2>Kolombiya\u2019da Katolik bir piskopos, \u2018\u015feytan taraf\u0131ndan istila edildi\u011fini\u2019 s\u00f6yledi\u011fi \u015fehri kurtarmak i\u00e7in helikopterle t\u00fcm bir kente kutsal su serpmeyi planl\u0131yor.<\/h2>\n<p>Kolombiya\u2019n\u0131n liman kenti Buenaventura\u2019da g\u00f6rev yapan Rub\u00e9n Dar\u00edo Jaramillo Montoya, \u015fehrin \u2018g\u00fcnah dolu sokaklar\u0131n\u0131 temizlemek\u2019 ad\u0131na ordudan bir helikopter kiralama talebinde bulundu. Montoya, \u2018operasyon\u2019 i\u00e7in de 14 Temmuz tarihine i\u015faret etti.<\/p>\n<p>Bir radyo istasyonuna konu\u015fan piskoposun, \u201cT\u00fcm Buenaventura\u2019y\u0131 havadan dola\u015fmak ve \u00fczerine kutsal su serpmek istiyoruz. B\u00f6ylece liman\u0131m\u0131z\u0131 yok eden k\u00f6t\u00fc ruhlar\u0131 kovup kovamad\u0131\u011f\u0131m\u0131z\u0131 g\u00f6rece\u011fiz. B\u00f6ylece tanr\u0131n\u0131 l\u00fctfu gelecek ve sokaklar\u0131m\u0131zdaki k\u00f6t\u00fcl\u00fcklerden kurtulaca\u011f\u0131z\u201d dedi\u011fi belirtildi.<\/p>\n<!-- Error, Advert is not available at this time due to schedule\/geolocation restrictions! -->\n<p>Montoya, \u201cB\u00fct\u00fcn bu k\u00f6t\u00fc \u015feylerin bitti\u011fini, \u015feytan\u0131n defolup gitti\u011fini g\u00f6rmek i\u00e7in kutsal suyu serpti\u011fimizde bu t\u00fcm toplum i\u00e7in de m\u00fckemmel bir g\u00f6steri olacak\u201d yorumunda bulundu.<\/p>\n<p>Pasifik Okyanusu&#8217;ndaki en b\u00fcy\u00fck limanlardan biri olan Buenaventura, uyu\u015fturucu ka\u00e7ak\u00e7\u0131l\u0131\u011f\u0131 ve su\u00e7 \u00e7eteleri aras\u0131ndaki \u015fiddet eylemleriyle s\u0131k s\u0131k g\u00fcndeme geliyor.<\/p>\n<!-- Error, Advert is not available at this time due to schedule\/geolocation restrictions! -->\n","protected":false},"excerpt":{"rendered":"<p>Kolombiya\u2019da Katolik bir piskopos, \u2018\u015feytan taraf\u0131ndan istila edildi\u011fini\u2019 s\u00f6yledi\u011fi \u015fehri kurtarmak i\u00e7in helikopterle t\u00fcm bir kente kutsal su serpmeyi planl\u0131yor. Kolombiya\u2019n\u0131n liman kenti Buenaventura\u2019da g\u00f6rev yapan Rub\u00e9n Dar\u00edo Jaramillo Montoya, \u015fehrin \u2018g\u00fcnah dolu sokaklar\u0131n\u0131 temizlemek\u2019 ad\u0131na ordudan bir helikopter kiralama talebinde bulundu. Montoya, \u2018operasyon\u2019 i\u00e7in de 14 Temmuz tarihine i\u015faret etti. Bir radyo istasyonuna konu\u015fan &hellip;<\/p>\n","protected":false},"author":4,"featured_media":279692,"comment_status":"open","ping_status":"open","sticky":false,"template":"","format":"standard","meta":{"_acf_changed":false,"footnotes":""},"categories":[6155,6771,5005,6662],"tags":[5209],"class_list":["post-279691","post","type-post","status-publish","format-standard","has-post-thumbnail","hentry","category-gundem","category-latin-amerika","category-manset","category-yasam","tag-kolombiya"],"acf":[],"_links":{"self":[{"href":"https:\/\/www.nationalturk.com\/tr\/wp-json\/wp\/v2\/posts\/279691","targetHints":{"allow":["GET"]}}],"collection":[{"href":"https:\/\/www.nationalturk.com\/tr\/wp-json\/wp\/v2\/posts"}],"about":[{"href":"https:\/\/www.nationalturk.com\/tr\/wp-json\/wp\/v2\/types\/post"}],"author":[{"embeddable":true,"href":"https:\/\/www.nationalturk.com\/tr\/wp-json\/wp\/v2\/users\/4"}],"replies":[{"embeddable":true,"href":"https:\/\/www.nationalturk.com\/tr\/wp-json\/wp\/v2\/comments?post=279691"}],"version-history":[{"count":0,"href":"https:\/\/www.nationalturk.com\/tr\/wp-json\/wp\/v2\/posts\/279691\/revisions"}],"wp:featuredmedia":[{"embeddable":true,"href":"https:\/\/www.nationalturk.com\/tr\/wp-json\/wp\/v2\/media\/279692"}],"wp:attachment":[{"href":"https:\/\/www.nationalturk.com\/tr\/wp-json\/wp\/v2\/media?parent=279691"}],"wp:term":[{"taxonomy":"category","embeddable":true,"href":"https:\/\/www.nationalturk.com\/tr\/wp-json\/wp\/v2\/categories?post=279691"},{"taxonomy":"post_tag","embeddable":true,"href":"https:\/\/www.nationalturk.com\/tr\/wp-json\/wp\/v2\/tags?post=279691"}],"curies":[{"name":"wp","href":"https:\/\/api.w.org\/{rel}","templated":true}]}}