{"id":279694,"date":"2019-06-27T15:04:30","date_gmt":"2019-06-27T12:04:30","guid":{"rendered":"https:\/\/www.nationalturk.com\/?p=279694"},"modified":"2022-09-12T12:50:20","modified_gmt":"2022-09-12T09:50:20","slug":"hak-is-imamogluna-bagis-yaptigi-icin-isten-atilan-ibb-calisaniyla-ilgilenmedi","status":"publish","type":"post","link":"https:\/\/www.nationalturk.com\/tr\/hak-is-imamogluna-bagis-yaptigi-icin-isten-atilan-ibb-calisaniyla-ilgilenmedi\/","title":{"rendered":"Hak-\u0130\u015f, \u0130mamo\u011flu&#8217;na ba\u011f\u0131\u015f yapt\u0131\u011f\u0131 i\u00e7in i\u015ften at\u0131lan \u0130BB \u00e7al\u0131\u015fan\u0131yla ilgilenmedi!"},"content":{"rendered":"<h2>Ekrem \u0130mamo\u011flu&#8217;na se\u00e7im s\u00fcrecinde 50 lira ba\u011f\u0131\u015f yapt\u0131\u011f\u0131 ve iktidar\u0131 ele\u015ftirdi\u011fi i\u00e7in \u0130stanbul B\u00fcy\u00fck\u015fehir Belediyesi&#8217;ndeki i\u015fine son verilen Nuri Ba\u015fkapan, ba\u011fl\u0131 oldu\u011fu sendikaya dava a\u00e7t\u0131. Bolu&#8217;daki \u00fcyelerinin i\u015fe iadesi i\u00e7in y\u00fcr\u00fcy\u00fc\u015f ba\u015flatan Hak-\u0130\u015f&#8217;in kendisini yaln\u0131z b\u0131rakt\u0131\u011f\u0131n\u0131 s\u00f6yleyen Ba\u015fkapan, &#8220;\u0130\u015fime geri d\u00f6nmek istiyorum&#8221; dedi.<\/h2>\n<p>Se\u00e7im s\u00fcrecinde CHP&#8217;nin \u0130stanbul B\u00fcy\u00fck\u015fehir Belediye (\u0130BB) Ba\u015fkan aday\u0131 Ekrem \u0130mamo\u011flu&#8217;na 50 TL ba\u011f\u0131\u015f yapt\u0131\u011f\u0131 ve sosyal medya hesab\u0131ndan iktidar\u0131 ele\u015ftiren payla\u015f\u0131mlar yapt\u0131\u011f\u0131 i\u00e7in i\u015ften \u00e7\u0131kart\u0131lan \u0130BB \u00e7al\u0131\u015fan\u0131 Nuri Ba\u015fkapan i\u015fine d\u00f6nmeyi bekliyor.<\/p>\n<p>\u0130\u015ften at\u0131ld\u0131ktan sonra \u0130mamo\u011flu\u2019nun se\u00e7im kampanyas\u0131nda \u00e7al\u0131\u015fan ve se\u00e7im g\u00fcn\u00fc sand\u0131k ba\u015f\u0131nda g\u00f6revli olan Ba\u015fkapan, \u00fcye oldu\u011fu sendikaya da dava a\u00e7t\u0131.<\/p>\n<p><a href=\"https:\/\/www.gazeteduvar.com.tr\/gundem\/2019\/06\/27\/imamogluna-bagis-yaptigi-icin-ibbden-atilan-baskapan-isime-geri-donmek-istiyorum\/\" rel=\"noopener noreferrer\" target=\"_blank\">Gazete Duvar&#8217;dan Hac\u0131 Bi\u015fkin&#8217;in haberine g\u00f6re<\/a>, \u0130BB b\u00fcnyesindeki A\u011fa\u00e7 ve Peyzaj A\u015e i\u015ftirakinin 5 y\u0131ll\u0131k personeli olan Ba\u015fkapan, \u0130mamo\u011flu\u2019na 50 TL\u2019lik ba\u011f\u0131\u015f yapmas\u0131n\u0131n ard\u0131ndan \u0130BB taraf\u0131ndan 31 May\u0131s tarihinde s\u00f6zle\u015fmesi feshedildi.<\/p>\n<p>Ba\u015fkapan 5 y\u0131l \u00f6nce Cumhurba\u015fkan\u0131 Recep Tayyip Erdo\u011fan\u2019\u0131n \u00f6zel kalemi Hasan Do\u011fan\u2019\u0131n referans\u0131yla il \u00f6zel idaresine girdi. \u0130l \u00f6zel idareleri kapan\u0131nca Ba\u015fkapan da \u0130BB\u2019de \u00e7al\u0131\u015fmaya ba\u015flad\u0131. Ba\u015fkapan, son olarak se\u00e7im s\u00fcrecinde \u0130mamo\u011flu i\u00e7in 50 TL ba\u011f\u0131\u015f yapt\u0131 ve sosyal medyada AK Parti\u2019yi ele\u015ftirdi.<\/p>\n<p>Ba\u015fkapan bu nedenlerle i\u015ften \u00e7\u0131kart\u0131ld\u0131\u011f\u0131n\u0131 s\u00f6ylerken, &#8220;Belediyede \u00e7al\u0131\u015f\u0131rken bir akrabam\u0131n cenaze haberini ald\u0131m. Rize\u2019ye gidece\u011fimi m\u00fcd\u00fcr\u00fcme s\u00f6yledim. Cenazedeyken i\u015ften \u00e7\u0131kart\u0131ld\u0131\u011f\u0131m duyumunu ald\u0131m. D\u00f6nd\u00fc\u011f\u00fcmde eve noter imzal\u0131 bir tebligat geldi\u201d dedi.<\/p>\n<p>Ba\u015fkapan, tebligat\u0131 a\u00e7t\u0131\u011f\u0131nda i\u015fine son verildi\u011fini g\u00f6rd\u00fc. S\u00f6z konusu tebligatta ise i\u015ften \u00e7\u0131kartma gerek\u00e7esi tek c\u00fcmleyle belirtildi: &#8216;\u0130\u015fletmesel gerekler.&#8217;<\/p>\n<p>Bunun \u00fczerine A\u011fa\u00e7 A.\u015e.yle g\u00f6r\u00fc\u015fen Ba\u015fkapan ald\u0131\u011f\u0131 yan\u0131tlar\u0131 \u015f\u00f6yle anlatt\u0131:<br \/>\n&#8220;Genel m\u00fcd\u00fcr ve genel m\u00fcd\u00fcr yard\u0131mc\u0131s\u0131yla g\u00f6r\u00fc\u015ft\u00fcm. Bana, \u2018yukardan gelen talimatla bu karar\u0131 almak zorunda kald\u0131k\u2019 dediler. Son iki y\u0131lda Erdo\u011fan\u2019\u0131 ve AKP\u2019yi ele\u015ftiren bir insand\u0131m. \u0130BB b\u00fcnyesinde bu tav\u0131rlar\u0131mdan dolay\u0131 beni \u2018s\u0131k\u0131nt\u0131l\u0131\u2019 olarak g\u00f6r\u00fcyorlard\u0131. Ekrem ba\u015fkana yapt\u0131\u011f\u0131m ba\u011f\u0131\u015f makbuzunu sosyal medyada payla\u015ft\u0131m. A\u011fa\u00e7 A.\u015e. y\u00f6netimi, \u2018son zamanlarda sosyal medyada yapt\u0131\u011f\u0131n\u0131z payla\u015f\u0131m ve referans\u0131n\u0131z\u0131n verdi\u011fi talimatla bu karar\u0131 almak zorunda kald\u0131k\u2019 dedi. Referans\u0131m da Cumhurba\u015fkan\u0131 Erdo\u011fan\u2019\u0131n \u00f6zel kalemi Hasan Do\u011fan\u2019d\u0131. Ama Hasan Do\u011fan benim \u0130BB\u2019ye giri\u015fimde de\u011fil, daha \u00f6nce \u00e7al\u0131\u015ft\u0131\u011f\u0131m il \u00f6zel idaresinde referans\u0131m olmu\u015ftu. 2014\u2019te il \u00f6zel idareleri kapan\u0131nca memurlar valiliklere, i\u015f\u00e7iler de belediyelere aktar\u0131ld\u0131. Ben de 2014\u2019te \u0130BB\u2019ye girdim.&#8221;<\/p>\n<p>Bolu Belediyesi\u2019ndeki i\u015flerinden \u00e7\u0131kar\u0131lan 97 ta\u015feron i\u015f\u00e7inin i\u015fe iadesi i\u00e7in Bolu\u2019dan Ankara\u2019ya CHP Genel Merkezi\u2019ne y\u00fcr\u00fcy\u00fc\u015f ba\u015flatan Hak-\u0130\u015f\u2019e ba\u011fl\u0131 \u00d6z Orman \u0130\u015f Sendikas\u0131\u2019na \u00fcye olan Ba\u015fkapan, sendikas\u0131n\u0131n kendisine bu s\u00fcre\u00e7te sahip \u00e7\u0131kmad\u0131\u011f\u0131n\u0131 anlatt\u0131.<\/p>\n<p>\u0130\u015ften \u00e7\u0131kart\u0131ld\u0131ktan sonra Hak-\u0130\u015fe dava a\u00e7an Ba\u015fkapan, &#8220;\u0130\u015ften \u00e7\u0131kart\u0131ld\u0131ktan sonra mahkemeye ba\u015fvurdum. \u00dcye oldu\u011fum sendikaya dava a\u00e7t\u0131m. \u00c7\u00fcnk\u00fc fesih konusunda en ufak bir m\u00fcdahalesi olmad\u0131. Sendikam\u0131 arad\u0131\u011f\u0131mda ba\u015fkan yard\u0131mc\u0131s\u0131, &#8216;Senin durumun biraz dikenli. Emir b\u00fcy\u00fck yerden geldi. Yapabilece\u011fimiz bir \u015fey yok\u2019 dedi. Hak-\u0130\u015f bu s\u00fcre\u00e7te bana hi\u00e7 sahip \u00e7\u0131kmad\u0131&#8221; diye konu\u015ftu.<br \/>\n&#8220;\u0130\u015ften \u00e7\u0131kart\u0131ld\u0131ktan sonra \u0130mamo\u011flu ekibinden veya CHP\u2019lilerden bir d\u00f6n\u00fc\u015f ald\u0131n\u0131z m\u0131&#8221; sorusuna Ba\u015fkapan \u015fu yan\u0131t\u0131 verdi:<\/p>\n<p>&#8220;CHP \u0130stanbul B\u00fcy\u00fck\u015fehir Meclis \u00dcyesi Tar\u0131k Balyal\u0131, CHP Milletvekili \u00d6zg\u00fcr Karabat arad\u0131. Mazbatadan sonra i\u015fe giri\u015fimin yap\u0131laca\u011f\u0131 s\u00f6ylendi. \u0130\u015fime geri d\u00f6nmek istiyorum.&#8221;<\/p>\n<p>CHP\u2019nin \u00f6nceki d\u00f6nem \u0130stanbul Milletvekili Bar\u0131\u015f Yarkada\u015f da Twiiter hesab\u0131ndan Ba\u015fkapan\u2019\u0131n i\u015fe d\u00f6nece\u011fine ili\u015fkin \u015funlar\u0131 yazd\u0131: \u201cUnutmad\u0131\u011f\u0131m\u0131z bir \u015fey daha var: @ekrem_imamoglu \u2018nun kampanyas\u0131na 50 TL\u2019lik ba\u011f\u0131\u015f yapt\u0131\u011f\u0131 i\u00e7in i\u015finden at\u0131lan \u0130BB\u2019nin be\u015f y\u0131ll\u0131k personeli Nuri Ba\u015fkapan karde\u015fimiz\u2026 Yar\u0131ndan sonra eski i\u015fine kavu\u015facak\u2026\u201d<\/p>\n<!-- Error, Advert is not available at this time due to schedule\/geolocation restrictions! -->\n","protected":false},"excerpt":{"rendered":"<p>Ekrem \u0130mamo\u011flu&#8217;na se\u00e7im s\u00fcrecinde 50 lira ba\u011f\u0131\u015f yapt\u0131\u011f\u0131 ve iktidar\u0131 ele\u015ftirdi\u011fi i\u00e7in \u0130stanbul B\u00fcy\u00fck\u015fehir Belediyesi&#8217;ndeki i\u015fine son verilen Nuri Ba\u015fkapan, ba\u011fl\u0131 oldu\u011fu sendikaya dava a\u00e7t\u0131. Bolu&#8217;daki \u00fcyelerinin i\u015fe iadesi i\u00e7in y\u00fcr\u00fcy\u00fc\u015f ba\u015flatan Hak-\u0130\u015f&#8217;in kendisini yaln\u0131z b\u0131rakt\u0131\u011f\u0131n\u0131 s\u00f6yleyen Ba\u015fkapan, &#8220;\u0130\u015fime geri d\u00f6nmek istiyorum&#8221; dedi. Se\u00e7im s\u00fcrecinde CHP&#8217;nin \u0130stanbul B\u00fcy\u00fck\u015fehir Belediye (\u0130BB) Ba\u015fkan aday\u0131 Ekrem \u0130mamo\u011flu&#8217;na 50 &hellip;<\/p>\n","protected":false},"author":4,"featured_media":277941,"comment_status":"open","ping_status":"open","sticky":false,"template":"","format":"standard","meta":{"_acf_changed":false,"footnotes":""},"categories":[6774,6155,5005,6805],"tags":[213620,41535,41520,15,21033,114844],"class_list":["post-279694","post","type-post","status-publish","format-standard","has-post-thumbnail","hentry","category-futbol","category-gundem","category-manset","category-turkiye","tag-ekrem-imamoglu","tag-hak-is","tag-ibb","tag-ispanya","tag-la-liga","tag-nuri-baskapan"],"acf":[],"_links":{"self":[{"href":"https:\/\/www.nationalturk.com\/tr\/wp-json\/wp\/v2\/posts\/279694","targetHints":{"allow":["GET"]}}],"collection":[{"href":"https:\/\/www.nationalturk.com\/tr\/wp-json\/wp\/v2\/posts"}],"about":[{"href":"https:\/\/www.nationalturk.com\/tr\/wp-json\/wp\/v2\/types\/post"}],"author":[{"embeddable":true,"href":"https:\/\/www.nationalturk.com\/tr\/wp-json\/wp\/v2\/users\/4"}],"replies":[{"embeddable":true,"href":"https:\/\/www.nationalturk.com\/tr\/wp-json\/wp\/v2\/comments?post=279694"}],"version-history":[{"count":0,"href":"https:\/\/www.nationalturk.com\/tr\/wp-json\/wp\/v2\/posts\/279694\/revisions"}],"wp:featuredmedia":[{"embeddable":true,"href":"https:\/\/www.nationalturk.com\/tr\/wp-json\/wp\/v2\/media\/277941"}],"wp:attachment":[{"href":"https:\/\/www.nationalturk.com\/tr\/wp-json\/wp\/v2\/media?parent=279694"}],"wp:term":[{"taxonomy":"category","embeddable":true,"href":"https:\/\/www.nationalturk.com\/tr\/wp-json\/wp\/v2\/categories?post=279694"},{"taxonomy":"post_tag","embeddable":true,"href":"https:\/\/www.nationalturk.com\/tr\/wp-json\/wp\/v2\/tags?post=279694"}],"curies":[{"name":"wp","href":"https:\/\/api.w.org\/{rel}","templated":true}]}}