{"id":279798,"date":"2019-07-02T10:55:52","date_gmt":"2019-07-02T07:55:52","guid":{"rendered":"https:\/\/www.nationalturk.com\/?p=279798"},"modified":"2019-07-02T10:55:52","modified_gmt":"2019-07-02T07:55:52","slug":"chp-pm-toplantisindan-oylar-emanet-basarili-olmak-zorundayiz","status":"publish","type":"post","link":"https:\/\/www.nationalturk.com\/tr\/chp-pm-toplantisindan-oylar-emanet-basarili-olmak-zorundayiz\/","title":{"rendered":"CHP PM toplant\u0131s\u0131ndan: Oylar emanet, ba\u015far\u0131l\u0131 olmak zorunday\u0131z"},"content":{"rendered":"<h2>CHP Parti Meclisi \u00fcyeleri ve milletvekillerinin 23 Haziran se\u00e7im sonucunu de\u011ferlendirdi\u011fi toplant\u0131da, al\u0131nan oylar\u0131n \u2018emanet\u2018 oldu\u011fu g\u00f6r\u00fc\u015f\u00fc \u00f6ne \u00e7\u0131kt\u0131.<\/h2>\n<p>GazeteDuvar\u2019dan Nergis Karakaya\u2019n\u0131n haberine g\u00f6re, AKP se\u00e7meninin y\u00fczde 3\u2019\u00fc, sand\u0131\u011fa gitmeyen \u00e7e\u015fitli parti se\u00e7menlerinin de y\u00fczde 8\u2019i CHP aday\u0131 Ekrem \u0130mamo\u011flu\u2019na oy verdi.<\/p>\n<p>CHP Genel Ba\u015fkan\u0131 Kemal K\u0131l\u0131\u00e7daro\u011flu \u201cBu oylar\u0131n tamam\u0131 bizim oylar\u0131m\u0131z de\u011fil. CHP\u2019nin yan\u0131 s\u0131ra burada \u0130Y\u0130 Parti, HDP, AKP, MHP\u2019nin de oylar\u0131 var\u201d diye konu\u015ftu.<\/p>\n<p>\u00d6nemli olan\u0131n bu oylar\u0131n \u2018s\u00fcrd\u00fcr\u00fclebilir\u2018 olmas\u0131 gerekti\u011fini vurgulayan CHP lideri, \u201cSorunlar\u0131 \u00e7\u00f6z\u00fcc\u00fc yakla\u015f\u0131mla \u00e7al\u0131\u015fmal\u0131y\u0131z. Toplumu kucaklay\u0131c\u0131 bir politika ve s\u00f6ylem i\u00e7inde olmal\u0131y\u0131z\u201d dedi.<\/p>\n<p>Toplant\u0131da K\u00fcrt se\u00e7menin deste\u011fine ili\u015fkin konu\u015fmalar oldu.<\/p>\n<p>Baz\u0131 \u00fcyeler dokunulmazl\u0131klar\u0131n kald\u0131r\u0131lmas\u0131yla ilgili ele\u015ftiriler ald\u0131klar\u0131n\u0131 ve HDP\u2019nin 31 Mart\u2019taki deste\u011fine yeterince kar\u015f\u0131l\u0131k verilmedi\u011fini ifade etti.<\/p>\n<p>K\u00fcrt sorununun \u00e7\u00f6z\u00fcm\u00fcne dair talepler ve beklentiler de dile getirildi.<\/p>\n<p>CHP Genel Ba\u015fkan Yard\u0131mc\u0131s\u0131 Seyit Torun yerel se\u00e7imlerde kazan\u0131lan \u00e7ok say\u0131da belediyeye dikkat \u00e7ekerek, \u201cB\u00fcy\u00fck bir sorumluluk y\u00fcklendik. Tabiri caizse bize \u00f6nemli bir kredi a\u00e7\u0131ld\u0131. \u015eimdi vatanda\u015f bizi izleyecek\u201d dedi.<\/p>\n<p>Belediyelerde sorun \u00e7\u00f6zme konusunda g\u00fcven sa\u011flan\u0131rsa, bir dahaki se\u00e7imlerde iktidara gelebileceklerinin alt\u0131n\u0131 \u00e7izen Torun, \u201cBa\u015far\u0131s\u0131z olursak bunun bedeli hem bize hem de T\u00fcrkiye\u2019ye \u00e7\u0131kar\u201d dedi.<\/p>\n<!-- Error, Advert is not available at this time due to schedule\/geolocation restrictions! -->\n","protected":false},"excerpt":{"rendered":"<p>CHP Parti Meclisi \u00fcyeleri ve milletvekillerinin 23 Haziran se\u00e7im sonucunu de\u011ferlendirdi\u011fi toplant\u0131da, al\u0131nan oylar\u0131n \u2018emanet\u2018 oldu\u011fu g\u00f6r\u00fc\u015f\u00fc \u00f6ne \u00e7\u0131kt\u0131. GazeteDuvar\u2019dan Nergis Karakaya\u2019n\u0131n haberine g\u00f6re, AKP se\u00e7meninin y\u00fczde 3\u2019\u00fc, sand\u0131\u011fa gitmeyen \u00e7e\u015fitli parti se\u00e7menlerinin de y\u00fczde 8\u2019i CHP aday\u0131 Ekrem \u0130mamo\u011flu\u2019na oy verdi. CHP Genel Ba\u015fkan\u0131 Kemal K\u0131l\u0131\u00e7daro\u011flu \u201cBu oylar\u0131n tamam\u0131 bizim oylar\u0131m\u0131z de\u011fil. CHP\u2019nin yan\u0131 &hellip;<\/p>\n","protected":false},"author":4,"featured_media":278960,"comment_status":"open","ping_status":"open","sticky":false,"template":"","format":"standard","meta":{"_acf_changed":false,"footnotes":""},"categories":[6155,5005,6202],"tags":[153723,8723,5115,37663],"class_list":["post-279798","post","type-post","status-publish","format-standard","has-post-thumbnail","hentry","category-gundem","category-manset","category-politika","tag-31-mart","tag-chp","tag-kemal-kilicdaroglu","tag-seyit-torun"],"acf":[],"_links":{"self":[{"href":"https:\/\/www.nationalturk.com\/tr\/wp-json\/wp\/v2\/posts\/279798","targetHints":{"allow":["GET"]}}],"collection":[{"href":"https:\/\/www.nationalturk.com\/tr\/wp-json\/wp\/v2\/posts"}],"about":[{"href":"https:\/\/www.nationalturk.com\/tr\/wp-json\/wp\/v2\/types\/post"}],"author":[{"embeddable":true,"href":"https:\/\/www.nationalturk.com\/tr\/wp-json\/wp\/v2\/users\/4"}],"replies":[{"embeddable":true,"href":"https:\/\/www.nationalturk.com\/tr\/wp-json\/wp\/v2\/comments?post=279798"}],"version-history":[{"count":0,"href":"https:\/\/www.nationalturk.com\/tr\/wp-json\/wp\/v2\/posts\/279798\/revisions"}],"wp:featuredmedia":[{"embeddable":true,"href":"https:\/\/www.nationalturk.com\/tr\/wp-json\/wp\/v2\/media\/278960"}],"wp:attachment":[{"href":"https:\/\/www.nationalturk.com\/tr\/wp-json\/wp\/v2\/media?parent=279798"}],"wp:term":[{"taxonomy":"category","embeddable":true,"href":"https:\/\/www.nationalturk.com\/tr\/wp-json\/wp\/v2\/categories?post=279798"},{"taxonomy":"post_tag","embeddable":true,"href":"https:\/\/www.nationalturk.com\/tr\/wp-json\/wp\/v2\/tags?post=279798"}],"curies":[{"name":"wp","href":"https:\/\/api.w.org\/{rel}","templated":true}]}}