{"id":279819,"date":"2019-07-02T15:22:28","date_gmt":"2019-07-02T12:22:28","guid":{"rendered":"https:\/\/www.nationalturk.com\/?p=279819"},"modified":"2019-07-02T15:22:28","modified_gmt":"2019-07-02T12:22:28","slug":"muhammet-demir-basaksehirde","status":"publish","type":"post","link":"https:\/\/www.nationalturk.com\/tr\/muhammet-demir-basaksehirde\/","title":{"rendered":"Muhammet Demir Ba\u015fak\u015fehir&#8217;de"},"content":{"rendered":"<h2>Medipol Ba\u015fak\u015fehir, Spor Toto S\u00fcper Lig&#8217;de geride kalan sezonu Demir Grup Sivasspor&#8217;da ge\u00e7iren Muhammet Demir&#8217;i kadrosuna katt\u0131.<\/h2>\n<p>Turuncu-lacivertli kul\u00fcpten yap\u0131lan a\u00e7\u0131klamada, 27 ya\u015f\u0131ndaki santrfor ile 4 y\u0131ll\u0131k s\u00f6zle\u015fme imzaland\u0131\u011f\u0131 belirtildi.<\/p>\n<p>Muhammet i\u00e7in d\u00fczenlenen imza t\u00f6renine \u00fcst y\u00f6netici (CEO) Mustafa Er\u00f6\u011f\u00fct&#8217;\u00fcn de yer ald\u0131\u011f\u0131 kaydedildi.<\/p>\n<p>A\u00e7\u0131klamada, &#8220;Muhammet Demir&#8217;e &#8216;ho\u015f geldin&#8217; diyor, turuncu-lacivertli formam\u0131zla ba\u015far\u0131lar diliyoruz.&#8221; denildi.<\/p>\n<p>Bursaspor, Gaziantepspor, Trabzonspor ve Sivasspor&#8217;da top ko\u015fturan Muhammet Demir, 168 lig ma\u00e7\u0131nda 40 kez fileleri havaland\u0131rd\u0131. Tecr\u00fcbeli futbolcu, geride kalan sezon 22 m\u00fcsabakada 4 gol att\u0131.<\/p>\n<!-- Error, Advert is not available at this time due to schedule\/geolocation restrictions! -->\n","protected":false},"excerpt":{"rendered":"<p>Medipol Ba\u015fak\u015fehir, Spor Toto S\u00fcper Lig&#8217;de geride kalan sezonu Demir Grup Sivasspor&#8217;da ge\u00e7iren Muhammet Demir&#8217;i kadrosuna katt\u0131. Turuncu-lacivertli kul\u00fcpten yap\u0131lan a\u00e7\u0131klamada, 27 ya\u015f\u0131ndaki santrfor ile 4 y\u0131ll\u0131k s\u00f6zle\u015fme imzaland\u0131\u011f\u0131 belirtildi. Muhammet i\u00e7in d\u00fczenlenen imza t\u00f6renine \u00fcst y\u00f6netici (CEO) Mustafa Er\u00f6\u011f\u00fct&#8217;\u00fcn de yer ald\u0131\u011f\u0131 kaydedildi. A\u00e7\u0131klamada, &#8220;Muhammet Demir&#8217;e &#8216;ho\u015f geldin&#8217; diyor, turuncu-lacivertli formam\u0131zla ba\u015far\u0131lar diliyoruz.&#8221; denildi. &hellip;<\/p>\n","protected":false},"author":4,"featured_media":279820,"comment_status":"open","ping_status":"open","sticky":false,"template":"","format":"standard","meta":{"_acf_changed":false,"footnotes":""},"categories":[6774,6155,349],"tags":[18388,71549,7807],"class_list":["post-279819","post","type-post","status-publish","format-standard","has-post-thumbnail","hentry","category-futbol","category-gundem","category-son-dakika","tag-basaksehir","tag-muhammet-demir","tag-sivasspor"],"acf":[],"_links":{"self":[{"href":"https:\/\/www.nationalturk.com\/tr\/wp-json\/wp\/v2\/posts\/279819","targetHints":{"allow":["GET"]}}],"collection":[{"href":"https:\/\/www.nationalturk.com\/tr\/wp-json\/wp\/v2\/posts"}],"about":[{"href":"https:\/\/www.nationalturk.com\/tr\/wp-json\/wp\/v2\/types\/post"}],"author":[{"embeddable":true,"href":"https:\/\/www.nationalturk.com\/tr\/wp-json\/wp\/v2\/users\/4"}],"replies":[{"embeddable":true,"href":"https:\/\/www.nationalturk.com\/tr\/wp-json\/wp\/v2\/comments?post=279819"}],"version-history":[{"count":0,"href":"https:\/\/www.nationalturk.com\/tr\/wp-json\/wp\/v2\/posts\/279819\/revisions"}],"wp:featuredmedia":[{"embeddable":true,"href":"https:\/\/www.nationalturk.com\/tr\/wp-json\/wp\/v2\/media\/279820"}],"wp:attachment":[{"href":"https:\/\/www.nationalturk.com\/tr\/wp-json\/wp\/v2\/media?parent=279819"}],"wp:term":[{"taxonomy":"category","embeddable":true,"href":"https:\/\/www.nationalturk.com\/tr\/wp-json\/wp\/v2\/categories?post=279819"},{"taxonomy":"post_tag","embeddable":true,"href":"https:\/\/www.nationalturk.com\/tr\/wp-json\/wp\/v2\/tags?post=279819"}],"curies":[{"name":"wp","href":"https:\/\/api.w.org\/{rel}","templated":true}]}}