{"id":279822,"date":"2019-07-02T16:22:04","date_gmt":"2019-07-02T13:22:04","guid":{"rendered":"https:\/\/www.nationalturk.com\/?p=279822"},"modified":"2019-07-02T16:22:04","modified_gmt":"2019-07-02T13:22:04","slug":"kucukcekmece-olaylarinda-gozalti-sayisi-16ya-yukseldi","status":"publish","type":"post","link":"https:\/\/www.nationalturk.com\/tr\/kucukcekmece-olaylarinda-gozalti-sayisi-16ya-yukseldi\/","title":{"rendered":"K\u00fc\u00e7\u00fck\u00e7ekmece olaylar\u0131nda g\u00f6zalt\u0131 say\u0131s\u0131 16&#8217;ya y\u00fckseldi"},"content":{"rendered":"<h2>K\u00fc\u00e7\u00fck\u00e7ekmece&#8217;deki olayla ilgili sosyal medya \u00fczerinden provokasyon yapt\u0131\u011f\u0131 iddias\u0131yla g\u00f6zalt\u0131na al\u0131nanlar\u0131n say\u0131s\u0131 16&#8217;ya \u00e7\u0131kt\u0131.<\/h2>\n<p>\u0130stanbul Emniyet M\u00fcd\u00fcrl\u00fc\u011f\u00fc G\u00fcvenlik \u015eube M\u00fcd\u00fcrl\u00fc\u011f\u00fc ekipleri, 29 Haziran&#8217;da K\u00fc\u00e7\u00fck\u00e7ekmece&#8217;de, Suriyelilere y\u00f6nelik ya\u015fanan olaylarla ilgili y\u00fcr\u00fctt\u00fc\u011f\u00fc \u00e7al\u0131\u015fma kapsam\u0131nda, &#8220;\u0130kitelli Gen\u00e7lik Grubu&#8221; ad\u0131 alt\u0131nda kurulan ve 58 ki\u015finin \u00fcye oldu\u011fu mesajla\u015fma grubu \u00fczerinden olaylar\u0131n b\u00fcy\u00fct\u00fclmeye \u00e7al\u0131\u015f\u0131ld\u0131\u011f\u0131n\u0131 tespit etti.<\/p>\n<p>Ekipler, d\u00fcn d\u00fczenledi\u011fi e\u015f zamanl\u0131 operasyonla, haklar\u0131nda g\u00f6zalt\u0131 karar\u0131 verilen 13 grup \u00fcyesinden 11&#8217;ini yakalad\u0131. B\u00f6ylece daha \u00f6nce yakalanan 5 \u015f\u00fcpheliyle birlikte g\u00f6zalt\u0131na al\u0131nanlar\u0131n say\u0131s\u0131 16&#8217;ya y\u00fckseldi.<\/p>\n<p>&#8220;Halk\u0131 kin ve d\u00fc\u015fmanl\u0131\u011fa tahrik veya a\u015fa\u011f\u0131lama&#8221; su\u00e7undan haklar\u0131nda adli i\u015flem ba\u015flat\u0131lan 16 \u015f\u00fcphelinin i\u015flemlerinin s\u00fcrd\u00fc\u011f\u00fc, firari 6 ki\u015finin ise yakalanmas\u0131na \u00e7al\u0131\u015f\u0131ld\u0131\u011f\u0131 bildirildi.<\/p>\n<p>Sosyal medya \u00fczerinden &#8220;#\u00dclkemdeSuriyeli\u0130stemiyorum&#8221; ve &#8220;#SuriyelilerDefolsun&#8221; ba\u015fl\u0131\u011f\u0131 alt\u0131nda provokatif payla\u015f\u0131mlar yapt\u0131\u011f\u0131 belirlenen 5 ki\u015fi, 30 Haziran&#8217;da d\u00fczenlenen ilk operasyonda g\u00f6zalt\u0131na al\u0131nm\u0131\u015ft\u0131.<\/p>\n<!-- Error, Advert is not available at this time due to schedule\/geolocation restrictions! -->\n","protected":false},"excerpt":{"rendered":"<p>K\u00fc\u00e7\u00fck\u00e7ekmece&#8217;deki olayla ilgili sosyal medya \u00fczerinden provokasyon yapt\u0131\u011f\u0131 iddias\u0131yla g\u00f6zalt\u0131na al\u0131nanlar\u0131n say\u0131s\u0131 16&#8217;ya \u00e7\u0131kt\u0131. \u0130stanbul Emniyet M\u00fcd\u00fcrl\u00fc\u011f\u00fc G\u00fcvenlik \u015eube M\u00fcd\u00fcrl\u00fc\u011f\u00fc ekipleri, 29 Haziran&#8217;da K\u00fc\u00e7\u00fck\u00e7ekmece&#8217;de, Suriyelilere y\u00f6nelik ya\u015fanan olaylarla ilgili y\u00fcr\u00fctt\u00fc\u011f\u00fc \u00e7al\u0131\u015fma kapsam\u0131nda, &#8220;\u0130kitelli Gen\u00e7lik Grubu&#8221; ad\u0131 alt\u0131nda kurulan ve 58 ki\u015finin \u00fcye oldu\u011fu mesajla\u015fma grubu \u00fczerinden olaylar\u0131n b\u00fcy\u00fct\u00fclmeye \u00e7al\u0131\u015f\u0131ld\u0131\u011f\u0131n\u0131 tespit etti. Ekipler, d\u00fcn d\u00fczenledi\u011fi e\u015f &hellip;<\/p>\n","protected":false},"author":4,"featured_media":279823,"comment_status":"open","ping_status":"open","sticky":false,"template":"","format":"standard","meta":{"_acf_changed":false,"footnotes":""},"categories":[6155,5005,349],"tags":[10706],"class_list":["post-279822","post","type-post","status-publish","format-standard","has-post-thumbnail","hentry","category-gundem","category-manset","category-son-dakika","tag-kucukcekmece"],"acf":[],"_links":{"self":[{"href":"https:\/\/www.nationalturk.com\/tr\/wp-json\/wp\/v2\/posts\/279822","targetHints":{"allow":["GET"]}}],"collection":[{"href":"https:\/\/www.nationalturk.com\/tr\/wp-json\/wp\/v2\/posts"}],"about":[{"href":"https:\/\/www.nationalturk.com\/tr\/wp-json\/wp\/v2\/types\/post"}],"author":[{"embeddable":true,"href":"https:\/\/www.nationalturk.com\/tr\/wp-json\/wp\/v2\/users\/4"}],"replies":[{"embeddable":true,"href":"https:\/\/www.nationalturk.com\/tr\/wp-json\/wp\/v2\/comments?post=279822"}],"version-history":[{"count":0,"href":"https:\/\/www.nationalturk.com\/tr\/wp-json\/wp\/v2\/posts\/279822\/revisions"}],"wp:featuredmedia":[{"embeddable":true,"href":"https:\/\/www.nationalturk.com\/tr\/wp-json\/wp\/v2\/media\/279823"}],"wp:attachment":[{"href":"https:\/\/www.nationalturk.com\/tr\/wp-json\/wp\/v2\/media?parent=279822"}],"wp:term":[{"taxonomy":"category","embeddable":true,"href":"https:\/\/www.nationalturk.com\/tr\/wp-json\/wp\/v2\/categories?post=279822"},{"taxonomy":"post_tag","embeddable":true,"href":"https:\/\/www.nationalturk.com\/tr\/wp-json\/wp\/v2\/tags?post=279822"}],"curies":[{"name":"wp","href":"https:\/\/api.w.org\/{rel}","templated":true}]}}