{"id":28017,"date":"2010-06-13T14:52:13","date_gmt":"2010-06-13T12:52:13","guid":{"rendered":"http:\/\/www.nationalturk.com\/?p=28017"},"modified":"2025-03-03T11:34:45","modified_gmt":"2025-03-03T08:34:45","slug":"ricardo-quaresma-besiktas-transfer-430843844","status":"publish","type":"post","link":"https:\/\/www.nationalturk.com\/tr\/ricardo-quaresma-besiktas-transfer-430843844\/","title":{"rendered":"Ve Quaresma resmen Be\u015fikta\u015f &#8216;ta&#8230;"},"content":{"rendered":"<h1><a href=\"http:\/\/www.nationalturk.com\/tr\/wp-content\/uploads\/2010\/06\/quaresma_besiktas.jpg\"><img loading=\"lazy\" decoding=\"async\" class=\"alignleft size-full wp-image-28018\" title=\"quaresma_besiktas\" src=\"http:\/\/www.nationalturk.com\/tr\/wp-content\/uploads\/2010\/06\/quaresma_besiktas.jpg\" alt=\"\" width=\"396\" height=\"261\" srcset=\"https:\/\/www.nationalturk.com\/tr\/wp-content\/uploads\/2010\/06\/quaresma_besiktas.jpg 396w, https:\/\/www.nationalturk.com\/tr\/wp-content\/uploads\/2010\/06\/quaresma_besiktas-280x184.jpg 280w\" sizes=\"auto, (max-width: 396px) 100vw, 396px\" \/><\/a>Be\u015fikta\u015f,y\u0131lan hikayesine d\u00f6nen Ricardo Quaresma,\u00a0transferine son noktay\u0131 koydu.<\/h1>\n<p>Be\u015fikta\u015fl\u0131 y\u00f6neticiler uzun s\u00fcredir pe\u015finde oldu\u011fu Portekizli oyuncu Quaresma\u2019y\u0131 sonunda ikna etti.<\/p>\n<p>Be\u015fikta\u015f, 3 y\u0131ll\u0131k anla\u015fma yapt\u0131\u011f\u0131 futbolcunun bonservisi i\u00e7in Inter kul\u00fcb\u00fcne 7 milyon 300 bin euro \u00f6deme yapacak.<\/p>\n<p>Quaresma, 7 numaral\u0131 formay\u0131 giyece\u011fi ve garanti para olarak y\u0131lda 3 milyon euro alaca\u011f\u0131\u00a0\u00a0\u00f6\u011frenildi.<\/p>\n<p>Y\u00f6netici Serdal Adal\u0131, Quaresma &#8216;n\u0131n transferinin gecikmesine hem istenilen rakamlar\u0131n y\u00fcksek, hem de futbolcunun T\u00fcrkiye\u2019ye yabanc\u0131 olmas\u0131n\u0131 sebep olarak g\u00f6sterdi.<\/p>\n<h1>Ricardo Quaresma Kimdir?<\/h1>\n<p>Ricardo Quaresma, 26 Eyl\u00fcl 1983&#8217;te Lizbon&#8217;da do\u011fdu.<\/p>\n<p>Sporting Lizbon, Barcelona, Porto, Chelsea ve Inter formalar\u0131 giyen ve a\u00e7\u0131k ad\u0131 Ricardo Andrade Quaresma Bernardo olan Portekizli futbolcu, 1.73 metre boyunda. Sporting Lizbon&#8217;da 2001-2003 sezonlar\u0131nda 67 ma\u00e7ta 13 gol kaydeden Quaresma, Barcelona&#8217;da ise 2003-2004 sezonunda 26 ma\u00e7ta 2 gol atabildi.<\/p>\n<p>Porto&#8217;da 112 ma\u00e7ta 32 gole imza atan Portekizli futbolcu, 2008&#8217;de \u0130talya&#8217;n\u0131n Inter tak\u0131m\u0131na transfer oldu. Inter&#8217;de 24 ma\u00e7ta 1 gol atan Quaresma, sonra \u0130ngiltere&#8217;nin Chelsea tak\u0131m\u0131na kiraland\u0131. Daha sonra yeniden Inter&#8217;e d\u00f6nen Portekizli futbolcu ge\u00e7en sezon fazla forma \u015fans\u0131 bulamad\u0131.<\/p>\n<p>Sporting Lizbon ile birer lig, Portekiz Kupas\u0131 ve Portekiz S\u00fcper Kupas\u0131 kazanan Quaresma, Porto&#8217;da ise FIFA D\u00fcnya Kul\u00fcpler Kupas\u0131, 3 lig \u015fampiyonlu\u011fu, 1 Portekiz Kupas\u0131, 2 de Portekiz S\u00fcper Kupas\u0131 sevinci ya\u015fad\u0131.<\/p>\n<p>Inter&#8217;de 1 UEFA \u015eampiyonlar Ligi, 1 lig \u015fampiyonlu\u011fu, 1 de \u0130talya Kupas\u0131 \u015fampiyonlu\u011fu g\u00f6ren Portekizli futbolcu, Chelsea&#8217;deki k\u0131sa s\u00fcreli birlikteli\u011finde ise bir FA Kupas\u0131 g\u00f6rd\u00fc.<\/p>\n<p>Portekiz&#8217;de 2005 ve 2006 y\u0131llar\u0131nda &#8221;Y\u0131l\u0131n Futbolcusu&#8221; se\u00e7ilen Quaresma, 2007&#8217;de de yine \u00fclkesinde &#8221;Alt\u0131n Top&#8221; sahibi oldu.<\/p>\n<p><strong><a href=\"http:\/\/wts.com.tr\/2010-dunya-kupasi-biletleri.htm\" target=\"_blank\" rel=\"noopener\">D\u00dcNYA KUPASI&#8217;NA G\u0130TMEK \u0130\u00c7\u0130N GE\u00c7 KALMADINIZ<\/a><\/strong><\/p>\n<p><strong><span style=\"font-weight: bold; color: #f00;\">Error, group does not exist! Check your syntax! (ID: 103)<\/span><\/strong><\/p>\n","protected":false},"excerpt":{"rendered":"<p>Be\u015fikta\u015f,y\u0131lan hikayesine d\u00f6nen Ricardo Quaresma, transferine son noktay\u0131 koydu.<\/p>\n","protected":false},"author":6,"featured_media":28018,"comment_status":"open","ping_status":"open","sticky":false,"template":"","format":"standard","meta":{"_acf_changed":false,"footnotes":""},"categories":[8244,6774,5005],"tags":[1748,31294,31293,31292,21592,26415],"class_list":["post-28017","post","type-post","status-publish","format-standard","has-post-thumbnail","hentry","category-fifa-dunya-kupasi","category-futbol","category-manset","tag-besiktas","tag-q-7","tag-quaresma-besiktas-transfer","tag-quaresma-besiktasta","tag-ricardo-quaresma","tag-serdal-adali"],"acf":[],"_links":{"self":[{"href":"https:\/\/www.nationalturk.com\/tr\/wp-json\/wp\/v2\/posts\/28017","targetHints":{"allow":["GET"]}}],"collection":[{"href":"https:\/\/www.nationalturk.com\/tr\/wp-json\/wp\/v2\/posts"}],"about":[{"href":"https:\/\/www.nationalturk.com\/tr\/wp-json\/wp\/v2\/types\/post"}],"author":[{"embeddable":true,"href":"https:\/\/www.nationalturk.com\/tr\/wp-json\/wp\/v2\/users\/6"}],"replies":[{"embeddable":true,"href":"https:\/\/www.nationalturk.com\/tr\/wp-json\/wp\/v2\/comments?post=28017"}],"version-history":[{"count":1,"href":"https:\/\/www.nationalturk.com\/tr\/wp-json\/wp\/v2\/posts\/28017\/revisions"}],"predecessor-version":[{"id":306024,"href":"https:\/\/www.nationalturk.com\/tr\/wp-json\/wp\/v2\/posts\/28017\/revisions\/306024"}],"wp:featuredmedia":[{"embeddable":true,"href":"https:\/\/www.nationalturk.com\/tr\/wp-json\/wp\/v2\/media\/28018"}],"wp:attachment":[{"href":"https:\/\/www.nationalturk.com\/tr\/wp-json\/wp\/v2\/media?parent=28017"}],"wp:term":[{"taxonomy":"category","embeddable":true,"href":"https:\/\/www.nationalturk.com\/tr\/wp-json\/wp\/v2\/categories?post=28017"},{"taxonomy":"post_tag","embeddable":true,"href":"https:\/\/www.nationalturk.com\/tr\/wp-json\/wp\/v2\/tags?post=28017"}],"curies":[{"name":"wp","href":"https:\/\/api.w.org\/{rel}","templated":true}]}}