{"id":280424,"date":"2019-07-25T18:42:51","date_gmt":"2019-07-25T15:42:51","guid":{"rendered":"https:\/\/www.nationalturk.com\/?p=280424"},"modified":"2022-09-06T16:40:35","modified_gmt":"2022-09-06T13:40:35","slug":"akdenizde-facia-en-az-150-kayip","status":"publish","type":"post","link":"https:\/\/www.nationalturk.com\/tr\/akdenizde-facia-en-az-150-kayip\/","title":{"rendered":"Akdeniz&#8217;de facia: En az 150 kay\u0131p"},"content":{"rendered":"<h2>Libya a\u00e7\u0131klar\u0131nda g\u00f6\u00e7menleri ta\u015f\u0131yan teknenin alabora olmas\u0131 sonucu 145 ki\u015finin kurtar\u0131ld\u0131\u011f\u0131, yakla\u015f\u0131k 150 g\u00f6\u00e7menin ise kay\u0131p oldu\u011fu bildirildi.<\/h2>\n<p>Birle\u015fmi\u015f Milletler (BM) Uluslararas\u0131 G\u00f6\u00e7 \u00d6rg\u00fct\u00fcn\u00fcn (IOM) Twitter hesab\u0131ndan acil koduyla yap\u0131lan payla\u015f\u0131mda, Akdeniz&#8217;in Libya a\u00e7\u0131klar\u0131nda g\u00f6\u00e7menleri ta\u015f\u0131yan teknenin alabora oldu\u011fu belirtildi.<\/p>\n<p>Payla\u015f\u0131mda, 150 dolay\u0131nda g\u00f6\u00e7menin kayboldu\u011fu ve 145&#8217;ten fazlas\u0131n\u0131n da kurtar\u0131larak karaya \u00e7\u0131kar\u0131ld\u0131\u011f\u0131 kaydedildi.<\/p>\n<p>Olayla ilgili Birle\u015fmi\u015f Milletler M\u00fclteciler Y\u00fcksek Komiseri (BMMYK) Filippo Grandi de Twitter&#8217;dan &#8220;Akdeniz&#8217;de bu y\u0131l\u0131n en k\u00f6t\u00fc trajedisi az \u00f6nce ya\u015fand\u0131. Pek \u00e7ok \u00e7aresiz insan i\u00e7in \u00e7ok ge\u00e7 olmadan, denizden kurtarmay\u0131 yeniden ba\u015flatmak, g\u00f6\u00e7menlerin Libya&#8217;da al\u0131konmas\u0131n\u0131 sona erdirmek ve Libya d\u0131\u015f\u0131na ula\u015facak g\u00fcvenli yollar\u0131 artt\u0131rmak i\u00e7in hemen bir \u015feyler yap\u0131lmal\u0131.&#8221; ifadelerini kulland\u0131.<\/p>\n<p>\u0130talyan bas\u0131n\u0131ndaki haberlere g\u00f6re, kurtar\u0131lanlar, alabora olan teknede 300 kadar g\u00f6\u00e7men bulundu\u011fu bilgisini payla\u015ft\u0131.<\/p>\n<!-- Error, Advert is not available at this time due to schedule\/geolocation restrictions! -->\n","protected":false},"excerpt":{"rendered":"<p>Libya a\u00e7\u0131klar\u0131nda g\u00f6\u00e7menleri ta\u015f\u0131yan teknenin alabora olmas\u0131 sonucu 145 ki\u015finin kurtar\u0131ld\u0131\u011f\u0131, yakla\u015f\u0131k 150 g\u00f6\u00e7menin ise kay\u0131p oldu\u011fu bildirildi. Birle\u015fmi\u015f Milletler (BM) Uluslararas\u0131 G\u00f6\u00e7 \u00d6rg\u00fct\u00fcn\u00fcn (IOM) Twitter hesab\u0131ndan acil koduyla yap\u0131lan payla\u015f\u0131mda, Akdeniz&#8217;in Libya a\u00e7\u0131klar\u0131nda g\u00f6\u00e7menleri ta\u015f\u0131yan teknenin alabora oldu\u011fu belirtildi. Payla\u015f\u0131mda, 150 dolay\u0131nda g\u00f6\u00e7menin kayboldu\u011fu ve 145&#8217;ten fazlas\u0131n\u0131n da kurtar\u0131larak karaya \u00e7\u0131kar\u0131ld\u0131\u011f\u0131 kaydedildi. Olayla ilgili &hellip;<\/p>\n","protected":false},"author":4,"featured_media":280425,"comment_status":"open","ping_status":"open","sticky":false,"template":"","format":"standard","meta":{"_acf_changed":false,"footnotes":""},"categories":[6767,6155,5005,349],"tags":[1473,10,4787],"class_list":["post-280424","post","type-post","status-publish","format-standard","has-post-thumbnail","hentry","category-afrika","category-gundem","category-manset","category-son-dakika","tag-akdeniz","tag-italya","tag-libya"],"acf":[],"_links":{"self":[{"href":"https:\/\/www.nationalturk.com\/tr\/wp-json\/wp\/v2\/posts\/280424","targetHints":{"allow":["GET"]}}],"collection":[{"href":"https:\/\/www.nationalturk.com\/tr\/wp-json\/wp\/v2\/posts"}],"about":[{"href":"https:\/\/www.nationalturk.com\/tr\/wp-json\/wp\/v2\/types\/post"}],"author":[{"embeddable":true,"href":"https:\/\/www.nationalturk.com\/tr\/wp-json\/wp\/v2\/users\/4"}],"replies":[{"embeddable":true,"href":"https:\/\/www.nationalturk.com\/tr\/wp-json\/wp\/v2\/comments?post=280424"}],"version-history":[{"count":0,"href":"https:\/\/www.nationalturk.com\/tr\/wp-json\/wp\/v2\/posts\/280424\/revisions"}],"wp:featuredmedia":[{"embeddable":true,"href":"https:\/\/www.nationalturk.com\/tr\/wp-json\/wp\/v2\/media\/280425"}],"wp:attachment":[{"href":"https:\/\/www.nationalturk.com\/tr\/wp-json\/wp\/v2\/media?parent=280424"}],"wp:term":[{"taxonomy":"category","embeddable":true,"href":"https:\/\/www.nationalturk.com\/tr\/wp-json\/wp\/v2\/categories?post=280424"},{"taxonomy":"post_tag","embeddable":true,"href":"https:\/\/www.nationalturk.com\/tr\/wp-json\/wp\/v2\/tags?post=280424"}],"curies":[{"name":"wp","href":"https:\/\/api.w.org\/{rel}","templated":true}]}}