{"id":280581,"date":"2019-07-31T17:55:34","date_gmt":"2019-07-31T14:55:34","guid":{"rendered":"https:\/\/www.nationalturk.com\/?p=280581"},"modified":"2026-04-27T02:17:57","modified_gmt":"2026-04-26T23:17:57","slug":"trabzonspor-bundan-sonra-sampiyonlugu-sikeyle-calinan-takimlar-haklarini-alamayacak","status":"publish","type":"post","link":"https:\/\/www.nationalturk.com\/tr\/trabzonspor-bundan-sonra-sampiyonlugu-sikeyle-calinan-takimlar-haklarini-alamayacak\/","title":{"rendered":"Trabzonspor: Bundan sonra \u015fampiyonlu\u011fu \u015fikeyle \u00e7al\u0131nan tak\u0131mlar haklar\u0131n\u0131 alamayacak"},"content":{"rendered":"<h2>Trabzonspor Kul\u00fcb\u00fc, Uluslararas\u0131 Spor Tahkim Mahkemesinin (CAS), 2010-2011 sezonuna ili\u015fkin yapt\u0131klar\u0131 ba\u015fvuruyu reddetmesine ili\u015fkin, &#8220;Spor Tahkim Mahkemesi CAS, bu karar\u0131yla, \u015fikeden ma\u011fdur olan tak\u0131mlar\u0131n haklar\u0131n\u0131n kendilerine iade edilemeyece\u011fi \u015feklindeki hi\u00e7bir hukuki altyap\u0131s\u0131 olmayan karar\u0131yla bu t\u00fcr illegal faaliyetleri legal hale getirmi\u015ftir.&#8221; a\u00e7\u0131klamas\u0131nda bulundu.<\/h2>\n<p>Bordo-mavili kul\u00fcb\u00fcn resmi internet sitesinden yap\u0131lan a\u00e7\u0131klamada, kul\u00fcb\u00fcn \u015fike faaliyetlerine dair FIFA&#8217;ya ba\u015fvuruda bulundu\u011fu an\u0131msat\u0131larak, FIFA Disiplin Komitesi Ba\u015fkan\u0131n\u0131n, yetkisi olmamas\u0131na ra\u011fmen &#8220;dosyan\u0131n kapa\u011f\u0131n\u0131 dahi a\u00e7madan&#8221; ba\u015fvuruyu reddetti\u011fi belirtildi.<\/p>\n<p>Kul\u00fcb\u00fcn, bunun \u00fczerine CAS&#8217;a yeni bir ba\u015fvuruda bulundu\u011fu ve karara itiraz edildi\u011fi ifade edilerek, &#8220;CAS karar\u0131nda, Fenerbah\u00e7e\u2019nin 2010-2011 sezonunda ma\u00e7 sat\u0131n alma, \u015fike ve te\u015fvik gibi eylemleri ger\u00e7ekle\u015ftirdi\u011fini, \u015fike su\u00e7undan ki\u015filere cezalar\u0131n verildi\u011fini, ancak kurumlarla ili\u015fkilendirilmedi\u011fi i\u00e7in ilgili kul\u00fcbe ceza verilmedi\u011fini belirtmi\u015ftir. CAS, karar\u0131n\u0131n devam\u0131nda &#8216;komik&#8217; bir bahaneye s\u0131\u011f\u0131narak, kul\u00fcb\u00fcm\u00fcz\u00fcn 2010-2011 sezonu \u015fampiyonu ilan edilebilmesi i\u00e7in FIFA veya TFF&#8217;de herhangi bir yasal d\u00fczenleme bulunmad\u0131\u011f\u0131n\u0131 ifade etmi\u015ftir.&#8221; denildi.<\/p>\n<p>CAS&#8217;\u0131n, Trabzonspor Kul\u00fcb\u00fcn\u00fcn \u015fike ve te\u015fvik nedeniyle ya\u015fad\u0131\u011f\u0131 ma\u011fduriyeti kabul etti\u011fi vurgulanan a\u00e7\u0131klamada, \u015f\u00f6yle devam edildi:<\/p>\n<p>&#8220;Ancak CAS, FIFA taraf\u0131ndan Fenerbah\u00e7e&#8217;ye yapt\u0131r\u0131m uygulanmas\u0131 i\u00e7in talimat verilse veya TFF do\u011frudan Fenerbah\u00e7e&#8217;ye yapt\u0131r\u0131m uygulasa bile &#8216;bu durumun kul\u00fcb\u00fcm\u00fcz\u00fc etkilemeyece\u011fi&#8217; gibi hukukla izah edilemeyecek bir karar\u0131n alt\u0131na imza atm\u0131\u015ft\u0131r. \u00d6zetle, Spor Tahkim Mahkemesi CAS, bu karar\u0131yla, \u015fikeden ma\u011fdur olan tak\u0131mlar\u0131n haklar\u0131n\u0131n kendilerine iade edilemeyece\u011fi \u015feklindeki hi\u00e7bir hukuki altyap\u0131s\u0131 olmayan karar\u0131yla bu t\u00fcr illegal faaliyetleri legal hale getirmi\u015ftir. Bu karardan sonra d\u00fcnyan\u0131n herhangi bir liginde \u015fampiyonlu\u011fu \u015fikeyle \u00e7al\u0131nan tak\u0131mlar, art\u0131k haklar\u0131n\u0131 alamayacaklard\u0131r.&#8221;<\/p>\n<p>A\u00e7\u0131klamada, yasal s\u00fcre\u00e7lerin kul\u00fcp taraf\u0131ndan takip edilece\u011fine i\u015faret edilerek, \u015funlar kaydedildi:<\/p>\n<p>&#8220;Avrupa futbolunu y\u00f6netme iddias\u0131ndaki UEFA, d\u00fcnya futbolunu y\u00f6netme iddias\u0131ndaki FIFA ve ya\u015fanan adaletsizlikleri ortadan kald\u0131rma iddias\u0131ndaki Spor Tahkim Mahkemesi CAS, tarihin en belirgin emek h\u0131rs\u0131zl\u0131\u011f\u0131 kar\u015f\u0131s\u0131nda tarihi bir sorumluluk \u00fcstlenmek yerine asla unutulmayacak bir garabetin \u00f6znesi haline gelmi\u015flerdir. Bir kez daha belirtmek isteriz ki bizim i\u00e7in en de\u011ferli tescil, gururla giydi\u011fimiz formam\u0131za bula\u015fmam\u0131\u015f leke ve \u00fclkemizin her bir k\u00f6\u015fesindeki insanlar\u0131n zihnindeki tertemiz Trabzonspor&#8217;dur. Resmi veya gayri resmi organlar \u00fczerinden y\u00fcr\u00fct\u00fclen manip\u00fclasyonlar\u0131n, &#8216;\u015fampiyonlu\u011fumuz bir kez daha tescillendi&#8217; gibi yalanlar\u0131n ya da alg\u0131 y\u00f6nlendirmelerinin 3 Temmuz 2011&#8217;de g\u00fcn y\u00fcz\u00fcne \u00e7\u0131kan \u015fike-te\u015fvik eylemlerini gizlemesi, g\u00f6lgelemesi veya yenmesi m\u00fcmk\u00fcn de\u011fildir. Kul\u00fcb\u00fcm\u00fcz, 2010-2011 sezonunun tertemiz ve yegane \u015fampiyonudur. Sonu\u00e7 olarak yasal s\u00fcre\u00e7lerin kul\u00fcb\u00fcm\u00fcz taraf\u0131ndan takip edilece\u011fini, al\u0131n terimizin kar\u015f\u0131l\u0131\u011f\u0131 olan \u015fampiyonluk unvan\u0131m\u0131z\u0131n taraf\u0131m\u0131za verilmesi i\u00e7in hukuki m\u00fccadelenin s\u00fcrd\u00fcr\u00fclece\u011fini kamuoyuna sayg\u0131yla duyururuz.&#8221;<\/p>\n<!-- Error, Advert is not available at this time due to schedule\/geolocation restrictions! -->\n","protected":false},"excerpt":{"rendered":"<p>Trabzonspor Kul\u00fcb\u00fc, Uluslararas\u0131 Spor Tahkim Mahkemesinin (CAS), 2010-2011 sezonuna ili\u015fkin yapt\u0131klar\u0131 ba\u015fvuruyu reddetmesine ili\u015fkin, &#8220;Spor Tahkim Mahkemesi CAS, bu karar\u0131yla, \u015fikeden ma\u011fdur olan tak\u0131mlar\u0131n haklar\u0131n\u0131n kendilerine iade edilemeyece\u011fi \u015feklindeki hi\u00e7bir hukuki altyap\u0131s\u0131 olmayan karar\u0131yla bu t\u00fcr illegal faaliyetleri legal hale getirmi\u015ftir.&#8221; a\u00e7\u0131klamas\u0131nda bulundu. Bordo-mavili kul\u00fcb\u00fcn resmi internet sitesinden yap\u0131lan a\u00e7\u0131klamada, kul\u00fcb\u00fcn \u015fike faaliyetlerine dair FIFA&#8217;ya &hellip;<\/p>\n","protected":false},"author":4,"featured_media":280582,"comment_status":"open","ping_status":"open","sticky":false,"template":"","format":"standard","meta":{"_acf_changed":false,"footnotes":""},"categories":[6774,6155,5005,220906,349],"tags":[21822,21483,19062,3037,4117],"class_list":["post-280581","post","type-post","status-publish","format-standard","has-post-thumbnail","hentry","category-futbol","category-gundem","category-manset","category-sikeli-maclar","category-son-dakika","tag-cas","tag-sike","tag-sike-operasyonu","tag-trabzon","tag-trabzonspor"],"acf":[],"_links":{"self":[{"href":"https:\/\/www.nationalturk.com\/tr\/wp-json\/wp\/v2\/posts\/280581","targetHints":{"allow":["GET"]}}],"collection":[{"href":"https:\/\/www.nationalturk.com\/tr\/wp-json\/wp\/v2\/posts"}],"about":[{"href":"https:\/\/www.nationalturk.com\/tr\/wp-json\/wp\/v2\/types\/post"}],"author":[{"embeddable":true,"href":"https:\/\/www.nationalturk.com\/tr\/wp-json\/wp\/v2\/users\/4"}],"replies":[{"embeddable":true,"href":"https:\/\/www.nationalturk.com\/tr\/wp-json\/wp\/v2\/comments?post=280581"}],"version-history":[{"count":1,"href":"https:\/\/www.nationalturk.com\/tr\/wp-json\/wp\/v2\/posts\/280581\/revisions"}],"predecessor-version":[{"id":308809,"href":"https:\/\/www.nationalturk.com\/tr\/wp-json\/wp\/v2\/posts\/280581\/revisions\/308809"}],"wp:featuredmedia":[{"embeddable":true,"href":"https:\/\/www.nationalturk.com\/tr\/wp-json\/wp\/v2\/media\/280582"}],"wp:attachment":[{"href":"https:\/\/www.nationalturk.com\/tr\/wp-json\/wp\/v2\/media?parent=280581"}],"wp:term":[{"taxonomy":"category","embeddable":true,"href":"https:\/\/www.nationalturk.com\/tr\/wp-json\/wp\/v2\/categories?post=280581"},{"taxonomy":"post_tag","embeddable":true,"href":"https:\/\/www.nationalturk.com\/tr\/wp-json\/wp\/v2\/tags?post=280581"}],"curies":[{"name":"wp","href":"https:\/\/api.w.org\/{rel}","templated":true}]}}