{"id":280612,"date":"2019-08-01T15:59:39","date_gmt":"2019-08-01T12:59:39","guid":{"rendered":"https:\/\/www.nationalturk.com\/?p=280612"},"modified":"2019-08-01T15:59:39","modified_gmt":"2019-08-01T12:59:39","slug":"rtuke-baglanan-netflixten-ilk-aciklama","status":"publish","type":"post","link":"https:\/\/www.nationalturk.com\/tr\/rtuke-baglanan-netflixten-ilk-aciklama\/","title":{"rendered":"RT\u00dcK&#8217;e ba\u011flanan Netflix&#8217;ten ilk a\u00e7\u0131klama"},"content":{"rendered":"<h2>Radyo ve Televizyon Kurumu\u2019nun (RT\u00dcK) internet \u00fczerinde yay\u0131n yapan dijital mecralar\u0131 denetlemesine yol a\u00e7an yeni y\u00f6netmelik ile ilgili olarak Netflix cephesinden ilk a\u00e7\u0131klama geldi.<\/h2>\n<p>Yeni y\u00f6netmelik sonras\u0131nda dijital platform \u00fczerinden yay\u0131n yapan kanallar\u0131n yo\u011fun bir \u015fekilde sans\u00fcre u\u011frayaca\u011f\u0131 ve aralar\u0131nda Netflix\u2019in de bulundu\u011fu baz\u0131 firmalar\u0131n zor durumda kalaca\u011f\u0131 s\u00f6ylenmi\u015fti. Netflix\u2019den yap\u0131lan ilk a\u00e7\u0131klama \u015fu \u015fekilde oldu:<\/p>\n<p>\u201c\u0130nternet yay\u0131nlar\u0131na y\u00f6nelik getirilen d\u00fczenlemeyi yak\u0131ndan takip ediyoruz. T\u00fcrkiye bizim i\u00e7in \u00e7ok \u00f6nemli bir pazar. Bu nedenle T\u00fcrk yetenekleriyle birlikte film ve dizi sekt\u00f6r\u00fcne yat\u0131r\u0131m yapmaya, \u00fcyelerimizin bu i\u00e7eriklere keyifle ula\u015fmalar\u0131n\u0131 sa\u011flamaya devam etmek istiyoruz.\u201d <\/p>\n<!-- Error, Advert is not available at this time due to schedule\/geolocation restrictions! -->\n","protected":false},"excerpt":{"rendered":"<p>Radyo ve Televizyon Kurumu\u2019nun (RT\u00dcK) internet \u00fczerinde yay\u0131n yapan dijital mecralar\u0131 denetlemesine yol a\u00e7an yeni y\u00f6netmelik ile ilgili olarak Netflix cephesinden ilk a\u00e7\u0131klama geldi. Yeni y\u00f6netmelik sonras\u0131nda dijital platform \u00fczerinden yay\u0131n yapan kanallar\u0131n yo\u011fun bir \u015fekilde sans\u00fcre u\u011frayaca\u011f\u0131 ve aralar\u0131nda Netflix\u2019in de bulundu\u011fu baz\u0131 firmalar\u0131n zor durumda kalaca\u011f\u0131 s\u00f6ylenmi\u015fti. Netflix\u2019den yap\u0131lan ilk a\u00e7\u0131klama \u015fu \u015fekilde &hellip;<\/p>\n","protected":false},"author":4,"featured_media":274436,"comment_status":"open","ping_status":"open","sticky":false,"template":"","format":"standard","meta":{"_acf_changed":false,"footnotes":""},"categories":[6155,5005,6667,349],"tags":[184230,999],"class_list":["post-280612","post","type-post","status-publish","format-standard","has-post-thumbnail","hentry","category-gundem","category-manset","category-medya","category-son-dakika","tag-netflix","tag-rtuk"],"acf":[],"_links":{"self":[{"href":"https:\/\/www.nationalturk.com\/tr\/wp-json\/wp\/v2\/posts\/280612","targetHints":{"allow":["GET"]}}],"collection":[{"href":"https:\/\/www.nationalturk.com\/tr\/wp-json\/wp\/v2\/posts"}],"about":[{"href":"https:\/\/www.nationalturk.com\/tr\/wp-json\/wp\/v2\/types\/post"}],"author":[{"embeddable":true,"href":"https:\/\/www.nationalturk.com\/tr\/wp-json\/wp\/v2\/users\/4"}],"replies":[{"embeddable":true,"href":"https:\/\/www.nationalturk.com\/tr\/wp-json\/wp\/v2\/comments?post=280612"}],"version-history":[{"count":0,"href":"https:\/\/www.nationalturk.com\/tr\/wp-json\/wp\/v2\/posts\/280612\/revisions"}],"wp:featuredmedia":[{"embeddable":true,"href":"https:\/\/www.nationalturk.com\/tr\/wp-json\/wp\/v2\/media\/274436"}],"wp:attachment":[{"href":"https:\/\/www.nationalturk.com\/tr\/wp-json\/wp\/v2\/media?parent=280612"}],"wp:term":[{"taxonomy":"category","embeddable":true,"href":"https:\/\/www.nationalturk.com\/tr\/wp-json\/wp\/v2\/categories?post=280612"},{"taxonomy":"post_tag","embeddable":true,"href":"https:\/\/www.nationalturk.com\/tr\/wp-json\/wp\/v2\/tags?post=280612"}],"curies":[{"name":"wp","href":"https:\/\/api.w.org\/{rel}","templated":true}]}}