{"id":280614,"date":"2019-08-01T16:20:18","date_gmt":"2019-08-01T13:20:18","guid":{"rendered":"https:\/\/www.nationalturk.com\/?p=280614"},"modified":"2022-10-04T09:53:53","modified_gmt":"2022-10-04T06:53:53","slug":"millet-bahcesi-kirliligi-onleyecekmis","status":"publish","type":"post","link":"https:\/\/www.nationalturk.com\/tr\/millet-bahcesi-kirliligi-onleyecekmis\/","title":{"rendered":"Millet bah\u00e7esi kirlili\u011fi \u00f6nleyecekmi\u015f!"},"content":{"rendered":"<h2>AKP Burdur Milletvekili Bayram \u00d6z\u00e7elik, \u2018T\u00fcrkiye\u2019nin Maldivler\u2019i olarak an\u0131lan Salda G\u00f6l\u00fc\u2019ne millet bah\u00e7esi yap\u0131lmas\u0131yla g\u00fcn\u00fcbirlik ziyaretteki kirlili\u011fin \u00f6nlenebilece\u011fini savundu.<\/h2>\n<p>TOK\u0130, Salda G\u00f6l\u00fc\u2019ne millet bah\u00e7eli yap\u0131lmas\u0131 i\u00e7in \u0130stanbul\u2019daki binas\u0131nda d\u00fcn ihale d\u00fczenledi. \u0130haleye yedi firma kat\u0131ld\u0131. Firmalar 14 milyon 699 bin lira ile 32 milyon lira aras\u0131nda de\u011fi\u015fen teklifler verdi. Teklifler de\u011ferlendirme s\u00fcrecine al\u0131nd\u0131. TOK\u0130, kazanan\u0131 ilerleyen g\u00fcnlerde duyuracak.<\/p>\n<p>G\u00f6le millet bah\u00e7esi yap\u0131m\u0131yla ilgili konu\u015fan AKP\u2019li \u00d6z\u00e7elik, millet bah\u00e7esinin kumsala yakla\u015f\u0131k 300 metre mesafede olaca\u011f\u0131n\u0131 belirtti. \u00d6z\u00e7elik, g\u00fcn\u00fcbirlik ziyaret\u00e7ilerin millet bah\u00e7esinde ihtiyac\u0131n\u0131 kar\u015f\u0131layabilece\u011fini ifade ederek bu \u015fekilde g\u00fcn\u00fcbirlik kullan\u0131mdaki kirlili\u011fin \u00f6n\u00fcne ge\u00e7ilebilece\u011fini s\u00f6yledi.<\/p>\n<p>AKP\u2019li vekil, korunan alan\u0131n 4 bin 400 hektarken, alan\u0131n \u00d6zel \u00c7evre Koruma B\u00f6lgesi ilan edilmesiyle g\u00f6l\u00fcn t\u00fcm \u00e7evresini kapsayacak \u015fekilde 29 bin 500 hektara \u00e7\u0131kart\u0131ld\u0131\u011f\u0131n\u0131 dile getirerek \u015funlar\u0131 aktard\u0131: \u201cBurada do\u011fal S\u0130T alanlar\u0131 aynen ge\u00e7erlili\u011fini koruyor. Eski S\u0130T durumu 5 bin 898 hektarken yeni durumda 8 bin 474 hektar olacak. Salda G\u00f6l\u00fc etraf\u0131ndaki do\u011fal dokuya zarar verilmemesi i\u00e7in k\u0131y\u0131 \u015feridinin kullan\u0131m alan\u0131 500-600 metre kadar geriye \u00e7ekildi. K\u0131y\u0131 \u015feridini 1 santimetrekare dahi istisna olmayacak \u015fekilde koruma alan\u0131 ilan edildi.\u201d<\/p>\n<p>\u00d6z\u00e7elik, g\u00f6l k\u0131y\u0131s\u0131nda yap\u0131la\u015fmaya izin verilmeyece\u011fini vurgulayarak g\u00f6le y\u0131l sonuna kadar 1 milyon ziyaret\u00e7inin gitmesinin hedeflendi\u011fini ifade etti. AKP\u2019li vekil, projenin koruma plan\u0131na uygun \u015fekilde tamamen ah\u015fap imalat tasarland\u0131\u011f\u0131n\u0131 belirterek s\u00f6zlerini \u015f\u00f6yle s\u00fcrd\u00fcrd\u00fc: \u201cMillet bah\u00e7esiyle en ufak bir \u00e7evre kirlili\u011fine yol a\u00e7\u0131lmayacak olup, aksine e\u015fsiz g\u00fczellikteki sahili koruma alt\u0131na al\u0131rken y\u00fczbinlerce ziyaret\u00e7inin de daha iyi ve daha kaliteli bir ortamda hizmet almas\u0131na olanak sa\u011flanacakt\u0131r. Gelen ziyaret\u00e7ilerin ara\u00e7lar\u0131n\u0131 park edece\u011fi d\u00fczenli otopark alan\u0131 olu\u015fturulacak. G\u00f6l kenar\u0131nda ise sadece yaya kullan\u0131m\u0131 olacak. Tam g\u00fcn ziyaret\u00e7ilerin g\u00fcn\u00fcn\u00fcn g\u00fczel ge\u00e7irmesini sa\u011flamaya y\u00f6nelik Salda G\u00f6l\u00fc\u2019n\u00fcn uzak \u00e7evresinde de ye\u015fillendirme \u00e7al\u0131\u015fmalar\u0131 yap\u0131lacak ve hep birlikte koruyup ya\u015fataca\u011f\u0131z.\u201d<\/p>\n<!-- Error, Advert is not available at this time due to schedule\/geolocation restrictions! -->\n","protected":false},"excerpt":{"rendered":"<p>AKP Burdur Milletvekili Bayram \u00d6z\u00e7elik, \u2018T\u00fcrkiye\u2019nin Maldivler\u2019i olarak an\u0131lan Salda G\u00f6l\u00fc\u2019ne millet bah\u00e7esi yap\u0131lmas\u0131yla g\u00fcn\u00fcbirlik ziyaretteki kirlili\u011fin \u00f6nlenebilece\u011fini savundu. TOK\u0130, Salda G\u00f6l\u00fc\u2019ne millet bah\u00e7eli yap\u0131lmas\u0131 i\u00e7in \u0130stanbul\u2019daki binas\u0131nda d\u00fcn ihale d\u00fczenledi. \u0130haleye yedi firma kat\u0131ld\u0131. Firmalar 14 milyon 699 bin lira ile 32 milyon lira aras\u0131nda de\u011fi\u015fen teklifler verdi. Teklifler de\u011ferlendirme s\u00fcrecine al\u0131nd\u0131. TOK\u0130, kazanan\u0131 &hellip;<\/p>\n","protected":false},"author":4,"featured_media":280615,"comment_status":"open","ping_status":"open","sticky":false,"template":"","format":"standard","meta":{"_acf_changed":false,"footnotes":""},"categories":[6155,220968,5005,6805],"tags":[9476,210482],"class_list":["post-280614","post","type-post","status-publish","format-standard","has-post-thumbnail","hentry","category-gundem","category-maldivler","category-manset","category-turkiye","tag-akp","tag-salda-golu"],"acf":[],"_links":{"self":[{"href":"https:\/\/www.nationalturk.com\/tr\/wp-json\/wp\/v2\/posts\/280614","targetHints":{"allow":["GET"]}}],"collection":[{"href":"https:\/\/www.nationalturk.com\/tr\/wp-json\/wp\/v2\/posts"}],"about":[{"href":"https:\/\/www.nationalturk.com\/tr\/wp-json\/wp\/v2\/types\/post"}],"author":[{"embeddable":true,"href":"https:\/\/www.nationalturk.com\/tr\/wp-json\/wp\/v2\/users\/4"}],"replies":[{"embeddable":true,"href":"https:\/\/www.nationalturk.com\/tr\/wp-json\/wp\/v2\/comments?post=280614"}],"version-history":[{"count":0,"href":"https:\/\/www.nationalturk.com\/tr\/wp-json\/wp\/v2\/posts\/280614\/revisions"}],"wp:featuredmedia":[{"embeddable":true,"href":"https:\/\/www.nationalturk.com\/tr\/wp-json\/wp\/v2\/media\/280615"}],"wp:attachment":[{"href":"https:\/\/www.nationalturk.com\/tr\/wp-json\/wp\/v2\/media?parent=280614"}],"wp:term":[{"taxonomy":"category","embeddable":true,"href":"https:\/\/www.nationalturk.com\/tr\/wp-json\/wp\/v2\/categories?post=280614"},{"taxonomy":"post_tag","embeddable":true,"href":"https:\/\/www.nationalturk.com\/tr\/wp-json\/wp\/v2\/tags?post=280614"}],"curies":[{"name":"wp","href":"https:\/\/api.w.org\/{rel}","templated":true}]}}