{"id":280656,"date":"2019-08-02T16:05:11","date_gmt":"2019-08-02T13:05:11","guid":{"rendered":"https:\/\/www.nationalturk.com\/?p=280656"},"modified":"2022-09-10T16:34:07","modified_gmt":"2022-09-10T13:34:07","slug":"suleyman-soylu-vatandas-yapilan-suriyeli-sayisini-acikladi","status":"publish","type":"post","link":"https:\/\/www.nationalturk.com\/tr\/suleyman-soylu-vatandas-yapilan-suriyeli-sayisini-acikladi\/","title":{"rendered":"S\u00fcleyman Soylu vatanda\u015f yap\u0131lan Suriyeli say\u0131s\u0131n\u0131 a\u00e7\u0131klad\u0131"},"content":{"rendered":"<h2>\u0130\u00e7i\u015fleri Bakan\u0131 S\u00fcleyman Soylu &#8220;Bug\u00fcne kadar \u00e7ocuklar da dahil olmak \u00fczere 92 bin 280 Suriyeliye vatanda\u015fl\u0131k verildi. Bunlar\u0131n 47 bini ergin, 45 bin 280&#8217;i \u00e7ocuk&#8221; dedi. \/ Son Dakika&#8230;<\/h2>\n<p>S\u00fcleyman Soylu, &#8220;Bu y\u0131l, 29 Temmuz itibar\u0131yla d\u00fczensiz g\u00f6\u00e7men yakalamada 177 bin 654 rakam\u0131nday\u0131z. 2017&#8217;yi ge\u00e7tik. 300 bini de a\u015faca\u011f\u0131z, \u00f6yle g\u00f6r\u00fcn\u00fcyor.&#8221; dedi.<\/p>\n<p>Soylu, medya kurulu\u015flar\u0131n\u0131n Ankara temsilcileriyle bakanl\u0131kta bir araya geldi.<\/p>\n<p>D\u00fcnyan\u0131n 21. y\u00fczy\u0131lda \u00e7ok ciddi bir g\u00f6\u00e7 hareketlili\u011fine sahne oldu\u011funu belirten Soylu, g\u00f6\u00e7\u00fcn ana sebebini, ter\u00f6r ve \u015fiddet ortam\u0131n\u0131n olu\u015fturdu\u011funu s\u00f6yledi.<\/p>\n<p>Bir g\u00f6\u00e7 sa\u011fana\u011f\u0131 ile kar\u015f\u0131 kar\u015f\u0131 olduklar\u0131n\u0131 vurgulayan Soylu, bu alan\u0131n istismar edilmesinin \u00f6n\u00fcne ge\u00e7ebilmek ad\u0131na hem ileti\u015fimi ve isti\u015fareyi artt\u0131rmaya hem de kamuoyunu, medya ve siyaseti olabildi\u011fince do\u011fru bilgilendirmeye \u00e7al\u0131\u015ft\u0131klar\u0131n\u0131 dile getirdi.<\/p>\n<p>Ka\u00e7ak g\u00f6\u00e7 yollar\u0131ndan uyu\u015fturucu yollar\u0131n\u0131n olu\u015ftu\u011funu, bundan da ter\u00f6r \u00f6rg\u00fctlerinin para kazand\u0131\u011f\u0131n\u0131 aktaran Soylu, &#8220;Biz ka\u00e7ak sigaray\u0131 T\u00fcrkiye&#8217;de son 3 y\u0131lda y\u00fczde 21,5-22 seviyesinden y\u00fczde 1,5 seviyesine d\u00fc\u015f\u00fcrd\u00fck. Ka\u00e7ak\u00e7\u0131l\u0131\u011f\u0131 yapanlar \u015fimdi ka\u00e7ak g\u00f6\u00e7men ticareti yap\u0131yor. Bu, kendi ad\u0131na d\u00fcnyay\u0131 da tehdit eden illegal sinerji olu\u015fturuyor.&#8221; diye konu\u015ftu.<\/p>\n<p>T\u00fcrkiye&#8217;de ge\u00e7ici koruma stat\u00fcs\u00fcne sahip 3 milyon 639 bin 284 Suriyeli oldu\u011funa dikkati \u00e7eken Soylu, \u015funlar\u0131 kaydetti:<\/p>\n<p>&#8220;T\u00fcrkiye&#8217;nin Cumhuriyet tarihinde ald\u0131\u011f\u0131 toplam g\u00f6\u00e7men say\u0131s\u0131, bu verdi\u011fim Suriyeli rakam\u0131 dahil 5,7 milyon ki\u015fidir. Yani daha \u00f6nce ya\u015famad\u0131\u011f\u0131m\u0131z bir \u015feyi ya\u015f\u0131yoruz. Ekonomik sebeplerle g\u00f6\u00e7, zaten t\u00fcm d\u00fcnyada belli bir \u00f6l\u00e7ekte var olan bir \u015feydi. Oysa T\u00fcrkiye s\u0131n\u0131r\u0131na birdenbire y\u00fcz binlerce insan sadece daha \u00e7ok para kazanmak i\u00e7in ko\u015fmad\u0131. Bu insanlar net \u015fekilde \u00f6l\u00fcmden ka\u00e7t\u0131lar. \u00d6l\u00fcmden ka\u00e7anlar bir aks olu\u015fturdu. Elbette ki ekonomik sebeplerle g\u00f6\u00e7 etmek isteyenler de bu aks\u0131 kullanm\u0131\u015f olabilir ama temelde T\u00fcrkiye&#8217;nin ve d\u00fcnyan\u0131n bug\u00fcn maruz kald\u0131\u011f\u0131 kitlesel g\u00f6\u00e7 hareketi ve d\u00fczensiz g\u00f6\u00e7 probleminin belirleyicisi ekonomi de\u011fil, olu\u015fturulan ter\u00f6r ve \u015fiddet ortam\u0131d\u0131r.&#8221;<\/p>\n<h3>&#8220;Uluslararas\u0131 koruma ba\u015fvurusu alabilme kabiliyetine sahip \u00fclke olduk&#8221;<\/h3>\n<p>T\u00fcrkiye&#8217;nin &#8220;uluslararas\u0131 koruma ba\u015fvurusu&#8221; konusunda bir lig y\u00fckseldi\u011fini anlatan Soylu, &#8220;T\u00fcrkiye, uluslararas\u0131 koruma ba\u015fvurusunu alabilme kabiliyetine sahip \u00fclke oldu. Daha \u00f6nce bizim ad\u0131m\u0131za Birle\u015fmi\u015f Milletler M\u00fclteciler Y\u00fcksek Komiserli\u011fi al\u0131yordu. Ge\u00e7en y\u0131l T\u00fcrkiye&#8217;nin g\u00f6\u00e7 konusunda elde etti\u011fi yetkinlik ve yeterlilik, T\u00fcrkiye&#8217;nin bu ba\u015fvuruyu kendi ad\u0131na almas\u0131n\u0131 sa\u011flad\u0131.&#8221; ifadelerini kulland\u0131.<\/p>\n<p>Bakan Soylu, Suriyelilerin bayramda \u00fclkelerine gitmesi konusunda serbestlik sa\u011flad\u0131klar\u0131 i\u00e7in ele\u015ftirildiklerine de\u011finerek, \u015f\u00f6yle devam etti:<\/p>\n<p>&#8220;Suriyelilerin bayramda \u00fclkelerine gitmesi, arkada\u015flar\u0131m\u0131zla yapt\u0131\u011f\u0131m\u0131z de\u011ferlendirme sonras\u0131 olu\u015fturdu\u011fumuz politikad\u0131r. &#8216;Gidebilen kadar\u0131 gitsin, oray\u0131 g\u00f6rs\u00fcnler, kalmak isteyen orada kals\u0131n.&#8217; Bu politika tuttu. Son Ramazan Bayram\u0131&#8217;nda giden 36 bin ki\u015fi geri d\u00f6nmedi. Ramazan Bayram\u0131&#8217;nda 85 bin Suriyeli&#8217;den 35 bini \u0130dlib&#8217;e gitti. Bazen bizi ele\u015ftiriyorlar ya &#8216;\u0130dlib&#8217;e \u00f6l\u00fcme g\u00f6nderdiler.&#8217; diye. Biz kimseyi g\u00f6ndermedik. Onun da alt\u0131n\u0131 \u00e7izerek s\u00f6yl\u00fcyorum. Kurban Bayram\u0131 i\u00e7in de \u015fu ana kadar 20 binin \u00fczerinde \u00e7\u0131k\u0131\u015f sa\u011fland\u0131.&#8221;<\/p>\n<p>\u015eu anda 16 bin olan geri g\u00f6nderme merkezi kapasitesinin y\u0131l sonunda yakla\u015f\u0131k 20 bini bulaca\u011f\u0131n\u0131 dile getiren Soylu, 87 bin 464 ki\u015finin bar\u0131nma merkezlerinde kald\u0131\u011f\u0131na, bu yerlerin toplam kapasitesinin ise 165 bin 609 ki\u015fi oldu\u011funa i\u015faret etti.<\/p>\n<p>T\u00fcrkiye&#8217;de bu y\u0131l\u0131n ocak ay\u0131 itibar\u0131yla Milli E\u011fitim Bakanl\u0131\u011f\u0131 Hayat Boyu \u00d6\u011frenme Genel M\u00fcd\u00fcrl\u00fc\u011f\u00fc verilerine g\u00f6re e\u011fitim \u00e7a\u011f\u0131ndaki Suriyeli \u00e7ocuk say\u0131s\u0131n\u0131n 1 milyon 47 bin 536 oldu\u011funu aktaran Soylu, \u015f\u00f6yle konu\u015ftu:<\/p>\n<p>&#8220;E\u011fitim \u00e7a\u011f\u0131ndaki Suriyeli \u00e7ocuklar\u0131n okulla\u015fma oran\u0131 ortalama y\u00fczde 61,69, ilkokullardaki okulla\u015fma oran\u0131 y\u00fczde 96,3&#8217;t\u00fcr. M\u00fclteciler i\u00e7in d\u00fcnya genelinde ilkokuldaki okulla\u015fma oran\u0131 y\u00fczde 61&#8217;dir. Yani biz g\u00f6\u00e7menleri sadece i\u00e7eri al\u0131p b\u0131rakm\u0131yoruz. Y\u00fczde 50&#8217;si 18 ya\u015f\u0131n alt\u0131nda olan, sava\u015f ve \u015fiddet ko\u015fullar\u0131nda travmatik deneyimler ya\u015fayarak T\u00fcrkiye&#8217;ye s\u0131\u011f\u0131nmak zorunda kalan Suriyelilerin e\u011fitim sistemine dahil olmalar\u0131 konusunda \u00e7ok ba\u015far\u0131l\u0131 \u00e7al\u0131\u015fmalar yap\u0131yoruz. Mesela &#8216;Suriyeli \u00c7ocuklar\u0131n T\u00fcrk E\u011fitim Sistemine Entegrasyonunun Desteklenmesi Projesi&#8217; ad\u0131yla bir proje y\u00fcr\u00fct\u00fcyoruz. \u0130ki y\u0131ll\u0131k bir proje olarak \u00f6ng\u00f6r\u00fcld\u00fc. \u015eubat 2018 verilerine g\u00f6re, proje kapsam\u0131nda 23 ilde 390 bin Suriyeli \u00f6\u011frenciye 5 bin 555 T\u00fcrk\u00e7e \u00f6\u011fretici taraf\u0131ndan T\u00fcrk\u00e7e \u00f6\u011fretim dersi, 495 rehberlik dan\u0131\u015fman\u0131yla dan\u0131\u015fmanl\u0131k dersi verilmi\u015ftir. Yine ayn\u0131 proje kapsam\u0131nda ge\u00e7en y\u0131l okullar\u0131nda Suriyeli \u00f6\u011frenci bulunan 2 bin 500 idareciye e\u011fitim verdik. E\u011fitim i\u015fine g\u00f6\u00e7\u00fcn ilk anlar\u0131ndan itibaren e\u011fildik.&#8221;<\/p>\n<h3>&#8220;Sahil G\u00f6zetleme Radar Sistemi ola\u011fan\u00fcst\u00fc bir projedir&#8221;<\/h3>\n<p>D\u00fczensiz g\u00f6\u00e7le de m\u00fccadele ettiklerine dikkati \u00e7eken Soylu, g\u00fcnde ortalama 2 bin ka\u00e7ak g\u00f6\u00e7men yakaland\u0131\u011f\u0131n\u0131 vurgulad\u0131.<\/p>\n<p>D\u00fczensiz g\u00f6\u00e7le m\u00fccadele kapsam\u0131nda herkesin onur duyaca\u011f\u0131 bir projenin hayata ge\u00e7irildi\u011fini ifade eden Soylu, \u015fu bilgileri verdi:<\/p>\n<p>&#8220;Hi\u00e7bir denizimizi g\u00f6zetlemeksizin, hi\u00e7bir yak\u0131n suyumuzu radars\u0131z b\u0131rakmadan \u00e7ok \u00f6nemli bir projeyi ger\u00e7ekle\u015ftiriyoruz. Hopa&#8217;dan Ege&#8217;ye, Akdeniz&#8217;den Karadeniz&#8217;e kadar&#8230; Projeyi ASELSAN ile beraber y\u00fcr\u00fct\u00fcyoruz. Sahil G\u00f6zetleme Radar Sistemi ola\u011fan\u00fcst\u00fc bir projedir. Deniz Kuvvetleri Komutanl\u0131\u011f\u0131 ile Ula\u015ft\u0131rma ve Altyap\u0131 Bakanl\u0131\u011f\u0131n\u0131n radarlar\u0131, bizim G\u00f6zetleme Radar Sistemi&#8217;yle devreye sokulan radarlar\u0131n tamam\u0131yla birbirine entegre olacak. Denizlerimizde bir tek bo\u015f santimetrekare kalmayacak.&#8221;<\/p>\n<h3>&#8220;K\u00fcresel anlamda da maruz kald\u0131\u011f\u0131m\u0131z bask\u0131 azal\u0131yor de\u011fil&#8221;<\/h3>\n<p>Afgan d\u00fczensiz g\u00f6\u00e7menlere y\u00f6nelik de\u011ferlendirmelerde de bulunan Soylu, 7 ayda yakalanan 72 bin Afganistan vatanda\u015f\u0131ndan 29 bininin geri g\u00f6nderildi\u011fini bildirdi.<\/p>\n<p>Bakan Soylu, bazen d\u00fczensiz g\u00f6\u00e7menlerle ilgili &#8220;B\u0131rak\u0131n Avrupa&#8217;ya ge\u00e7sinler.&#8221; denildi\u011fine i\u015faret ederek, &#8220;Peki, Avrupa&#8217;ya ge\u00e7erse ne olacak biliyor musunuz? E\u011fer ben bunu kontrol edemezsem T\u00fcrkiye, hi\u00e7birimizin y\u00f6netemeyece\u011fi bir g\u00f6\u00e7 transit merkezi haline gelecek. Bir g\u00fcnde \u0130zmir&#8217;den 30-35 bin ki\u015fi ge\u00e7ebilir. B\u0131rakal\u0131m \u0130zmir&#8217;i, bak\u0131n bakal\u0131m ne oluyor.&#8221; de\u011ferlendirmesini yapt\u0131.<\/p>\n<p>2017&#8217;de 175 bin 752, 2018&#8217;de 268 bin d\u00fczensiz g\u00f6\u00e7men yakalad\u0131klar\u0131n\u0131 aktaran Soylu, &#8220;Bu y\u0131l, 29 Temmuz itibar\u0131yla d\u00fczensiz g\u00f6\u00e7men yakalamada 177 bin 654 rakam\u0131nday\u0131z. 2017&#8217;yi ge\u00e7tik. 300 bini de a\u015faca\u011f\u0131z, \u00f6yle g\u00f6r\u00fcn\u00fcyor. K\u00fcresel anlamda da maruz kald\u0131\u011f\u0131m\u0131z bask\u0131 azal\u0131yor de\u011fil.&#8221; dedi.<\/p>\n<p>Ge\u00e7en y\u0131l \u0130stanbul&#8217;da 28 bin, y\u0131lba\u015f\u0131ndan bu yana 35 bin ka\u00e7ak g\u00f6\u00e7menin yakaland\u0131\u011f\u0131n\u0131 ifade eden Soylu, &#8220;\u0130stanbul&#8217;da 12-31 Temmuz aras\u0131nda 12 bin 474 ka\u00e7ak g\u00f6\u00e7men yakaland\u0131.&#8221; ifadesini kulland\u0131.<\/p>\n<h3>Suriyelilerle ilgili do\u011fru bilinen yanl\u0131\u015flar<\/h3>\n<p>Soylu, Suriyelilerle ilgili do\u011fru bilinen yanl\u0131\u015flara da de\u011finerek, Suriyelilerin devletten maa\u015f ald\u0131\u011f\u0131, hastanelerde \u00f6ncelikli bak\u0131ld\u0131\u011f\u0131, Suriyeli \u00f6\u011frencilere devlet taraf\u0131ndan bin 200 lira burs verildi\u011fi, TOK\u0130&#8217;den bedava ev verildi\u011fi, \u00fcniversitelere s\u0131navs\u0131z kabul edildikleri, motorlu ta\u015f\u0131tlar vergisinden muaf olduklar\u0131, devlet memurlu\u011funa al\u0131nd\u0131klar\u0131, \u00f6zellikle se\u00e7im d\u00f6nemlerinde geli\u015fig\u00fczel vatanda\u015f yap\u0131ld\u0131\u011f\u0131 gibi pek \u00e7ok as\u0131ls\u0131z iddia ile kar\u015f\u0131 kar\u015f\u0131ya kald\u0131klar\u0131n\u0131 dile getirdi.<\/p>\n<!-- Error, Advert is not available at this time due to schedule\/geolocation restrictions! -->\n","protected":false},"excerpt":{"rendered":"<p>\u0130\u00e7i\u015fleri Bakan\u0131 S\u00fcleyman Soylu &#8220;Bug\u00fcne kadar \u00e7ocuklar da dahil olmak \u00fczere 92 bin 280 Suriyeliye vatanda\u015fl\u0131k verildi. Bunlar\u0131n 47 bini ergin, 45 bin 280&#8217;i \u00e7ocuk&#8221; dedi. \/ Son Dakika&#8230; S\u00fcleyman Soylu, &#8220;Bu y\u0131l, 29 Temmuz itibar\u0131yla d\u00fczensiz g\u00f6\u00e7men yakalamada 177 bin 654 rakam\u0131nday\u0131z. 2017&#8217;yi ge\u00e7tik. 300 bini de a\u015faca\u011f\u0131z, \u00f6yle g\u00f6r\u00fcn\u00fcyor.&#8221; dedi. Soylu, medya kurulu\u015flar\u0131n\u0131n &hellip;<\/p>\n","protected":false},"author":4,"featured_media":250878,"comment_status":"open","ping_status":"open","sticky":false,"template":"","format":"standard","meta":{"_acf_changed":false,"footnotes":""},"categories":[6155,5005,6772,6202,349,6805],"tags":[40322,806,109484],"class_list":["post-280656","post","type-post","status-publish","format-standard","has-post-thumbnail","hentry","category-gundem","category-manset","category-ortadogu","category-politika","category-son-dakika","category-turkiye","tag-suleyman-soylu","tag-suriye","tag-suriyeli-sayisi"],"acf":[],"_links":{"self":[{"href":"https:\/\/www.nationalturk.com\/tr\/wp-json\/wp\/v2\/posts\/280656","targetHints":{"allow":["GET"]}}],"collection":[{"href":"https:\/\/www.nationalturk.com\/tr\/wp-json\/wp\/v2\/posts"}],"about":[{"href":"https:\/\/www.nationalturk.com\/tr\/wp-json\/wp\/v2\/types\/post"}],"author":[{"embeddable":true,"href":"https:\/\/www.nationalturk.com\/tr\/wp-json\/wp\/v2\/users\/4"}],"replies":[{"embeddable":true,"href":"https:\/\/www.nationalturk.com\/tr\/wp-json\/wp\/v2\/comments?post=280656"}],"version-history":[{"count":0,"href":"https:\/\/www.nationalturk.com\/tr\/wp-json\/wp\/v2\/posts\/280656\/revisions"}],"wp:featuredmedia":[{"embeddable":true,"href":"https:\/\/www.nationalturk.com\/tr\/wp-json\/wp\/v2\/media\/250878"}],"wp:attachment":[{"href":"https:\/\/www.nationalturk.com\/tr\/wp-json\/wp\/v2\/media?parent=280656"}],"wp:term":[{"taxonomy":"category","embeddable":true,"href":"https:\/\/www.nationalturk.com\/tr\/wp-json\/wp\/v2\/categories?post=280656"},{"taxonomy":"post_tag","embeddable":true,"href":"https:\/\/www.nationalturk.com\/tr\/wp-json\/wp\/v2\/tags?post=280656"}],"curies":[{"name":"wp","href":"https:\/\/api.w.org\/{rel}","templated":true}]}}