{"id":280691,"date":"2019-08-05T10:50:55","date_gmt":"2019-08-05T07:50:55","guid":{"rendered":"https:\/\/www.nationalturk.com\/?p=280691"},"modified":"2019-08-05T10:50:55","modified_gmt":"2019-08-05T07:50:55","slug":"yalova-belediyesi-kaldirim-isgaline-el-atti-darisi-diger-sehirlere","status":"publish","type":"post","link":"https:\/\/www.nationalturk.com\/tr\/yalova-belediyesi-kaldirim-isgaline-el-atti-darisi-diger-sehirlere\/","title":{"rendered":"Yalova Belediyesi kald\u0131r\u0131m i\u015fgaline el att\u0131! Dar\u0131s\u0131 di\u011fer \u015fehirlere"},"content":{"rendered":"<h2>Yalova Belediyesince kanuna uygun olmad\u0131\u011f\u0131 gerek\u00e7esiyle Gazipa\u015fa Caddesi&#8217;nde yer alan i\u015fletmelerin kapal\u0131 \u00e7\u0131kmalar\u0131 kald\u0131r\u0131lmaya ba\u015fland\u0131.<\/h2>\n<p>\u015eehrin en i\u015flek caddesi olan Gazipa\u015fa Caddesi&#8217;ndeki i\u015fletmelerin kapal\u0131 \u00e7\u0131kmalar\u0131n\u0131n kald\u0131r\u0131lmas\u0131 i\u00e7in verilen s\u00fcrenin dolmas\u0131n\u0131n ard\u0131ndan bu sabah saat 05.30&#8217;da y\u0131k\u0131m \u00e7al\u0131\u015fmas\u0131 ba\u015flat\u0131ld\u0131.<\/p>\n<p>Yalova Belediyesine ba\u011fl\u0131 \u00e7ok say\u0131da zab\u0131ta, \u00f6zel g\u00fcvenlik ve temizlik personeli y\u0131k\u0131m \u00e7al\u0131\u015fmas\u0131 \u00f6ncesi caddede g\u00f6rev ald\u0131.<\/p>\n<p>\u0130tfaiye, ambulans ve i\u015f makinelerinin de b\u00f6lgede bulundu\u011fu y\u0131k\u0131m \u00e7al\u0131\u015fmas\u0131 \u00f6ncesi \u00e7ok say\u0131da \u00e7evik kuvvet ve asayi\u015f ekibi g\u00fcvenlik \u00f6nlemi ald\u0131.<\/p>\n<p>Y\u0131k\u0131m \u00e7al\u0131\u015fmas\u0131 \u00f6ncesi esnaf\u0131n bir k\u0131sm\u0131 kapal\u0131 \u00e7\u0131kmalar\u0131n\u0131 kendi imkanlar\u0131yla kald\u0131rmaya devam etti.<\/p>\n<p>Caddeye giri\u015f ve \u00e7\u0131k\u0131\u015flar\u0131 sa\u011flayan sokaklar ise i\u015f makineleri ve zab\u0131ta ara\u00e7lar\u0131yla kapat\u0131ld\u0131.<\/p>\n<p>Yalova Belediye Ba\u015fkan\u0131 Vefa Salman, y\u0131k\u0131m \u00e7al\u0131\u015fmas\u0131 \u00f6ncesi belediye ba\u015fkan\u0131 yard\u0131mc\u0131lar\u0131 ve birim m\u00fcd\u00fcrleriyle caddede inceleme yapt\u0131.<\/p>\n<p>Salman, caddede \u00e7ok say\u0131da temizlik personeli e\u015fli\u011finde y\u00fcr\u00fcyerek yap\u0131lacak \u00e7al\u0131\u015fmalar hakk\u0131nda bilgi ald\u0131.<\/p>\n<p>Belediye \u00e7al\u0131\u015fanlar\u0131na burada bir konu\u015fma yapan Salman, s\u00fcrecin devam edece\u011fini s\u00f6yledi.<\/p>\n<p>Caddede kanun kapsam\u0131nda gerekenin yap\u0131ld\u0131\u011f\u0131n\u0131 belirterek, \u015fu de\u011ferlendirmede bulundu:<\/p>\n<p>&#8220;\u015eimdi y\u00fcr\u00fcrken akl\u0131ma hep \u00e7ocukluk y\u0131llar\u0131m geldi. 1970&#8217;te de b\u00f6yleydi ama o zaman n\u00fcfus 10 binlerdeydi \u015fimdi n\u00fcfus 130 k\u00fcsur binlere geldi. Haliyle geni\u015fleyece\u011fi yerde daral\u0131yordu. Sahil iyi bir nefes ald\u0131. Bende \u00e7ok mutlu oldum. Tekrar tekrar hepinize te\u015fekk\u00fcr ediyorum. Ba\u015fta Say\u0131n Valimize, Emniyet M\u00fcd\u00fcr\u00fcm\u00fcze. Onlar da bize \u00f6zveriyle destek verdiler. Ben d\u00fcn ak\u015fam Emniyet M\u00fcd\u00fcr\u00fcm\u00fczle de g\u00f6r\u00fc\u015ft\u00fcm. Zaten g\u00f6rd\u00fcn\u00fcz, g\u00f6revli arkada\u015flar\u0131m\u0131z da burada ama siz benim ailemsiniz, size ayr\u0131ca bir te\u015fekk\u00fcr ediyorum.&#8221;<\/p>\n<p>Salman&#8217;\u0131n konu\u015fmas\u0131n\u0131n ard\u0131ndan ekipler, verilen s\u00fcre i\u00e7inde i\u015f yerlerinden kald\u0131r\u0131lmayan \u00e7\u0131kmalar\u0131n toplanmas\u0131 i\u00e7in \u00e7al\u0131\u015fma ba\u015flat\u0131ld\u0131.<\/p>\n<p>\u00c7\u0131kmalar\u0131n kald\u0131r\u0131lma \u00e7al\u0131\u015fmalar\u0131na i\u015f makineleri de e\u015flik etti.<\/p>\n<p>Gazipa\u015fa Caddesi&#8217;ndeki i\u015f yerlerine ait kanuna ayk\u0131r\u0131 \u00e7\u0131kmalar\u0131n ekiplerce kald\u0131r\u0131lmaya devam edilece\u011fi \u00f6\u011frenildi.<\/p>\n<!-- Error, Advert is not available at this time due to schedule\/geolocation restrictions! -->\n","protected":false},"excerpt":{"rendered":"<p>Yalova Belediyesince kanuna uygun olmad\u0131\u011f\u0131 gerek\u00e7esiyle Gazipa\u015fa Caddesi&#8217;nde yer alan i\u015fletmelerin kapal\u0131 \u00e7\u0131kmalar\u0131 kald\u0131r\u0131lmaya ba\u015fland\u0131. \u015eehrin en i\u015flek caddesi olan Gazipa\u015fa Caddesi&#8217;ndeki i\u015fletmelerin kapal\u0131 \u00e7\u0131kmalar\u0131n\u0131n kald\u0131r\u0131lmas\u0131 i\u00e7in verilen s\u00fcrenin dolmas\u0131n\u0131n ard\u0131ndan bu sabah saat 05.30&#8217;da y\u0131k\u0131m \u00e7al\u0131\u015fmas\u0131 ba\u015flat\u0131ld\u0131. Yalova Belediyesine ba\u011fl\u0131 \u00e7ok say\u0131da zab\u0131ta, \u00f6zel g\u00fcvenlik ve temizlik personeli y\u0131k\u0131m \u00e7al\u0131\u015fmas\u0131 \u00f6ncesi caddede g\u00f6rev ald\u0131. &hellip;<\/p>\n","protected":false},"author":4,"featured_media":280692,"comment_status":"open","ping_status":"open","sticky":false,"template":"","format":"standard","meta":{"_acf_changed":false,"footnotes":""},"categories":[6155,5005,349,6805],"tags":[158266,10329],"class_list":["post-280691","post","type-post","status-publish","format-standard","has-post-thumbnail","hentry","category-gundem","category-manset","category-son-dakika","category-turkiye","tag-vefa-salman","tag-yalova"],"acf":[],"_links":{"self":[{"href":"https:\/\/www.nationalturk.com\/tr\/wp-json\/wp\/v2\/posts\/280691","targetHints":{"allow":["GET"]}}],"collection":[{"href":"https:\/\/www.nationalturk.com\/tr\/wp-json\/wp\/v2\/posts"}],"about":[{"href":"https:\/\/www.nationalturk.com\/tr\/wp-json\/wp\/v2\/types\/post"}],"author":[{"embeddable":true,"href":"https:\/\/www.nationalturk.com\/tr\/wp-json\/wp\/v2\/users\/4"}],"replies":[{"embeddable":true,"href":"https:\/\/www.nationalturk.com\/tr\/wp-json\/wp\/v2\/comments?post=280691"}],"version-history":[{"count":0,"href":"https:\/\/www.nationalturk.com\/tr\/wp-json\/wp\/v2\/posts\/280691\/revisions"}],"wp:featuredmedia":[{"embeddable":true,"href":"https:\/\/www.nationalturk.com\/tr\/wp-json\/wp\/v2\/media\/280692"}],"wp:attachment":[{"href":"https:\/\/www.nationalturk.com\/tr\/wp-json\/wp\/v2\/media?parent=280691"}],"wp:term":[{"taxonomy":"category","embeddable":true,"href":"https:\/\/www.nationalturk.com\/tr\/wp-json\/wp\/v2\/categories?post=280691"},{"taxonomy":"post_tag","embeddable":true,"href":"https:\/\/www.nationalturk.com\/tr\/wp-json\/wp\/v2\/tags?post=280691"}],"curies":[{"name":"wp","href":"https:\/\/api.w.org\/{rel}","templated":true}]}}