{"id":280730,"date":"2019-08-06T12:00:55","date_gmt":"2019-08-06T09:00:55","guid":{"rendered":"https:\/\/www.nationalturk.com\/?p=280730"},"modified":"2019-08-06T12:00:55","modified_gmt":"2019-08-06T09:00:55","slug":"ilk-milli-ucan-arabaya-arap-bilim-adaminin-ismi-verildi","status":"publish","type":"post","link":"https:\/\/www.nationalturk.com\/tr\/ilk-milli-ucan-arabaya-arap-bilim-adaminin-ismi-verildi\/","title":{"rendered":"&#8220;\u0130lk milli u\u00e7an arabaya&#8221; Arap bilim adam\u0131n\u0131n ismi verildi"},"content":{"rendered":"<h2>Baykar Teknik M\u00fcd\u00fcr\u00fc (CTO) ve T\u00fcrkiye Teknoloji Tak\u0131m\u0131 Vakf\u0131 (T3 Vakf\u0131) M\u00fctevelli Heyeti Ba\u015fkan\u0131 Sel\u00e7uk Bayraktar, T\u00fcrkiye&#8217;nin ilk milli u\u00e7an arabas\u0131 olacak &#8220;CEZER\u0130&#8221;nin prototipini haz\u0131rlad\u0131klar\u0131n\u0131 duyurdu.<\/h2>\n<p>Bayraktar, Twitter hesab\u0131ndan T\u00fcrkiye&#8217;nin ilk milli u\u00e7an araba projesi &#8220;CEZER\u0130&#8221;ye ili\u015fkin payla\u015f\u0131mda bulundu.<\/p>\n<p>Prototip \u00fcretiminin bitirilmesi durumunda TEKNOFEST&#8217;te u\u00e7u\u015f yap\u0131laca\u011f\u0131 bilgisini veren Bayraktar, &#8220;CEZER\u0130&#8221;nin tasar\u0131m\u0131na ili\u015fkin takip\u00e7ilerinden de g\u00f6r\u00fc\u015f talep etti.<\/p>\n<p>Prototipe ismini veren El Cezeri, tam ad\u0131 Eb\u00fb\u2019l \u0130z \u0130smail \u0130bni Rezzaz El Cezer\u00ee olan, \u0130slam&#8217;\u0131n Alt\u0131n \u00c7a\u011f\u0131nda \u00e7al\u0131\u015fmalar yapan ve siberneti\u011fin kurucusu say\u0131lan Arap bilim adam\u0131.<\/p>\n<!-- Error, Advert is not available at this time due to schedule\/geolocation restrictions! -->\n","protected":false},"excerpt":{"rendered":"<p>Baykar Teknik M\u00fcd\u00fcr\u00fc (CTO) ve T\u00fcrkiye Teknoloji Tak\u0131m\u0131 Vakf\u0131 (T3 Vakf\u0131) M\u00fctevelli Heyeti Ba\u015fkan\u0131 Sel\u00e7uk Bayraktar, T\u00fcrkiye&#8217;nin ilk milli u\u00e7an arabas\u0131 olacak &#8220;CEZER\u0130&#8221;nin prototipini haz\u0131rlad\u0131klar\u0131n\u0131 duyurdu. Bayraktar, Twitter hesab\u0131ndan T\u00fcrkiye&#8217;nin ilk milli u\u00e7an araba projesi &#8220;CEZER\u0130&#8221;ye ili\u015fkin payla\u015f\u0131mda bulundu. Prototip \u00fcretiminin bitirilmesi durumunda TEKNOFEST&#8217;te u\u00e7u\u015f yap\u0131laca\u011f\u0131 bilgisini veren Bayraktar, &#8220;CEZER\u0130&#8221;nin tasar\u0131m\u0131na ili\u015fkin takip\u00e7ilerinden de g\u00f6r\u00fc\u015f &hellip;<\/p>\n","protected":false},"author":4,"featured_media":280731,"comment_status":"open","ping_status":"open","sticky":false,"template":"","format":"standard","meta":{"_acf_changed":false,"footnotes":""},"categories":[6155,5005,349,6224],"tags":[220015],"class_list":["post-280730","post","type-post","status-publish","format-standard","has-post-thumbnail","hentry","category-gundem","category-manset","category-son-dakika","category-teknoloji","tag-ucan-araba"],"acf":[],"_links":{"self":[{"href":"https:\/\/www.nationalturk.com\/tr\/wp-json\/wp\/v2\/posts\/280730","targetHints":{"allow":["GET"]}}],"collection":[{"href":"https:\/\/www.nationalturk.com\/tr\/wp-json\/wp\/v2\/posts"}],"about":[{"href":"https:\/\/www.nationalturk.com\/tr\/wp-json\/wp\/v2\/types\/post"}],"author":[{"embeddable":true,"href":"https:\/\/www.nationalturk.com\/tr\/wp-json\/wp\/v2\/users\/4"}],"replies":[{"embeddable":true,"href":"https:\/\/www.nationalturk.com\/tr\/wp-json\/wp\/v2\/comments?post=280730"}],"version-history":[{"count":0,"href":"https:\/\/www.nationalturk.com\/tr\/wp-json\/wp\/v2\/posts\/280730\/revisions"}],"wp:featuredmedia":[{"embeddable":true,"href":"https:\/\/www.nationalturk.com\/tr\/wp-json\/wp\/v2\/media\/280731"}],"wp:attachment":[{"href":"https:\/\/www.nationalturk.com\/tr\/wp-json\/wp\/v2\/media?parent=280730"}],"wp:term":[{"taxonomy":"category","embeddable":true,"href":"https:\/\/www.nationalturk.com\/tr\/wp-json\/wp\/v2\/categories?post=280730"},{"taxonomy":"post_tag","embeddable":true,"href":"https:\/\/www.nationalturk.com\/tr\/wp-json\/wp\/v2\/tags?post=280730"}],"curies":[{"name":"wp","href":"https:\/\/api.w.org\/{rel}","templated":true}]}}