{"id":280733,"date":"2019-08-06T12:40:04","date_gmt":"2019-08-06T09:40:04","guid":{"rendered":"https:\/\/www.nationalturk.com\/?p=280733"},"modified":"2019-08-06T12:40:04","modified_gmt":"2019-08-06T09:40:04","slug":"yks-yerlestirme-sonuclari-aciklandi-doluluk-yuzde-90i-asti","status":"publish","type":"post","link":"https:\/\/www.nationalturk.com\/tr\/yks-yerlestirme-sonuclari-aciklandi-doluluk-yuzde-90i-asti\/","title":{"rendered":"YKS yerle\u015ftirme sonu\u00e7lar\u0131 a\u00e7\u0131kland\u0131, doluluk y\u00fczde 90&#8217;\u0131 a\u015ft\u0131"},"content":{"rendered":"<h2>\u00d6l\u00e7me, Se\u00e7me ve Yerle\u015ftirme Merkezi (\u00d6SYM) Ba\u015fkan\u0131 Prof. Dr. Halis Ayg\u00fcn, Y\u00fcksek\u00f6\u011fretim Kurumlar\u0131 S\u0131nav\u0131 (2019-YKS) yerle\u015ftirme sonu\u00e7lar\u0131n\u0131n a\u00e7\u0131kland\u0131\u011f\u0131n\u0131 bildirdi. <\/h2>\n<p>Ayg\u00fcn, Twitter hesab\u0131ndan yapt\u0131\u011f\u0131 payla\u015f\u0131mda, \u015funlar\u0131 kaydetti: <\/p>\n<p>&#8220;De\u011ferli gen\u00e7lerimiz, milletimizin sizlerden beklentisi b\u00fcy\u00fck. \u00dclkemizin yar\u0131nlar\u0131 sizlersiniz. \u00dcniversite hayat\u0131na att\u0131\u011f\u0131n\u0131z bu ad\u0131mda ba\u015far\u0131lar diliyorum. Tercihlerine yerle\u015femeyen gen\u00e7lerimiz de eminim ki isteklerine azim ve gayretleriyle elbet ula\u015facaklard\u0131r. 2019-YKS tercih sonu\u00e7lar\u0131n\u0131n sizlere ve ailelerinize hay\u0131rl\u0131 olmas\u0131n\u0131 dilerim. Adaylar\u0131m\u0131z sonu\u00e7lar\u0131na &#8216;https:\/\/sonuc.osym.gov.tr\/&#8217; sayfam\u0131zdan ula\u015fabilirler.&#8221; <\/p>\n<p>\u00d6SYM&#8217;nin internet sitesinde yer alan duyuruda da YKS sonu\u00e7lar\u0131na g\u00f6re adaylardan al\u0131nan tercihler do\u011frultusunda, 2019-YKS y\u00fcksek\u00f6\u011fretim programlar\u0131na merkezi yerle\u015ftirme i\u015flemlerinin tamamland\u0131\u011f\u0131 ifade edildi. <\/p>\n<p>Buna g\u00f6re adaylar, yerle\u015ftirme sonu\u00e7lar\u0131n\u0131 T.C. kimlik numaralar\u0131 ve \u015fifreleri ile \u00d6SYM&#8217;nin &#8220;https:\/\/sonuc.osym.gov.tr&#8221; internet adresinden \u00f6\u011frenebilecekler. Yerle\u015ftirme Sonu\u00e7 Belgesi bas\u0131lmayacak ve adaylar\u0131n adreslerine g\u00f6nderilmeyecek. <\/p>\n<p>YKS sonu\u00e7lar\u0131na g\u00f6re bir programa kay\u0131t hakk\u0131 kazanan adaylar\u0131n kay\u0131t i\u015flemleri 19-23 A\u011fustos, elektronik kay\u0131tlar ise 19-21 A\u011fustos tarihleri aras\u0131nda yap\u0131lacak. <\/p>\n<p>Kay\u0131t i\u00e7in adaylar\u0131n yerle\u015ftirildikleri y\u00fcksek\u00f6\u011fretim program\u0131n\u0131n ba\u011fl\u0131 bulundu\u011fu \u00fcniversiteye, belirtilen s\u00fcre i\u00e7erisinde ba\u015fvurmalar\u0131 gerekiyor. Elektronik kay\u0131t yapan adaylar, \u00fcniversiteleri taraf\u0131ndan duyurulan belgelere ve tarihe g\u00f6re i\u015flem yapacaklar. <\/p>\n<p>Y\u00d6K&#8217;\u00fcn YKS Yerle\u015ftirme Sonu\u00e7lar\u0131 Raporu&#8217;na g\u00f6re 753 bin 461 aday tercihlerinden birine yerle\u015fti, programlardaki doluluk oran\u0131 y\u00fczde 90&#8217;\u0131 a\u015ft\u0131. <\/p>\n<p>YKS yerle\u015ftirme sonu\u00e7lar\u0131na g\u00f6re, lisans ve \u00f6n lisans programlar\u0131nda bo\u015f kontenjanlarda ge\u00e7en seneye g\u00f6re 57 bin 275 ki\u015filik azalma ya\u015fand\u0131, 71 bin 233 kontenjan bo\u015f kald\u0131. <\/p>\n<!-- Error, Advert is not available at this time due to schedule\/geolocation restrictions! -->\n","protected":false},"excerpt":{"rendered":"<p>\u00d6l\u00e7me, Se\u00e7me ve Yerle\u015ftirme Merkezi (\u00d6SYM) Ba\u015fkan\u0131 Prof. Dr. Halis Ayg\u00fcn, Y\u00fcksek\u00f6\u011fretim Kurumlar\u0131 S\u0131nav\u0131 (2019-YKS) yerle\u015ftirme sonu\u00e7lar\u0131n\u0131n a\u00e7\u0131kland\u0131\u011f\u0131n\u0131 bildirdi. Ayg\u00fcn, Twitter hesab\u0131ndan yapt\u0131\u011f\u0131 payla\u015f\u0131mda, \u015funlar\u0131 kaydetti: &#8220;De\u011ferli gen\u00e7lerimiz, milletimizin sizlerden beklentisi b\u00fcy\u00fck. \u00dclkemizin yar\u0131nlar\u0131 sizlersiniz. \u00dcniversite hayat\u0131na att\u0131\u011f\u0131n\u0131z bu ad\u0131mda ba\u015far\u0131lar diliyorum. Tercihlerine yerle\u015femeyen gen\u00e7lerimiz de eminim ki isteklerine azim ve gayretleriyle elbet ula\u015facaklard\u0131r. 2019-YKS &hellip;<\/p>\n","protected":false},"author":4,"featured_media":266800,"comment_status":"open","ping_status":"open","sticky":false,"template":"","format":"standard","meta":{"_acf_changed":false,"footnotes":""},"categories":[6663,6155,5005,349],"tags":[213830],"class_list":["post-280733","post","type-post","status-publish","format-standard","has-post-thumbnail","hentry","category-egitim","category-gundem","category-manset","category-son-dakika","tag-yks"],"acf":[],"_links":{"self":[{"href":"https:\/\/www.nationalturk.com\/tr\/wp-json\/wp\/v2\/posts\/280733","targetHints":{"allow":["GET"]}}],"collection":[{"href":"https:\/\/www.nationalturk.com\/tr\/wp-json\/wp\/v2\/posts"}],"about":[{"href":"https:\/\/www.nationalturk.com\/tr\/wp-json\/wp\/v2\/types\/post"}],"author":[{"embeddable":true,"href":"https:\/\/www.nationalturk.com\/tr\/wp-json\/wp\/v2\/users\/4"}],"replies":[{"embeddable":true,"href":"https:\/\/www.nationalturk.com\/tr\/wp-json\/wp\/v2\/comments?post=280733"}],"version-history":[{"count":0,"href":"https:\/\/www.nationalturk.com\/tr\/wp-json\/wp\/v2\/posts\/280733\/revisions"}],"wp:featuredmedia":[{"embeddable":true,"href":"https:\/\/www.nationalturk.com\/tr\/wp-json\/wp\/v2\/media\/266800"}],"wp:attachment":[{"href":"https:\/\/www.nationalturk.com\/tr\/wp-json\/wp\/v2\/media?parent=280733"}],"wp:term":[{"taxonomy":"category","embeddable":true,"href":"https:\/\/www.nationalturk.com\/tr\/wp-json\/wp\/v2\/categories?post=280733"},{"taxonomy":"post_tag","embeddable":true,"href":"https:\/\/www.nationalturk.com\/tr\/wp-json\/wp\/v2\/tags?post=280733"}],"curies":[{"name":"wp","href":"https:\/\/api.w.org\/{rel}","templated":true}]}}