{"id":280812,"date":"2019-08-08T12:22:53","date_gmt":"2019-08-08T09:22:53","guid":{"rendered":"https:\/\/www.nationalturk.com\/?p=280812"},"modified":"2019-08-08T12:23:19","modified_gmt":"2019-08-08T09:23:19","slug":"ali-koc-cumhurbaskani-erdogani-tebrik-etti","status":"publish","type":"post","link":"https:\/\/www.nationalturk.com\/tr\/ali-koc-cumhurbaskani-erdogani-tebrik-etti\/","title":{"rendered":"Ali Ko\u00e7 Cumhurba\u015fkan\u0131 Erdo\u011fan&#8217;\u0131 tebrik etti"},"content":{"rendered":"<h2>Ali Ko\u00e7, Cumhurba\u015fkan\u0131 Recep Tayyip Erdo\u011fan&#8217;\u0131n Fenerbah\u00e7e Kul\u00fcb\u00fc\u2019ne \u00fcyeli\u011finde 25. y\u0131l\u0131n\u0131 doldurmas\u0131 nedeniyle Y\u00fcksek Divan Kurulu \u00fcyesi olmaya hak kazand\u0131\u011f\u0131n\u0131 a\u00e7\u0131klad\u0131.<\/h2>\n<p>Fenerbah\u00e7e Kul\u00fcb\u00fc Ba\u015fkan\u0131 Ali Ko\u00e7, Fenerbah\u00e7e Spor Kul\u00fcb\u00fc&#8217;n\u00fcn resmi yay\u0131n organlar\u0131ndan Fenerbah\u00e7e Dergisi&#8217;nin 198 numaral\u0131 A\u011fustos 2019 say\u0131s\u0131nda kul\u00fcpteki son durum ve transferlerle ilgili a\u00e7\u0131klamalarda bulunurken, Cumhurba\u015fkan\u0131 Erdo\u011fan\u2019\u0131n kul\u00fcp \u00fcyeli\u011fine ili\u015fkin de bir geli\u015fmeyi payla\u015ft\u0131.<br \/>\nKo\u00e7 &#8220;Cumhurba\u015fkan\u0131m\u0131z Say\u0131n Recep Tayyip Erdo\u011fan kul\u00fcb\u00fcm\u00fcze \u00fcyeli\u011finin 25. y\u0131l\u0131n\u0131 doldurarak Y\u00fcksek Divan Kurulu \u00fcyeli\u011fi hakk\u0131n\u0131 kazan\u0131yor. Kendisini tebrik ediyor, nice 25 y\u0131llar diliyoruz&#8221; ifadelerini kulland\u0131.<\/p>\n<p>Resmi sitede yer alan a\u00e7\u0131klama \u015f\u00f6yle:<\/p>\n<p>\u201cSevgili Fenerbah\u00e7eliler<\/p>\n<p>Fenerbah\u00e7e Dergimiz vesilesiyle sizlerle bir araya gelip kul\u00fcb\u00fcm\u00fcz ile ilgili geli\u015fmeleri ve yeni sezona dair planlamam\u0131z\u0131 payla\u015f\u0131yor olmaktan memnuniyet duyuyorum.<\/p>\n<p>Ge\u00e7ti\u011fimiz ay\u0131 kul\u00fcb\u00fcm\u00fcz ad\u0131na \u00f6nemli geli\u015fmeler ve detayl\u0131 \u00e7al\u0131\u015fmalar sonucunda att\u0131\u011f\u0131m\u0131z yeni sezon ad\u0131mlar\u0131yla tamamlad\u0131k.<\/p>\n<p>Fenerbah\u00e7emiz de 29-31 Temmuz tarihlerinde Bayern M\u00fcnih, Real Madrid, Tottenham gibi b\u00fcy\u00fck kul\u00fcplerin kat\u0131ld\u0131\u011f\u0131 Audi Cup turnuvas\u0131nda yer ald\u0131. Bayern M\u00fcnih ma\u00e7\u0131nda hem futbol hem skor olarak beklentimizin \u00e7ok uza\u011f\u0131nda bir performans sergiledik. Ertesi ak\u015fam oynad\u0131\u011f\u0131m\u0131z Real Madrid ma\u00e7\u0131nda ise yenilmemize ra\u011fmen arzulad\u0131\u011f\u0131m\u0131z Fenerbah\u00e7e\u2019ye bir ad\u0131m daha yak\u0131nd\u0131k. Bu iki kar\u015f\u0131la\u015fma sayesinde eksik oldu\u011funu bildi\u011fimiz pozisyonlardaki ihtiya\u00e7lar\u0131m\u0131z\u0131 daha net g\u00f6rm\u00fc\u015f olduk. Sonu\u00e7lardan ba\u011f\u0131ms\u0131z olarak Audi Cup turnuvas\u0131nda yer almam\u0131z\u0131n her anlamda \u00e7ok faydal\u0131 oldu\u011funa inan\u0131yorum.<\/p>\n<p>Bu sezon y\u00f6netim olarak futbol \u00f6zelinde yapt\u0131\u011f\u0131m\u0131z haz\u0131rl\u0131klar \u00e7er\u00e7evesinde, finansal durumumuzu da g\u00f6z \u00f6n\u00fcnde bulundurarak ad\u0131mlar\u0131m\u0131z\u0131 ger\u00e7ekle\u015ftiriyoruz.<br \/>\nKadromuza katt\u0131\u011f\u0131m\u0131z gen\u00e7 isimlere ek olarak direkt ilk 11 oyuncusu olan, liderlik vasf\u0131na sahip isimlerle bu sezon ayaklar\u0131 yere basan, hedefine y\u00fcr\u00fcyen, sezona haz\u0131r ve g\u00fc\u00e7l\u00fc ba\u015flang\u0131\u00e7 yapma noktas\u0131nda taraftarlar\u0131n\u0131 mutlu eden bir Fenerbah\u00e7e izleyece\u011fiz.<\/p>\n<p>Bu do\u011frultuda; futbol tak\u0131m\u0131m\u0131za dahil olan Max Kruse, Emre Bel\u00f6zo\u011flu, Vedat Muriqi, Allahyar Sayyadmanesh, Altay Bay\u0131nd\u0131r, Murat Sa\u011flam, Garry Rodrigues ve son olarak da Deniz T\u00fcr\u00fc\u00e7 gibi ailemizin yeni \u00fcyelerinin deneyimleri ve becerileriyle tak\u0131m\u0131m\u0131za \u00f6nemli katk\u0131lar verece\u011fine inan\u0131yor, kendilerine bir kez daha ho\u015f geldin diyoruz.<\/p>\n<p>Kadromuzu tam olarak haz\u0131r ve eksiksiz duruma getirmek i\u00e7in ise hocam\u0131z\u0131n istedi\u011fi isimler \u00fczerinden g\u00f6r\u00fc\u015fmelerimiz son bulma a\u015famas\u0131na gelmi\u015ftir. G\u00f6r\u00fc\u015fmelerin tam olarak sonu\u00e7lanmas\u0131n\u0131n ard\u0131ndan camiam\u0131za gerekli bilgilendirmeleri art arda yap\u0131yor olaca\u011f\u0131z.<\/p>\n<p>Bu kapsamda camiam\u0131za \u015funu iletmem gerekir ki, transfer s\u00fcrecimiz ilk g\u00fcnden beri tasarlanm\u0131\u015f olan planlamalar\u0131m\u0131z ile devam etmekte olup, bir\u00e7ok farkl\u0131 finansal etken ve k\u0131s\u0131tlamalara ba\u011fl\u0131 olarak titizlikle ilerletilmektedir. Kul\u00fcb\u00fcm\u00fcz i\u00e7in en efektif ad\u0131mlar\u0131 atmaya \u00e7al\u0131\u015ft\u0131\u011f\u0131m\u0131z bu alanda, transferin son g\u00fcn\u00fcne kadar, en ba\u015fta planlad\u0131\u011f\u0131m\u0131z \u015fekilde, al\u0131nacak sonu\u00e7lardan ba\u011f\u0131ms\u0131z olarak \u00e7al\u0131\u015fmalar\u0131m\u0131z devam edecektir.<\/p>\n<p>Futbol tak\u0131m\u0131m\u0131z, Teknik Direkt\u00f6r\u00fcm\u00fcz Ersun Yanal ve t\u00fcm teknik heyetimizin \u00f6nderli\u011finde 1 Temmuz\u2019da ba\u015flad\u0131klar\u0131 \u00e7al\u0131\u015fmalarla Fenerbah\u00e7emizin zirve yar\u0131\u015f\u0131nda iddial\u0131 bir durumda olmas\u0131 i\u00e7in gerekli t\u00fcm gayreti sarf ediyor.<\/p>\n<p>\u015eampiyonluk hedefiyle yola \u00e7\u0131kt\u0131\u011f\u0131m\u0131z yeni futbol sezonunun ba\u015flamas\u0131na k\u0131sa bir s\u00fcre kala t\u00fcm camiam\u0131za, teknik direkt\u00f6r\u00fcm\u00fcz Ersun Yanal ve teknik heyetimize, sporcular\u0131m\u0131za ve de\u011ferli \u00e7al\u0131\u015fanlar\u0131m\u0131za hedeflerimizle birlikte y\u00fcrekten ba\u015far\u0131lar diliyorum.<\/p>\n<p>Futbolda sezonun ba\u015flamas\u0131na say\u0131l\u0131 g\u00fcnler kala, T\u00fcrkiye Futbol Federasyonu\u2019nun ba\u015fkan, y\u00f6netim kurulu ve t\u00fcm kadrosunun, ortaya koyaca\u011f\u0131na inand\u0131\u011f\u0131m\u0131z e\u015fit, tarafs\u0131z ve etik y\u00f6netimle her anlamda adil bir s\u00fcre\u00e7 ge\u00e7irece\u011fimize inan\u0131yor; yeni sezonun T\u00fcrk futboluna hay\u0131rl\u0131 olmas\u0131n\u0131 temenni ediyorum.<\/p>\n<p>Bu sezon y\u00f6netim olarak futbol \u00f6zelinde yapt\u0131\u011f\u0131m\u0131z haz\u0131rl\u0131klar \u00e7er\u00e7evesinde, finansal durumumuzu da g\u00f6z \u00f6n\u00fcnde bulundurarak ad\u0131mlar\u0131m\u0131z\u0131 ger\u00e7ekle\u015ftiriyoruz.<br \/>\nKadromuza katt\u0131\u011f\u0131m\u0131z gen\u00e7 isimlere ek olarak direkt ilk 11 oyuncusu olan, liderlik vasf\u0131na sahip isimlerle bu sezon ayaklar\u0131 yere basan, hedefine y\u00fcr\u00fcyen, sezona haz\u0131r ve g\u00fc\u00e7l\u00fc ba\u015flang\u0131\u00e7 yapma noktas\u0131nda taraftarlar\u0131n\u0131 mutlu eden bir Fenerbah\u00e7e izleyece\u011fiz.<\/p>\n<p>Bu do\u011frultuda; futbol tak\u0131m\u0131m\u0131za dahil olan Max Kruse, Emre Bel\u00f6zo\u011flu, Vedat Muriqi, Allahyar Sayyadmanesh, Altay Bay\u0131nd\u0131r, Murat Sa\u011flam, Garry Rodrigues ve son olarak da Deniz T\u00fcr\u00fc\u00e7 gibi ailemizin yeni \u00fcyelerinin deneyimleri ve becerileriyle tak\u0131m\u0131m\u0131za \u00f6nemli katk\u0131lar verece\u011fine inan\u0131yor, kendilerine bir kez daha ho\u015f geldin diyoruz.<\/p>\n<p>Kadromuzu tam olarak haz\u0131r ve eksiksiz duruma getirmek i\u00e7in ise hocam\u0131z\u0131n istedi\u011fi isimler \u00fczerinden g\u00f6r\u00fc\u015fmelerimiz son bulma a\u015famas\u0131na gelmi\u015ftir. G\u00f6r\u00fc\u015fmelerin tam olarak sonu\u00e7lanmas\u0131n\u0131n ard\u0131ndan camiam\u0131za gerekli bilgilendirmeleri art arda yap\u0131yor olaca\u011f\u0131z.<\/p>\n<p>Bu kapsamda camiam\u0131za \u015funu iletmem gerekir ki, transfer s\u00fcrecimiz ilk g\u00fcnden beri tasarlanm\u0131\u015f olan planlamalar\u0131m\u0131z ile devam etmekte olup, bir\u00e7ok farkl\u0131 finansal etken ve k\u0131s\u0131tlamalara ba\u011fl\u0131 olarak titizlikle ilerletilmektedir. Kul\u00fcb\u00fcm\u00fcz i\u00e7in en efektif ad\u0131mlar\u0131 atmaya \u00e7al\u0131\u015ft\u0131\u011f\u0131m\u0131z bu alanda, transferin son g\u00fcn\u00fcne kadar, en ba\u015fta planlad\u0131\u011f\u0131m\u0131z \u015fekilde, al\u0131nacak sonu\u00e7lardan ba\u011f\u0131ms\u0131z olarak \u00e7al\u0131\u015fmalar\u0131m\u0131z devam edecektir.<\/p>\n<p>Futbol tak\u0131m\u0131m\u0131z, Teknik Direkt\u00f6r\u00fcm\u00fcz Ersun Yanal ve t\u00fcm teknik heyetimizin \u00f6nderli\u011finde 1 Temmuz\u2019da ba\u015flad\u0131klar\u0131 \u00e7al\u0131\u015fmalarla Fenerbah\u00e7emizin zirve yar\u0131\u015f\u0131nda iddial\u0131 bir durumda olmas\u0131 i\u00e7in gerekli t\u00fcm gayreti sarf ediyor.<\/p>\n<p>\u015eampiyonluk hedefiyle yola \u00e7\u0131kt\u0131\u011f\u0131m\u0131z yeni futbol sezonunun ba\u015flamas\u0131na k\u0131sa bir s\u00fcre kala t\u00fcm camiam\u0131za, teknik direkt\u00f6r\u00fcm\u00fcz Ersun Yanal ve teknik heyetimize, sporcular\u0131m\u0131za ve de\u011ferli \u00e7al\u0131\u015fanlar\u0131m\u0131za hedeflerimizle birlikte y\u00fcrekten ba\u015far\u0131lar diliyorum.<\/p>\n<p>Futbolda sezonun ba\u015flamas\u0131na say\u0131l\u0131 g\u00fcnler kala, T\u00fcrkiye Futbol Federasyonu\u2019nun ba\u015fkan, y\u00f6netim kurulu ve t\u00fcm kadrosunun, ortaya koyaca\u011f\u0131na inand\u0131\u011f\u0131m\u0131z e\u015fit, tarafs\u0131z ve etik y\u00f6netimle her anlamda adil bir s\u00fcre\u00e7 ge\u00e7irece\u011fimize inan\u0131yor; yeni sezonun T\u00fcrk futboluna hay\u0131rl\u0131 olmas\u0131n\u0131 temenni ediyorum.<\/p>\n<p>Bu ay kul\u00fcb\u00fcm\u00fcz i\u00e7in \u00e7ok \u00f6nem arz eden bir konuyu da vurgulamak istiyorum.<\/p>\n<p>Cumhurba\u015fkan\u0131m\u0131z Say\u0131n Recep Tayyip Erdo\u011fan kul\u00fcb\u00fcm\u00fcze \u00fcyeli\u011finin 25. y\u0131l\u0131n\u0131 doldurarak Y\u00fcksek Divan Kurulu \u00fcyeli\u011fi hakk\u0131n\u0131 kazan\u0131yor. Kendisini tebrik ediyor, nice 25 y\u0131llar diliyoruz.<\/p>\n<p>Fenerbah\u00e7emiz ad\u0131na ge\u00e7ti\u011fimiz ay\u0131n \u00f6nemli g\u00fcndemlerinden biri de UEFA Kul\u00fcp Finansal Kontrol Kurulu Yarg\u0131 Dairesi\u2019nin 2015\/16 y\u0131l\u0131nda ald\u0131\u011f\u0131 kararlar ve beraberinde getirdi\u011fi s\u00fcrecin sonlanmas\u0131d\u0131r.<\/p>\n<p>Kul\u00fcb\u00fcm\u00fcz\u00fcn i\u00e7erisinde bulundu\u011fu mali tablolar sebebiyle Finansal Fair Play (FFP) yapt\u0131r\u0131mlar\u0131 ile kar\u015f\u0131 kar\u015f\u0131ya kald\u0131\u011f\u0131m\u0131z bir d\u00f6nemdeyiz.<\/p>\n<p>Bu do\u011frultuda 2015\/16 sezonunda ba\u015flayan detayl\u0131 finansal incelemeler bu sezona kadar devam etti. Bu incelemeler sonucunda 3 y\u0131ll\u0131k d\u00f6nemde denk hesap a\u00e7\u0131\u011f\u0131 taahh\u00fcd\u00fcn\u00fc yerine getiremememiz sebebiyle Avrupa kupalar\u0131ndan men cezas\u0131 alma tehlikesi ile kar\u015f\u0131 kar\u015f\u0131ya idik.<\/p>\n<p>Avrupa kupalar\u0131na gitmeye hak kazand\u0131\u011f\u0131m\u0131z ilk sene men edilme riskimiz \u015fimdilik bertaraf edilmi\u015ftir. Ancak, transfer harcamalar\u0131m\u0131za ve UEFA m\u00fcsabakalar\u0131nda oynayabilecek oyuncular\u0131m\u0131z i\u00e7in 2020\/21 ve 2021\/22 sezonlar\u0131 boyunca bir tak\u0131m s\u0131n\u0131rlamalar getirilmi\u015ftir.<\/p>\n<p>Kul\u00fcb\u00fcm\u00fcz a\u00e7\u0131s\u0131ndan olabilecek en iyi \u015fekilde geli\u015fen bu s\u00fcre\u00e7ler, finansal anlamda yapt\u0131\u011f\u0131m\u0131z \u00e7al\u0131\u015fmalar\u0131n yan\u0131 s\u0131ra UEFA ile sezon i\u00e7erisinde yapt\u0131\u011f\u0131m\u0131z olumlu g\u00f6r\u00fc\u015fmelerin sonucunda neticelenmi\u015ftir. Bu geli\u015fme ve karar\u0131 kul\u00fcb\u00fcm\u00fcz ad\u0131na olduk\u00e7a olumlu ve sevindirici buluyoruz.<\/p>\n<p>Finansal anlamda att\u0131\u011f\u0131m\u0131z ad\u0131mlar\u0131n yan\u0131 s\u0131ra hukuki alanlarda da \u00e7al\u0131\u015fmalar\u0131m\u0131za yo\u011funlukla devam ediyoruz.<\/p>\n<p>3 Temmuz, kumpas davas\u0131 ve tak\u0131m otob\u00fcs\u00fcm\u00fcz\u00fcn kur\u015funlanma dosyas\u0131 ile ilgili y\u00f6neticilerimiz gerekli hukuki giri\u015fimleri ger\u00e7ekle\u015ftiriyorlar.<\/p>\n<p>3 Temmuz davas\u0131, bir soru\u015fturman\u0131n hukuksuz y\u00fcr\u00fct\u00fclmesinin hukuki hesab\u0131n\u0131n sorulmas\u0131 anlam\u0131nda \u00f6nemli bir davad\u0131r. S\u00fcre\u00e7, Fenerbah\u00e7e\u2019ye kumpasa ili\u015fkin 3 Temmuz s\u00fcrecinin hukuk d\u0131\u015f\u0131 saiklerle ortaya \u00e7\u0131kt\u0131\u011f\u0131n\u0131 her ge\u00e7en g\u00fcn daha a\u00e7\u0131k g\u00f6stermektedir. 3 Temmuz s\u00fcrecine ait Yarg\u0131tay\u2019da bekleyen davada, \u0130stanbul A\u011f\u0131r Ceza Mahkemesi\u2019nin verdi\u011fi beraat karar\u0131n\u0131n Yarg\u0131tay\u2019da da onanarak camiam\u0131z\u0131n aklanmas\u0131n\u0131n art\u0131k neticelendirilmesini bekliyoruz.<\/p>\n<p>Kur\u015funlanma davas\u0131 kapsam\u0131nda ise hukuk i\u015flerinden sorumlu y\u00f6neticilerimiz Fethi Pekin ve Alper Pir\u015fen Trabzon ba\u015fsavc\u0131l\u0131\u011f\u0131n\u0131 ziyaret ederek tak\u0131m otob\u00fcs\u00fcm\u00fcz\u00fcn kur\u015funlanmas\u0131 olay\u0131n\u0131n dosyas\u0131 ile ilgili bilgiler ald\u0131lar. Bu dosya \u00fczerinde de y\u0131l sonuna kadar baz\u0131 geli\u015fmelerin ya\u015fanmas\u0131n\u0131 bekliyoruz.<br \/>\nFenerbah\u00e7e\u2019nin T\u00fcrk sporunun lokomotifi olma misyonu do\u011frultusunda; ba\u015fta basketbol ve voleybol olmak \u00fczere t\u00fcm bran\u015flar\u0131m\u0131zda da kul\u00fcb\u00fcm\u00fcz\u00fc zirveye ta\u015f\u0131yacak, sezon sonu \u015fampiyonluklar\u0131 m\u00fczemize getirecek planlamalar yapt\u0131k ve ad\u0131mlar\u0131m\u0131z\u0131 hayata ge\u00e7irdik.<\/p>\n<p>Tak\u0131mlar\u0131m\u0131z\u0131n sezon sonunda, yar\u0131\u015ft\u0131klar\u0131 t\u00fcm kulvarlarda elde edecekleri \u015fampiyonluk kupalar\u0131yla bizlere b\u00fcy\u00fck gurur ya\u015fatmalar\u0131n\u0131 ve tarihimize e\u015fsiz ba\u015far\u0131lar kazand\u0131rmalar\u0131n\u0131 diliyorum.<\/p>\n<p>Fenerbah\u00e7e bir spor kul\u00fcb\u00fcd\u00fcr ger\u00e7e\u011finden hareketle sporcular\u0131m\u0131z\u0131n Temmuz ay\u0131nda elde ettikleri ba\u015far\u0131lar ve g\u00fcndemimizde olan olimpiyat hedefi ad\u0131na da birka\u00e7 noktay\u0131 dikkatinize getirmek istiyorum.<\/p>\n<p>Bu noktada Fenerbah\u00e7e Do\u011fu\u015f Yelken \u015eubemizin sporcular\u0131ndan hen\u00fcz 18 ya\u015f\u0131nda olup, \u00f6nce ISAF D\u00fcnya \u015eampiyonas\u0131\u2019n\u0131 ard\u0131ndan da D\u00fcnya Laser Radial \u015eampiyonas\u0131\u2019n\u0131 art arda \u015fampiyonlukla tamamlayarak \u00fclkemize alt\u0131n madalya gururu ya\u015fatan, bayra\u011f\u0131m\u0131z\u0131 dalgaland\u0131ran Yi\u011fit Yal\u00e7\u0131n \u00c7\u0131tak\u2019\u0131 tebrik ediyor, ba\u015far\u0131lar\u0131n\u0131n devam\u0131n\u0131 diliyorum.<\/p>\n<p>Boksta 2. Avrupa Oyunlar\u0131 \u015eampiyonas\u0131\u2019n\u0131 alt\u0131n madalya ile tamamlayarak bayra\u011f\u0131m\u0131z\u0131 dalgaland\u0131ran Buse Naz \u00c7ak\u0131ro\u011flu\u2019nu, ayr\u0131ca Gen\u00e7ler T\u00fcrkiye Kupas\u0131 K\u00fcrek Yar\u0131\u015flar\u0131nda Erkekler ve Kad\u0131nlarda \u015eampiyon olan Fenerbah\u00e7e K\u00fcrek \u015eubesi sporcular\u0131m\u0131z\u0131 tebrik ediyorum.<\/p>\n<p>Ge\u00e7ti\u011fimiz g\u00fcnlerde Olimpiyat A baraj\u0131n\u0131 ge\u00e7erek 2020 Tokyo Olimpiyatlar\u0131\u2019nda \u00fclkemizi temsil etme hakk\u0131 kazanan Fenerbah\u00e7e Y\u00fczme \u015eubemizin sporcusu Emre Sak\u00e7\u0131\u2019y\u0131 da y\u00fcrekten kutluyorum.<\/p>\n<p>Faaliyet g\u00f6sterdi\u011fimiz sporlar\u0131n k\u00fc\u00e7\u00fck, b\u00fcy\u00fck, gen\u00e7 kategorilerinde o kadar \u00e7ok ba\u015far\u0131, madalya var ki hepsini tek tek yazmam\u0131z ne yaz\u0131k ki m\u00fcmk\u00fcn olmad\u0131\u011f\u0131 i\u00e7in bu ba\u015far\u0131larda eme\u011fi ge\u00e7en t\u00fcm sporcu ve hocalar\u0131m\u0131z\u0131 y\u00fcrekten kutluyorum.<\/p>\n<p>Tokyo 2020 Olimpiyatlar\u0131 i\u00e7in geri say\u0131m ba\u015flad\u0131. Fenerbah\u00e7e Spor Kul\u00fcb\u00fc olarak olimpiyatlara en fazla say\u0131da sporcu g\u00f6nderme gelene\u011fimize uygun olarak bu heyecan\u0131 en yo\u011fun \u015fekilde ya\u015f\u0131yor ve \u00fclkemiz ile payla\u015f\u0131yoruz.<\/p>\n<p>Sporcu yeti\u015ftirme alanlar\u0131m\u0131z olan amat\u00f6r bran\u015flar\u0131m\u0131zda, Yelken, Atletizm, Boks, K\u00fcrek, Y\u00fczme bran\u015flar\u0131nda \u015fu an olimpiyatlara kat\u0131lmaya hak kazanm\u0131\u015f sporcular\u0131m\u0131za ek olarak pek \u00e7ok sporcumuz da kota m\u00fccadelesine devam ediyor. T\u00fcrk sporunun lokomotifi olarak milli sporcular\u0131m\u0131za destek olmaktan, yeni sporcular yeti\u015ftirmekten ve \u00fclkemizin bayra\u011f\u0131n\u0131 temsil etmekten gurur duyuyoruz.<\/p>\n<p>T\u00fcrk spor ailesi olarak, \u00fclkemiz sporunun, geli\u015fimi ve ba\u015far\u0131s\u0131n\u0131 t\u00fcm d\u00fcnyaya g\u00f6sterebilece\u011fimize inan\u0131yor; Olimpiyatlarda \u00fclkemizi temsil edecek Fenerbah\u00e7eli sporcular\u0131m\u0131za ve t\u00fcm sporculara ba\u015far\u0131lar diliyoruz.<\/p>\n<p>Yaz\u0131ma son verirken; Kurban Bayram\u0131\u2019n\u0131z\u0131 kutluyor, sa\u011fl\u0131k ve huzur i\u00e7inde nice g\u00fczel ve co\u015fkulu bayramlar ya\u015famay\u0131 temenni ediyor, T\u00fcrk sporu ad\u0131na centilmenlik ve ba\u015far\u0131 dolu olmas\u0131n\u0131 da diliyorum.&#8221;<\/p>\n<!-- Error, Advert is not available at this time due to schedule\/geolocation restrictions! -->\n","protected":false},"excerpt":{"rendered":"<p>Ali Ko\u00e7, Cumhurba\u015fkan\u0131 Recep Tayyip Erdo\u011fan&#8217;\u0131n Fenerbah\u00e7e Kul\u00fcb\u00fc\u2019ne \u00fcyeli\u011finde 25. y\u0131l\u0131n\u0131 doldurmas\u0131 nedeniyle Y\u00fcksek Divan Kurulu \u00fcyesi olmaya hak kazand\u0131\u011f\u0131n\u0131 a\u00e7\u0131klad\u0131. Fenerbah\u00e7e Kul\u00fcb\u00fc Ba\u015fkan\u0131 Ali Ko\u00e7, Fenerbah\u00e7e Spor Kul\u00fcb\u00fc&#8217;n\u00fcn resmi yay\u0131n organlar\u0131ndan Fenerbah\u00e7e Dergisi&#8217;nin 198 numaral\u0131 A\u011fustos 2019 say\u0131s\u0131nda kul\u00fcpteki son durum ve transferlerle ilgili a\u00e7\u0131klamalarda bulunurken, Cumhurba\u015fkan\u0131 Erdo\u011fan\u2019\u0131n kul\u00fcp \u00fcyeli\u011fine ili\u015fkin de bir geli\u015fmeyi &hellip;<\/p>\n","protected":false},"author":4,"featured_media":280813,"comment_status":"open","ping_status":"open","sticky":false,"template":"","format":"standard","meta":{"_acf_changed":false,"footnotes":""},"categories":[6774,6155,5005,349],"tags":[2522,849,787],"class_list":["post-280812","post","type-post","status-publish","format-standard","has-post-thumbnail","hentry","category-futbol","category-gundem","category-manset","category-son-dakika","tag-ali-koc","tag-fenerbahce","tag-recep-tayyip-erdogan"],"acf":[],"_links":{"self":[{"href":"https:\/\/www.nationalturk.com\/tr\/wp-json\/wp\/v2\/posts\/280812","targetHints":{"allow":["GET"]}}],"collection":[{"href":"https:\/\/www.nationalturk.com\/tr\/wp-json\/wp\/v2\/posts"}],"about":[{"href":"https:\/\/www.nationalturk.com\/tr\/wp-json\/wp\/v2\/types\/post"}],"author":[{"embeddable":true,"href":"https:\/\/www.nationalturk.com\/tr\/wp-json\/wp\/v2\/users\/4"}],"replies":[{"embeddable":true,"href":"https:\/\/www.nationalturk.com\/tr\/wp-json\/wp\/v2\/comments?post=280812"}],"version-history":[{"count":0,"href":"https:\/\/www.nationalturk.com\/tr\/wp-json\/wp\/v2\/posts\/280812\/revisions"}],"wp:featuredmedia":[{"embeddable":true,"href":"https:\/\/www.nationalturk.com\/tr\/wp-json\/wp\/v2\/media\/280813"}],"wp:attachment":[{"href":"https:\/\/www.nationalturk.com\/tr\/wp-json\/wp\/v2\/media?parent=280812"}],"wp:term":[{"taxonomy":"category","embeddable":true,"href":"https:\/\/www.nationalturk.com\/tr\/wp-json\/wp\/v2\/categories?post=280812"},{"taxonomy":"post_tag","embeddable":true,"href":"https:\/\/www.nationalturk.com\/tr\/wp-json\/wp\/v2\/tags?post=280812"}],"curies":[{"name":"wp","href":"https:\/\/api.w.org\/{rel}","templated":true}]}}