{"id":281049,"date":"2019-08-19T18:14:22","date_gmt":"2019-08-19T15:14:22","guid":{"rendered":"https:\/\/www.nationalturk.com\/?p=281049"},"modified":"2023-08-09T17:30:14","modified_gmt":"2023-08-09T14:30:14","slug":"vanda-trafik-kazasi-bakan-yardimcisi-hayatini-kaybetti","status":"publish","type":"post","link":"https:\/\/www.nationalturk.com\/tr\/vanda-trafik-kazasi-bakan-yardimcisi-hayatini-kaybetti\/","title":{"rendered":"Van&#8217;da trafik kazas\u0131: Bakan yard\u0131mc\u0131s\u0131 hayat\u0131n\u0131 kaybetti"},"content":{"rendered":"<h2>K\u00fclt\u00fcr ve Turizm Bakan Yard\u0131mc\u0131s\u0131 Prof. Dr. Ahmet Haluk Dursun, Van&#8217;\u0131n Erci\u015f il\u00e7esinde ge\u00e7irdi\u011fi trafik kazas\u0131 sonucu hayat\u0131n\u0131 kaybetti.<\/h2>\n<p>Ahmet Haluk Dursun, Van&#8217;\u0131n Erci\u015f il\u00e7esinde ge\u00e7irdi\u011fi trafik kazas\u0131 sonucu hayat\u0131n\u0131 kaybetti.<\/p>\n<p>Malazgirt Zaferi&#8217;nin 948. y\u0131l d\u00f6n\u00fcm\u00fc dolay\u0131s\u0131yla T\u00fcrkiye Yazarlar Birli\u011fi taraf\u0131ndan Mu\u015f&#8217;un Malazgirt il\u00e7esinde d\u00fczenlenen &#8220;4. Tarihi Roman ve Romanda Tarih Bilgi \u015e\u00f6leni&#8221; program\u0131n\u0131n ard\u0131ndan Ahlat&#8217;a ge\u00e7en Dursun, buradaki incelemeleri sonras\u0131 kara yoluyla Van&#8217;a hareket etti.<\/p>\n<p>Dursun&#8217;un i\u00e7inde bulundu\u011fu ara\u00e7, Erci\u015f il\u00e7esine ba\u011fl\u0131 Bayraml\u0131 Mahallesi yak\u0131nlar\u0131nda \u015farampole devrildi.<\/p>\n<p>Kazada, Dursun hayat\u0131n\u0131 kaybetti, 3 ki\u015fi de yaraland\u0131. Yaralal\u0131lar ambulansla Erci\u015f Devlet Hastanesine kald\u0131r\u0131ld\u0131.<\/p>\n<!-- Error, Advert is not available at this time due to schedule\/geolocation restrictions! -->\n","protected":false},"excerpt":{"rendered":"<p>K\u00fclt\u00fcr ve Turizm Bakan Yard\u0131mc\u0131s\u0131 Prof. Dr. Ahmet Haluk Dursun, Van&#8217;\u0131n Erci\u015f il\u00e7esinde ge\u00e7irdi\u011fi trafik kazas\u0131 sonucu hayat\u0131n\u0131 kaybetti. Ahmet Haluk Dursun, Van&#8217;\u0131n Erci\u015f il\u00e7esinde ge\u00e7irdi\u011fi trafik kazas\u0131 sonucu hayat\u0131n\u0131 kaybetti. Malazgirt Zaferi&#8217;nin 948. y\u0131l d\u00f6n\u00fcm\u00fc dolay\u0131s\u0131yla T\u00fcrkiye Yazarlar Birli\u011fi taraf\u0131ndan Mu\u015f&#8217;un Malazgirt il\u00e7esinde d\u00fczenlenen &#8220;4. Tarihi Roman ve Romanda Tarih Bilgi \u015e\u00f6leni&#8221; program\u0131n\u0131n ard\u0131ndan &hellip;<\/p>\n","protected":false},"author":4,"featured_media":281050,"comment_status":"open","ping_status":"open","sticky":false,"template":"","format":"standard","meta":{"_acf_changed":false,"footnotes":""},"categories":[6155,5005,6202,349,221271],"tags":[53947,20401,3114],"class_list":["post-281049","post","type-post","status-publish","format-standard","has-post-thumbnail","hentry","category-gundem","category-manset","category-politika","category-son-dakika","category-trafik-kazasi-haberleri","tag-ercis","tag-trafik-kazasi","tag-van"],"acf":[],"_links":{"self":[{"href":"https:\/\/www.nationalturk.com\/tr\/wp-json\/wp\/v2\/posts\/281049","targetHints":{"allow":["GET"]}}],"collection":[{"href":"https:\/\/www.nationalturk.com\/tr\/wp-json\/wp\/v2\/posts"}],"about":[{"href":"https:\/\/www.nationalturk.com\/tr\/wp-json\/wp\/v2\/types\/post"}],"author":[{"embeddable":true,"href":"https:\/\/www.nationalturk.com\/tr\/wp-json\/wp\/v2\/users\/4"}],"replies":[{"embeddable":true,"href":"https:\/\/www.nationalturk.com\/tr\/wp-json\/wp\/v2\/comments?post=281049"}],"version-history":[{"count":0,"href":"https:\/\/www.nationalturk.com\/tr\/wp-json\/wp\/v2\/posts\/281049\/revisions"}],"wp:featuredmedia":[{"embeddable":true,"href":"https:\/\/www.nationalturk.com\/tr\/wp-json\/wp\/v2\/media\/281050"}],"wp:attachment":[{"href":"https:\/\/www.nationalturk.com\/tr\/wp-json\/wp\/v2\/media?parent=281049"}],"wp:term":[{"taxonomy":"category","embeddable":true,"href":"https:\/\/www.nationalturk.com\/tr\/wp-json\/wp\/v2\/categories?post=281049"},{"taxonomy":"post_tag","embeddable":true,"href":"https:\/\/www.nationalturk.com\/tr\/wp-json\/wp\/v2\/tags?post=281049"}],"curies":[{"name":"wp","href":"https:\/\/api.w.org\/{rel}","templated":true}]}}