{"id":281096,"date":"2019-08-20T17:32:00","date_gmt":"2019-08-20T14:32:00","guid":{"rendered":"https:\/\/www.nationalturk.com\/?p=281096"},"modified":"2022-09-06T16:40:29","modified_gmt":"2022-09-06T13:40:29","slug":"juventustan-merih-demiral-icin-tanitim-toreni","status":"publish","type":"post","link":"https:\/\/www.nationalturk.com\/tr\/juventustan-merih-demiral-icin-tanitim-toreni\/","title":{"rendered":"Juventus&#8217;tan Merih Demiral i\u00e7in tan\u0131t\u0131m t\u00f6reni"},"content":{"rendered":"<h2>Serie A tak\u0131mlar\u0131ndan Juventus, kadrosuna katt\u0131\u011f\u0131 Merih Demiral i\u00e7in Allianz Stad\u0131&#8217;nda bas\u0131n toplant\u0131s\u0131 d\u00fczenledi.<\/h2>\n<p>Siyah-beyazl\u0131 kul\u00fcp, Sassuolo&#8217;dan 18 milyon avro bedelle kadrosuna katt\u0131\u011f\u0131 Demiral i\u00e7in Allianz Stad\u0131&#8217;nda bas\u0131n toplant\u0131s\u0131 d\u00fczenledi.<\/p>\n<p>Demiral, bas\u0131n toplant\u0131s\u0131nda Juventus\u2019a geldi\u011fi i\u00e7in mutlu oldu\u011funu belirterek, &#8220;Juventus\u2019un \u00e7ok \u00f6nemli bir tak\u0131m oldu\u011funu biliyorum. Burada oynamak benim i\u00e7in \u00f6nemli bir \u015fans. Umar\u0131m en k\u0131sa s\u00fcrede adaptasyon s\u00fcrecini atlataca\u011f\u0131m\u0131 d\u00fc\u015f\u00fcn\u00fcyorum.&#8221; dedi.<\/p>\n<p>Bu noktaya gelebilmek i\u00e7in \u00e7ok \u00e7al\u0131\u015ft\u0131\u011f\u0131n\u0131 anlatan milli oyuncu, &#8220;Amac\u0131m burada kal\u0131c\u0131 olmak. Sahaya \u00e7\u0131kt\u0131\u011f\u0131mda her zaman elimden gelenin en iyisini yapmaya \u00e7al\u0131\u015f\u0131yorum. Bu taraftar\u0131m\u0131zca takdir edilecektir.&#8221; diye konu\u015ftu.<\/p>\n<p>Juventus\u2019a transfer olan ilk T\u00fcrk milli futbolcu olarak tarihe ge\u00e7ti\u011fi an\u0131msat\u0131lan Merih Demiral, &#8220;Juventus\u2019un ilk T\u00fcrk oyuncusu olmak benim i\u00e7in b\u00fcy\u00fck gurur. Ben \u015fu an hayalini kurdu\u011fum tak\u0131mla ve oyuncularla antrenman yap\u0131yorum. Beni izleyen gen\u00e7lere de benim gibi \u00e7ok \u00e7al\u0131\u015fmalar\u0131n\u0131 tavsiye ediyorum.&#8221; ifadelerini kulland\u0131.<\/p>\n<p>B\u00fcy\u00fck bir kul\u00fcpte top ko\u015fturaca\u011f\u0131n\u0131n bilincinde oldu\u011funu dile getiren 21 ya\u015f\u0131ndaki Merih Demiral, Juventus\u2019a ilk geldi\u011finde kendisini en \u00e7ok etkileyen \u015feyin antrenman tesisleri oldu\u011funu s\u00f6yledi.<\/p>\n<p>K\u00fc\u00e7\u00fckken sol kanatta oynad\u0131\u011f\u0131n\u0131 daha sonra 12 ya\u015f\u0131nda o d\u00f6nemki hocas\u0131n\u0131n kendisine defans\u0131n merkezinde g\u00f6rev verdi\u011fini anlatan Demiral, \u015funlar\u0131 kaydetti:<\/p>\n<p>&#8220;Burada bulunmak \u00e7ok \u00f6nemli. K\u00fc\u00e7\u00fckken takip etti\u011fim oyuncularla birlikte \u00e7al\u0131\u015f\u0131yor olmak g\u00fczel. Chiellini de bunlardan biri. Bana \u00e7ok yard\u0131mc\u0131 oluyorlar. Bonucci de \u00f6yle. Juventus her zaman d\u00fcnyan\u0131n en iyi futbolcular\u0131na sahip \u00f6zellikle defansta. Bu b\u00fcy\u00fck \u015fans. Sahada Juventus formas\u0131n\u0131 giymek i\u00e7in sab\u0131rs\u0131zlan\u0131yorum. Umar\u0131m burada kal\u0131c\u0131 olurum.&#8221;<\/p>\n<p>Demiral, 18 ya\u015f\u0131nda Portekiz\u2019e transfer olmas\u0131yla ilgili olarak da bunu, kariyerini Avrupa\u2019da s\u00fcrd\u00fcrmek istedi\u011fi i\u00e7in o d\u00f6nem b\u00f6yle bir karar ald\u0131\u011f\u0131n\u0131 ifade etti.<\/p>\n<p>Milli futbolcu, Juventus\u2019tan \u00f6nce Sassuolo\u2019da oynamas\u0131n\u0131n kendisinin Serie A\u2019ya al\u0131\u015fmas\u0131nda kendisine \u00e7ok b\u00fcy\u00fck katk\u0131 sa\u011flad\u0131\u011f\u0131n\u0131 belirterek, &#8220;Defans oyuncular\u0131 i\u00e7in olabilece\u011fim en iyi yerdeyim. \u0130talya defans oyuncular\u0131 i\u00e7in en iyi \u00fclke.&#8221; dedi.<\/p>\n<p>Juventus\u2019un bu seneki hedeflerine ili\u015fkin Demiral, &#8220;Juventus t\u00fcm kupalara taliptir ve \u015fampiyonluk parolas\u0131yla ba\u015flar. Juventus kararl\u0131. Bu sezon g\u00fczel \u015feyler olacak.&#8221; ifadesini kulland\u0131.<\/p>\n<p>Merih Demiral, hocas\u0131 Maurizio Sarri\u2019nin defans oyuncular\u0131yla yak\u0131ndan ilgilendi\u011fini dile getirerek, &#8220;Hocam\u0131z \u00f6zellikle defans oyuncular\u0131yla yak\u0131ndan ilgileniyor. Onunla \u00e7al\u0131\u015fmak benim daha iyi haz\u0131rlanmam, geli\u015fmem anlam\u0131na geliyor.&#8221; \u015feklinde konu\u015ftu.<\/p>\n<h3>Emre Can\u2019a \u00f6zel te\u015fekk\u00fcr<\/h3>\n<p>Milli futbolcu, Juventus\u2019taki T\u00fcrk k\u00f6kenli Alman futbolcu Emre Can\u2019a da \u00f6zel olarak te\u015fekk\u00fcr ederek, &#8220;Emre Can ile \u00e7ok iyi anla\u015f\u0131yoruz. Kendisi bana hem saha i\u00e7inde hem saha d\u0131\u015f\u0131nda \u00e7ok yard\u0131mc\u0131 oluyor. Buradan da te\u015fekk\u00fcr etmek istiyorum kendisine.\u201d dedi.<\/p>\n<p>Bas\u0131n toplant\u0131s\u0131n\u0131n sonunda, Merih Demiral, Juventus Y\u00f6netim Kurulu \u00dcyesi Pavel Nedved ile beraber 28 numaral\u0131 Juventus formas\u0131yla foto\u011fraf \u00e7ektirdi.<\/p>\n<!-- Error, Advert is not available at this time due to schedule\/geolocation restrictions! -->\n","protected":false},"excerpt":{"rendered":"<p>Serie A tak\u0131mlar\u0131ndan Juventus, kadrosuna katt\u0131\u011f\u0131 Merih Demiral i\u00e7in Allianz Stad\u0131&#8217;nda bas\u0131n toplant\u0131s\u0131 d\u00fczenledi. Siyah-beyazl\u0131 kul\u00fcp, Sassuolo&#8217;dan 18 milyon avro bedelle kadrosuna katt\u0131\u011f\u0131 Demiral i\u00e7in Allianz Stad\u0131&#8217;nda bas\u0131n toplant\u0131s\u0131 d\u00fczenledi. Demiral, bas\u0131n toplant\u0131s\u0131nda Juventus\u2019a geldi\u011fi i\u00e7in mutlu oldu\u011funu belirterek, &#8220;Juventus\u2019un \u00e7ok \u00f6nemli bir tak\u0131m oldu\u011funu biliyorum. Burada oynamak benim i\u00e7in \u00f6nemli bir \u015fans. Umar\u0131m en &hellip;<\/p>\n","protected":false},"author":4,"featured_media":281097,"comment_status":"open","ping_status":"open","sticky":false,"template":"","format":"standard","meta":{"_acf_changed":false,"footnotes":""},"categories":[6774],"tags":[49686,10,3327,219974],"class_list":["post-281096","post","type-post","status-publish","format-standard","has-post-thumbnail","hentry","category-futbol","tag-emre-can","tag-italya","tag-juventus","tag-merih-demiral"],"acf":[],"_links":{"self":[{"href":"https:\/\/www.nationalturk.com\/tr\/wp-json\/wp\/v2\/posts\/281096","targetHints":{"allow":["GET"]}}],"collection":[{"href":"https:\/\/www.nationalturk.com\/tr\/wp-json\/wp\/v2\/posts"}],"about":[{"href":"https:\/\/www.nationalturk.com\/tr\/wp-json\/wp\/v2\/types\/post"}],"author":[{"embeddable":true,"href":"https:\/\/www.nationalturk.com\/tr\/wp-json\/wp\/v2\/users\/4"}],"replies":[{"embeddable":true,"href":"https:\/\/www.nationalturk.com\/tr\/wp-json\/wp\/v2\/comments?post=281096"}],"version-history":[{"count":0,"href":"https:\/\/www.nationalturk.com\/tr\/wp-json\/wp\/v2\/posts\/281096\/revisions"}],"wp:featuredmedia":[{"embeddable":true,"href":"https:\/\/www.nationalturk.com\/tr\/wp-json\/wp\/v2\/media\/281097"}],"wp:attachment":[{"href":"https:\/\/www.nationalturk.com\/tr\/wp-json\/wp\/v2\/media?parent=281096"}],"wp:term":[{"taxonomy":"category","embeddable":true,"href":"https:\/\/www.nationalturk.com\/tr\/wp-json\/wp\/v2\/categories?post=281096"},{"taxonomy":"post_tag","embeddable":true,"href":"https:\/\/www.nationalturk.com\/tr\/wp-json\/wp\/v2\/tags?post=281096"}],"curies":[{"name":"wp","href":"https:\/\/api.w.org\/{rel}","templated":true}]}}