{"id":281109,"date":"2019-08-21T10:30:29","date_gmt":"2019-08-21T07:30:29","guid":{"rendered":"https:\/\/www.nationalturk.com\/?p=281109"},"modified":"2019-08-21T10:30:29","modified_gmt":"2019-08-21T07:30:29","slug":"maduro-dogruladi-abd-ile-gorusuyoruz","status":"publish","type":"post","link":"https:\/\/www.nationalturk.com\/tr\/maduro-dogruladi-abd-ile-gorusuyoruz\/","title":{"rendered":"Maduro do\u011frulad\u0131: ABD ile g\u00f6r\u00fc\u015f\u00fcyoruz"},"content":{"rendered":"<h2>Venezuela Devlet Ba\u015fkan\u0131 Nicolas Maduro, La Guaira \u015fehrinde kat\u0131ld\u0131\u011f\u0131 bir etkinlikte yapt\u0131\u011f\u0131 konu\u015fmada, kendisinin yetkisiyle, h\u00fck\u00fcmetinin ABD Ba\u015fkan\u0131 Donald Trump h\u00fck\u00fcmetinden \u00fcst d\u00fczey yetkililerin aylard\u0131r temas halinde oldu\u011funu do\u011frulad\u0131.<\/h2>\n<p>Devlet Ba\u015fkan\u0131 Maduro, h\u00fck\u00fcmetiyle ABD aras\u0131nda gizli g\u00f6r\u00fc\u015fmelerin yap\u0131lmas\u0131na ili\u015fkin &#8220;Aylard\u0131r Donald Trump h\u00fck\u00fcmetiyle benim ba\u015fkanl\u0131\u011f\u0131n\u0131 etti\u011fim Bolivarc\u0131 h\u00fck\u00fcmet aras\u0131nda, benim yetkim alt\u0131nda, Kuzey Amerika imparatorlu\u011fuyla aram\u0131zdaki \u00e7at\u0131\u015fmaya bir \u00e7\u00f6z\u00fcm bulabilmek i\u00e7in \u00e7e\u015fitli g\u00f6r\u00fc\u015fmeler yap\u0131l\u0131yor.&#8221; diye konu\u015ftu.<\/p>\n<p>Do\u011frudan ABD&#8217;ye i\u015faret etmeksizin Maduro, &#8220;Sizlere bir s\u0131r vermek istiyorum, bunu benim i\u00e7in saklay\u0131n \u00e7\u00fcnk\u00fc kimsenin bilmemesi gereken gizli yerlerde, gizli g\u00f6r\u00fc\u015fmeler yap\u0131ld\u0131. Elbette temas halindeyiz ve temas halinde olmaya devam edece\u011fiz.&#8221; ifadelerini kulland\u0131.<\/p>\n<p>\u00d6te yandan, d\u00fcn Venezuela h\u00fck\u00fcmetinin iki numaral\u0131 ismi olarak bilinen Kurucu Meclis Ba\u015fkan\u0131 Diosdado Cabello, Trump y\u00f6netimine yak\u0131n bir ki\u015fiyle gizli g\u00f6r\u00fc\u015fmeler yapt\u0131\u011f\u0131 iddialar\u0131n\u0131 yalanlam\u0131\u015ft\u0131.<\/p>\n<p>&#8220;\u00c7\u00f6z\u00fcme ula\u015fmak i\u00e7in her zaman haz\u0131r\u0131z&#8221;<br \/>\nDevlet Ba\u015fkan\u0131 Maduro, Venezuela&#8217;n\u0131n egemenli\u011fini her zaman savunaca\u011f\u0131na vurgu yaparak, &#8220;E\u011fer Devlet Ba\u015fkan\u0131 Donald Trump bir g\u00fcn ciddi bir \u015fekilde konu\u015fmak ve bu \u00e7at\u0131\u015fmay\u0131 d\u00fczenlemek i\u00e7in bir plan yapmak isterse biz m\u00fczakere etmek ve \u00e7\u00f6z\u00fcme ula\u015fmak i\u00e7in her zaman haz\u0131r\u0131z. Ancak e\u011fer bize sald\u0131r\u0131rsan\u0131z biz de cevap veririz.&#8221; \u015feklinde konu\u015ftu.<\/p>\n<p>Bu arada, ABD Ba\u015fkan\u0131 Trump, d\u00fczenledi\u011fi bas\u0131n toplant\u0131s\u0131nda kendisine sorulan Maduro h\u00fck\u00fcmetiyle g\u00f6r\u00fc\u015f\u00fcp g\u00f6r\u00fc\u015fmedi\u011fi sorusuna, &#8220;Temas halindeyiz, Venezuela&#8217;da \u00e7e\u015fitli temsilcilerle g\u00f6r\u00fc\u015f\u00fcyoruz.&#8221; \u015feklinde cevap vermi\u015fti.<\/p>\n<p>\u00d6te yandan Maduro, ABD&#8217;li baz\u0131 yetkililerin Trump&#8217;a Venezuela hakk\u0131nda yalan s\u00f6ylediklerini, bu durum \u00fczerinden Venezuela&#8217;ya kar\u015f\u0131 sald\u0131r\u0131lar\u0131n ve yapt\u0131r\u0131mlar\u0131n uyguland\u0131\u011f\u0131n\u0131 s\u00f6zlerine ekledi.<\/p>\n<!-- Error, Advert is not available at this time due to schedule\/geolocation restrictions! -->\n","protected":false},"excerpt":{"rendered":"<p>Venezuela Devlet Ba\u015fkan\u0131 Nicolas Maduro, La Guaira \u015fehrinde kat\u0131ld\u0131\u011f\u0131 bir etkinlikte yapt\u0131\u011f\u0131 konu\u015fmada, kendisinin yetkisiyle, h\u00fck\u00fcmetinin ABD Ba\u015fkan\u0131 Donald Trump h\u00fck\u00fcmetinden \u00fcst d\u00fczey yetkililerin aylard\u0131r temas halinde oldu\u011funu do\u011frulad\u0131. Devlet Ba\u015fkan\u0131 Maduro, h\u00fck\u00fcmetiyle ABD aras\u0131nda gizli g\u00f6r\u00fc\u015fmelerin yap\u0131lmas\u0131na ili\u015fkin &#8220;Aylard\u0131r Donald Trump h\u00fck\u00fcmetiyle benim ba\u015fkanl\u0131\u011f\u0131n\u0131 etti\u011fim Bolivarc\u0131 h\u00fck\u00fcmet aras\u0131nda, benim yetkim alt\u0131nda, Kuzey Amerika imparatorlu\u011fuyla &hellip;<\/p>\n","protected":false},"author":4,"featured_media":281110,"comment_status":"open","ping_status":"open","sticky":false,"template":"","format":"standard","meta":{"_acf_changed":false,"footnotes":""},"categories":[6768,6155,6771,5005,6202],"tags":[1887,199658,71336,7013],"class_list":["post-281109","post","type-post","status-publish","format-standard","has-post-thumbnail","hentry","category-amerika","category-gundem","category-latin-amerika","category-manset","category-politika","tag-abd","tag-donald-trump","tag-nicolas-maduro","tag-venezuela"],"acf":[],"_links":{"self":[{"href":"https:\/\/www.nationalturk.com\/tr\/wp-json\/wp\/v2\/posts\/281109","targetHints":{"allow":["GET"]}}],"collection":[{"href":"https:\/\/www.nationalturk.com\/tr\/wp-json\/wp\/v2\/posts"}],"about":[{"href":"https:\/\/www.nationalturk.com\/tr\/wp-json\/wp\/v2\/types\/post"}],"author":[{"embeddable":true,"href":"https:\/\/www.nationalturk.com\/tr\/wp-json\/wp\/v2\/users\/4"}],"replies":[{"embeddable":true,"href":"https:\/\/www.nationalturk.com\/tr\/wp-json\/wp\/v2\/comments?post=281109"}],"version-history":[{"count":0,"href":"https:\/\/www.nationalturk.com\/tr\/wp-json\/wp\/v2\/posts\/281109\/revisions"}],"wp:featuredmedia":[{"embeddable":true,"href":"https:\/\/www.nationalturk.com\/tr\/wp-json\/wp\/v2\/media\/281110"}],"wp:attachment":[{"href":"https:\/\/www.nationalturk.com\/tr\/wp-json\/wp\/v2\/media?parent=281109"}],"wp:term":[{"taxonomy":"category","embeddable":true,"href":"https:\/\/www.nationalturk.com\/tr\/wp-json\/wp\/v2\/categories?post=281109"},{"taxonomy":"post_tag","embeddable":true,"href":"https:\/\/www.nationalturk.com\/tr\/wp-json\/wp\/v2\/tags?post=281109"}],"curies":[{"name":"wp","href":"https:\/\/api.w.org\/{rel}","templated":true}]}}