{"id":281202,"date":"2019-08-23T10:23:53","date_gmt":"2019-08-23T07:23:53","guid":{"rendered":"https:\/\/www.nationalturk.com\/?p=281202"},"modified":"2019-11-01T16:33:54","modified_gmt":"2019-11-01T13:33:54","slug":"besiktasi-baskanindan-korumali","status":"publish","type":"post","link":"https:\/\/www.nationalturk.com\/tr\/besiktasi-baskanindan-korumali\/","title":{"rendered":"Be\u015fikta\u015f&#8217;\u0131 ba\u015fkan\u0131ndan korumal\u0131"},"content":{"rendered":"<h2>NationalTurk yorumcusu M\u00fcsl\u00fcm G\u00fclhan&#8217;\u0131n bu haftaki &#8220;Be\u015fikta\u015f&#8217;\u0131 ba\u015fkan\u0131ndan korumal\u0131&#8221; ba\u015fl\u0131kl\u0131 yaz\u0131s\u0131;<\/h2>\n<p>Tarihsel bir s\u00fcrece sahip olan kul\u00fcplerin edinmi\u015f oldu\u011fu davran\u0131\u015f ve kendini ifade etme \u015fekilleri birtak\u0131m kodlar sayesinde k\u00fclt\u00fcrel bir kimlik kazan\u0131r.<\/p>\n<p>Kendi kimli\u011finin olu\u015fmas\u0131, ayn\u0131 zamanda bir kurumsal ifadeyi de beraberinde i\u00e7inde ta\u015f\u0131r.<\/p>\n<p>Bu davran\u0131\u015f kodlar\u0131 herkesi ba\u011flar. Hele hele ba\u015fkan ve y\u00f6neticilerin se\u00e7ilme \u015fartlar\u0131 bu kodlar\u0131n varl\u0131\u011f\u0131n\u0131n devam\u0131 ko\u015fuluyla se\u00e7ilmi\u015flerdir.<\/p>\n<p>\u0130\u015fte S\u00fcleyman Seba\u2026<\/p>\n<p>Baba Hakk\u0131 ve \u015eeref beyden ald\u0131\u011f\u0131 emaneti b\u00fcy\u00fck bir sadakat i\u00e7inde koruyarak \u00fcst\u00fcne katabilece\u011fi her \u015feyi ekleyip tak\u0131m\u0131n geli\u015fimini sa\u011flamaktan ba\u015fka hi\u00e7bir \u015fey d\u00fc\u015f\u00fcnmedi. O y\u00fczdendir ger\u00e7ek Be\u015fikta\u015fl\u0131lar\u0131n son ba\u015fkan\u0131 S\u00fcleyman Seba\u2019d\u0131r.<\/p>\n<p>Hi\u00e7bir \u015fekilde Be\u015fikta\u015f i\u00e7in \u201cAhmet Dursun Seba gitsin\u201d s\u00f6yleminin ki\u015fisel \u00e7\u0131karlardan ba\u015fka bir i\u00e7eri\u011fi yoktur. Tarihsel i\u00e7erik, Baba Hakk\u0131\u2019dan \u015eeref beye ve ondan S\u00fcleyman Seba\u2019ya gelen davran\u0131\u015f ve ahlaki kodlar\u0131 i\u00e7eren k\u00fclt\u00fcrd\u00fcr. Bu kadar kuvvetli i\u00e7erikleri ta\u015f\u0131yan bir kurumun, d\u0131\u015fardan yap\u0131lan sald\u0131r\u0131 veya i\u00e7eride olu\u015fturulan s\u00f6m\u00fcrme mekanizmas\u0131 neticesinde y\u0131k\u0131lmas\u0131 \u00e7ok kolay olmaz. Ama verilen zarar\u0131 bertaraf etmek \u00e7ok zor olur.<\/p>\n<p>Bu kadar tasviri yapmam\u0131n sebebi, Be\u015fikta\u015f gibi bir kul\u00fcb\u00fcn geldi\u011fi noktay\u0131 daha iyi anlatma kayg\u0131s\u0131n\u0131 ta\u015f\u0131mamd\u0131r.<\/p>\n<p>Art\u0131k gelinen noktan\u0131n hani \u201cbunun telafisi yok\u201d tasvirini \u00e7oktan ge\u00e7mi\u015f olmas\u0131 ve geri d\u00f6n\u00fc\u015f\u00fcn m\u00fcmk\u00fcn olmayaca\u011f\u0131 bir s\u00fcreci Be\u015fikta\u015f\u2019\u0131n ya\u015famas\u0131d\u0131r. Son \u00fc\u00e7 ba\u015fkan\u0131n d\u00f6nemiyle gelinen yere g\u00f6z g\u00f6re g\u00f6re gelindi. Ve herkes su\u00e7lu\u2026<\/p>\n<p>Fikret Orman d\u00f6neminin y\u00f6netim zaaflar\u0131, verdi\u011fi zararlar ve yanl\u0131\u015flar ise ayr\u0131ca parantez a\u00e7\u0131larak incelenmesi gerekiyor. \u00c7\u00fcnk\u00fc art\u0131k s\u00fcre\u00e7; bor\u00e7 bata\u011f\u0131ndan \u00e7\u0131k\u0131p Be\u015fikta\u015f\u2019\u0131 ba\u015fkan\u0131ndan koruma noktas\u0131na gelmi\u015ftir.<\/p>\n<p>Be\u015fikta\u015f\u2019\u0131n ba\u015fkan\u0131ndan korunmas\u0131 gerekiyor! Bunun ne anlama geldi\u011fini anlamland\u0131rmak i\u00e7erik olarak \u00e7ok zor g\u00f6z\u00fck\u00fcyor ki do\u011fru, ger\u00e7ekten \u00e7ok zor bir i\u00e7erik olarak kar\u015f\u0131m\u0131zda duruyor ama ge\u00e7ek bu\u2026<\/p>\n<p>Anlatmak laz\u0131m\u2026 Anlamak laz\u0131m\u2026<\/p>\n<p>Her al\u0131nan g\u00f6revin ahlaki sorumlulu\u011fu vard\u0131r. Bu sorumlulu\u011fun yerine getirilip getirilmemesi ise belirli kontrol mekanizmalar\u0131 sayesinde olur. Bir dernek olan, sivil toplum kurulu\u015fu olan Be\u015fikta\u015f Kul\u00fcb\u00fc\u2019ne Divan Kurulu \u00fcyesi olmak, Genel Kurul \u00fcyesi olmak, taraftar olmak \u00e7ok ciddi sorumluluk ister. Bu sorumluluk ba\u015fkan ve y\u00f6netim kurulundan daha \u00f6nemli ve de\u011ferlidir.<\/p>\n<p>\u00c7\u00fcnk\u00fc verilen g\u00f6rev sadece kul\u00fcb\u00fc y\u00fcceltmek de\u011fildir, as\u0131l olan, onun geli\u015fimini sa\u011flayacak ve hi\u00e7bir k\u00fclt\u00fcrel de\u011ferini kaybetmeden s\u00fcrd\u00fcrecek kontrol mekanizmalar\u0131na sahip olarak onu KORUMAKTIR.<\/p>\n<p>\u0130\u015fte Be\u015fikta\u015f\u2019\u0131n ba\u015fkan\u0131ndan daha b\u00fcy\u00fck sorun bu noktada kendini g\u00f6steriyor.<\/p>\n<p>\u00d6ncelikle Divan Kurulu ve di\u011fer kurullar\u0131n \u00f6zerk ve ba\u011f\u0131ms\u0131z yap\u0131s\u0131 ve Y\u00f6netim Kurulunun \u00fcst\u00fcnde bir konuma sahip olma \u00f6zellikleri yok edildi. Bu sadece y\u00f6netimin manevralar\u0131yla de\u011fil, bizzat Divan Kurulu \u00fcyelerinin ve di\u011fer kurul \u00fcyelerinin duyars\u0131zl\u0131\u011f\u0131 sayesinde oldu. T\u00fcm tav\u0131rlar\u0131 ve uygulamalar\u0131, Be\u015fikta\u015f\u2019\u0131 korumaya y\u00f6nelik t\u00fcz\u00fck ve y\u00f6netmelikler \u00fczerine olmal\u0131d\u0131r ki zaaflar\u0131 bu noktada da ortaya \u00e7\u0131k\u0131yor. Genel Kurulda ise, se\u00e7me se\u00e7ilme \u00f6zg\u00fcrl\u00fc\u011f\u00fc, be\u015f bin k\u00fcsur renkli ve kim oldu\u011fu belli olmayan bu \u00fcyeler sayesinde elinden al\u0131nd\u0131 ki; on d\u00f6rt bin \u00fcyenin \u00e7o\u011fu buna sessiz kalarak s\u00fcrecin engellenmesine hi\u00e7bir katk\u0131 yapmad\u0131; bu affedilemez. Genel Kurul \u00fcyeli\u011fi bir referans de\u011fildir, aksine b\u00fcy\u00fck bir sorumluluktur ki bunun en \u00f6nemli de\u011feri se\u00e7ime kat\u0131lmakt\u0131r. Orada olman\u0131n de\u011feri bir grubun \u00e7\u0131kar\u0131 \u00fczerine veya ki\u015fisel beklenti \u00fczerine bir kurgu olamaz. Aksine, Be\u015fikta\u015f\u2019\u0131n \u00e7\u0131karlar\u0131 i\u00e7in bir zorunluluk olarak orada olmak gerekir.<\/p>\n<p>\u0130ki bin be\u015f y\u00fcz, ya da d\u00f6rt bin sekiz y\u00fcz \u00fcye ile se\u00e7im olmaz. Bunu kabul etmek m\u00fcmk\u00fcn de\u011fildir.<\/p>\n<p>Ve taraftar\u2026 Be\u015fikta\u015f taraftar\u0131 ba\u015fka bir \u00f6zelli\u011fe sahiptir. \u2018Halk\u0131n Tak\u0131m\u0131\u2019 tan\u0131m\u0131n\u0131n alt\u0131nda yatan k\u00fclt\u00fcrel kavram ve bunun de\u011feri onu d\u00fcnya futbol camias\u0131 i\u00e7inde ayr\u0131 bir konuma getirmi\u015ftir. Bu duyarl\u0131l\u0131\u011f\u0131 ondan sorumluluk almas\u0131 \u00fczerine beklentiyi beraberinde getirir ki tarihsel s\u00fcre\u00e7 ona bu misyonu vermi\u015ftir.<\/p>\n<p>Ve,<\/p>\n<p>Ba\u015fka Be\u015fikta\u015f yok!<\/p>\n<p><strong>M\u00fcsl\u00fcm G\u00fclhan \/ NationalTurk<\/strong><\/p>\n<!-- Error, Advert is not available at this time due to schedule\/geolocation restrictions! -->\n","protected":false},"excerpt":{"rendered":"<p>NationalTurk yorumcusu M\u00fcsl\u00fcm G\u00fclhan&#8217;\u0131n bu haftaki &#8220;Be\u015fikta\u015f&#8217;\u0131 ba\u015fkan\u0131ndan korumal\u0131&#8221; ba\u015fl\u0131kl\u0131 yaz\u0131s\u0131; Tarihsel bir s\u00fcrece sahip olan kul\u00fcplerin edinmi\u015f oldu\u011fu davran\u0131\u015f ve kendini ifade etme \u015fekilleri birtak\u0131m kodlar sayesinde k\u00fclt\u00fcrel bir kimlik kazan\u0131r. Kendi kimli\u011finin olu\u015fmas\u0131, ayn\u0131 zamanda bir kurumsal ifadeyi de beraberinde i\u00e7inde ta\u015f\u0131r. Bu davran\u0131\u015f kodlar\u0131 herkesi ba\u011flar. Hele hele ba\u015fkan ve y\u00f6neticilerin se\u00e7ilme &hellip;<\/p>\n","protected":false},"author":9192211,"featured_media":280618,"comment_status":"open","ping_status":"open","sticky":false,"template":"","format":"standard","meta":{"_acf_changed":false,"footnotes":""},"categories":[6774,6155,26554,5005],"tags":[1748,37131,195969,18904],"class_list":["post-281202","post","type-post","status-publish","format-standard","has-post-thumbnail","hentry","category-futbol","category-gundem","category-haftanin-yorumu","category-manset","tag-besiktas","tag-fikret-orman","tag-muslum-gulhan","tag-suleyman-seba"],"acf":[],"_links":{"self":[{"href":"https:\/\/www.nationalturk.com\/tr\/wp-json\/wp\/v2\/posts\/281202","targetHints":{"allow":["GET"]}}],"collection":[{"href":"https:\/\/www.nationalturk.com\/tr\/wp-json\/wp\/v2\/posts"}],"about":[{"href":"https:\/\/www.nationalturk.com\/tr\/wp-json\/wp\/v2\/types\/post"}],"author":[{"embeddable":true,"href":"https:\/\/www.nationalturk.com\/tr\/wp-json\/wp\/v2\/users\/9192211"}],"replies":[{"embeddable":true,"href":"https:\/\/www.nationalturk.com\/tr\/wp-json\/wp\/v2\/comments?post=281202"}],"version-history":[{"count":0,"href":"https:\/\/www.nationalturk.com\/tr\/wp-json\/wp\/v2\/posts\/281202\/revisions"}],"wp:featuredmedia":[{"embeddable":true,"href":"https:\/\/www.nationalturk.com\/tr\/wp-json\/wp\/v2\/media\/280618"}],"wp:attachment":[{"href":"https:\/\/www.nationalturk.com\/tr\/wp-json\/wp\/v2\/media?parent=281202"}],"wp:term":[{"taxonomy":"category","embeddable":true,"href":"https:\/\/www.nationalturk.com\/tr\/wp-json\/wp\/v2\/categories?post=281202"},{"taxonomy":"post_tag","embeddable":true,"href":"https:\/\/www.nationalturk.com\/tr\/wp-json\/wp\/v2\/tags?post=281202"}],"curies":[{"name":"wp","href":"https:\/\/api.w.org\/{rel}","templated":true}]}}