{"id":281271,"date":"2019-08-26T13:47:16","date_gmt":"2019-08-26T10:47:16","guid":{"rendered":"https:\/\/www.nationalturk.com\/?p=281271"},"modified":"2019-08-26T13:47:16","modified_gmt":"2019-08-26T10:47:16","slug":"balikcilar-bu-yildan-umutlu","status":"publish","type":"post","link":"https:\/\/www.nationalturk.com\/tr\/balikcilar-bu-yildan-umutlu\/","title":{"rendered":"Bal\u0131k\u00e7\u0131lar bu y\u0131ldan umutlu"},"content":{"rendered":"<h2>Bal\u0131k\u00e7\u0131lar, 1 Eyl\u00fcl&#8217;de ba\u015flayacak av sezonuna haz\u0131rlan\u0131yor.<\/h2>\n<p>Denizlerde av yasa\u011f\u0131n\u0131n sona ermesiyle yeni sezona ba\u015flayacak bal\u0131k\u00e7\u0131lar,bu y\u0131l \u00f6zellikle hamsi, \u00e7inekop ve istavritte bolluk bekliyor.<\/p>\n<p>Tar\u0131m Kooperatifleri Merkez Birli\u011fi Genel Ba\u015fkan\u0131 ve \u00c7anakkale Merkez 1 No&#8217;lu Su \u00dcr\u00fcnleri Kooperatifi Ba\u015fkan\u0131 Mehmet \u00d6zkurnaz, yapt\u0131\u011f\u0131 a\u00e7\u0131klamada, bal\u0131k\u00e7\u0131lar\u0131n b\u00fcy\u00fck beklenti i\u00e7ine girdi\u011fini s\u00f6yledi.<\/p>\n<p>Bal\u0131\u011f\u0131n bol olmas\u0131n\u0131n fiyatlar\u0131 d\u00fc\u015f\u00fcrd\u00fc\u011f\u00fcn\u00fc vurgulayan \u00d6zkurnaz, \u015f\u00f6yle devam etti:<\/p>\n<p>&#8220;Her y\u0131l oldu\u011fu gibi \u00f6zellikle g\u00f6\u00e7 d\u00f6neminde torik, palamut, l\u00fcfer ve bunun gibi bir\u00e7ok pullu bal\u0131k, \u00e7ipura, mercan, karag\u00f6z, sinarit, Karadeniz&#8217;den Ege&#8217;ye ve oradan da Akdeniz&#8217;e a\u00e7\u0131l\u0131r. Bal\u0131k\u00e7\u0131ya ekonomik anlamda en \u00e7ok katk\u0131 sa\u011flayacak bal\u0131k \u00e7e\u015fidi l\u00fcferdir. Bu y\u0131l \u00f6zellikle l\u00fcfer, ge\u00e7en y\u0131ldan bu yana yataklama yapt\u0131, do\u011fal olarak havyar\u0131 da bu b\u00f6lgeye b\u0131rakm\u0131\u015f oldu. Bu y\u0131l bu b\u00f6lgedeki bal\u0131k\u00e7\u0131l\u0131\u011f\u0131n l\u00fcfer bak\u0131m\u0131ndan ciddi anlamda art\u0131\u015f g\u00f6sterece\u011fi d\u00fc\u015f\u00fcncesindeyiz. &#8221;<\/p>\n<h3>&#8220;Yasak bitti\u011finde fiyatlarda da d\u00fc\u015f\u00fc\u015f olacakt\u0131r&#8221;<\/h3>\n<p>Bal\u0131k\u00e7\u0131 Tuncay Din\u00e7 ise avlanma sezonunun bereketli ge\u00e7mesi beklentisinde olduklar\u0131n\u0131 anlatt\u0131.<br \/>\nAv yasa\u011f\u0131 nedeniyle tezgahlar\u0131nda birka\u00e7 \u00e7e\u015fit bal\u0131k bulundu\u011funu aktaran Din\u00e7, &#8220;Levrek, \u00e7ipura k\u00fclt\u00fcr bal\u0131\u011f\u0131. Oltadan gelen \u00e7ipuralar\u0131 sat\u0131yorum. Dalyan&#8217;dan gelen kefal, turna ve levrek var.&#8221; dedi.<\/p>\n<p>Din\u00e7, bug\u00fcnlerde en \u00e7ok sardalyan\u0131n ilgi g\u00f6rd\u00fc\u011f\u00fcn\u00fc dile getirdi.<\/p>\n<p>Haftaya ba\u015flayacak yeni sezondan beklentilerine de\u011finen Din\u00e7, &#8220;Yasak bitti\u011finde fiyatlarda da d\u00fc\u015f\u00fc\u015f olacakt\u0131r. 20-25 lira aral\u0131\u011f\u0131nda sat\u0131lan sardalyan\u0131n 15-20 liraya d\u00fc\u015fece\u011fini tahmin ediyoruz. Ge\u00e7ti\u011fimiz sezon hamsi, \u00e7inekop ve istavrit \u00e7ok bereketliydi, in\u015fallah bu sene de ayn\u0131s\u0131 olur. Bu y\u0131l sardalya fiyatlar\u0131 y\u00fcksek gitti ancak bu y\u0131ldan umutluyuz.&#8221; ifadelerini kulland\u0131.<\/p>\n<h4>&#8220;Bal\u0131k\u00e7\u0131n\u0131n umudu bitmez&#8221;<\/h4>\n<p>Bal\u0131k\u00e7\u0131lardan Melih Kay\u0131k\u00e7\u0131 da sezonun a\u00e7\u0131lmas\u0131n\u0131 d\u00f6rt g\u00f6zle beklediklerini belirtti.<\/p>\n<p>Palamut, sar\u0131kanat ve l\u00fcferin bol olmas\u0131n\u0131 umut ettiklerini kaydeden Kay\u0131k\u00e7\u0131, &#8220;Sezonun a\u00e7\u0131l\u0131\u015f\u0131 palamutla ba\u015flar, sar\u0131kanat, l\u00fcfer, istavrit ve tekir gibi bal\u0131klarla devam eder. Fiyatlarda d\u00fc\u015fme olur. Ge\u00e7en y\u0131l g\u00fczel bir sezon ge\u00e7irdik, umar\u0131m bu sezon da bereketli bir sezon olur. Bal\u0131k\u00e7\u0131n\u0131n umudu bitmez.&#8221; diye konu\u015ftu.<\/p>\n<!-- Error, Advert is not available at this time due to schedule\/geolocation restrictions! -->\n","protected":false},"excerpt":{"rendered":"<p>Bal\u0131k\u00e7\u0131lar, 1 Eyl\u00fcl&#8217;de ba\u015flayacak av sezonuna haz\u0131rlan\u0131yor. Denizlerde av yasa\u011f\u0131n\u0131n sona ermesiyle yeni sezona ba\u015flayacak bal\u0131k\u00e7\u0131lar,bu y\u0131l \u00f6zellikle hamsi, \u00e7inekop ve istavritte bolluk bekliyor. Tar\u0131m Kooperatifleri Merkez Birli\u011fi Genel Ba\u015fkan\u0131 ve \u00c7anakkale Merkez 1 No&#8217;lu Su \u00dcr\u00fcnleri Kooperatifi Ba\u015fkan\u0131 Mehmet \u00d6zkurnaz, yapt\u0131\u011f\u0131 a\u00e7\u0131klamada, bal\u0131k\u00e7\u0131lar\u0131n b\u00fcy\u00fck beklenti i\u00e7ine girdi\u011fini s\u00f6yledi. Bal\u0131\u011f\u0131n bol olmas\u0131n\u0131n fiyatlar\u0131 d\u00fc\u015f\u00fcrd\u00fc\u011f\u00fcn\u00fc vurgulayan &hellip;<\/p>\n","protected":false},"author":3,"featured_media":281272,"comment_status":"open","ping_status":"open","sticky":false,"template":"","format":"standard","meta":{"_acf_changed":false,"footnotes":""},"categories":[6199,5005,6805],"tags":[43025,55567,215751,210323],"class_list":["post-281271","post","type-post","status-publish","format-standard","has-post-thumbnail","hentry","category-ekonomi","category-manset","category-turkiye","tag-balik-sezonu","tag-hamsi","tag-levrek","tag-palamut-avi"],"acf":[],"_links":{"self":[{"href":"https:\/\/www.nationalturk.com\/tr\/wp-json\/wp\/v2\/posts\/281271","targetHints":{"allow":["GET"]}}],"collection":[{"href":"https:\/\/www.nationalturk.com\/tr\/wp-json\/wp\/v2\/posts"}],"about":[{"href":"https:\/\/www.nationalturk.com\/tr\/wp-json\/wp\/v2\/types\/post"}],"author":[{"embeddable":true,"href":"https:\/\/www.nationalturk.com\/tr\/wp-json\/wp\/v2\/users\/3"}],"replies":[{"embeddable":true,"href":"https:\/\/www.nationalturk.com\/tr\/wp-json\/wp\/v2\/comments?post=281271"}],"version-history":[{"count":0,"href":"https:\/\/www.nationalturk.com\/tr\/wp-json\/wp\/v2\/posts\/281271\/revisions"}],"wp:featuredmedia":[{"embeddable":true,"href":"https:\/\/www.nationalturk.com\/tr\/wp-json\/wp\/v2\/media\/281272"}],"wp:attachment":[{"href":"https:\/\/www.nationalturk.com\/tr\/wp-json\/wp\/v2\/media?parent=281271"}],"wp:term":[{"taxonomy":"category","embeddable":true,"href":"https:\/\/www.nationalturk.com\/tr\/wp-json\/wp\/v2\/categories?post=281271"},{"taxonomy":"post_tag","embeddable":true,"href":"https:\/\/www.nationalturk.com\/tr\/wp-json\/wp\/v2\/tags?post=281271"}],"curies":[{"name":"wp","href":"https:\/\/api.w.org\/{rel}","templated":true}]}}