{"id":281359,"date":"2019-08-29T10:43:54","date_gmt":"2019-08-29T07:43:54","guid":{"rendered":"https:\/\/www.nationalturk.com\/?p=281359"},"modified":"2019-08-29T10:43:54","modified_gmt":"2019-08-29T07:43:54","slug":"appledan-siri-konusmalarini-dinledigi-icin-ozur","status":"publish","type":"post","link":"https:\/\/www.nationalturk.com\/tr\/appledan-siri-konusmalarini-dinledigi-icin-ozur\/","title":{"rendered":"Apple&#8217;dan Siri konu\u015fmalar\u0131n\u0131 dinledi\u011fi i\u00e7in \u00f6z\u00fcr"},"content":{"rendered":"<div class=\"lead\">\n<h2 class=\"selectionShareable\">Apple, kullan\u0131c\u0131lar\u0131ndan \u00f6z\u00fcr diledi.<\/h2>\n<p class=\"selectionShareable\">Apple, ses asistan\u0131 Siri&#8217;nin konu\u015fma kay\u0131tlar\u0131n\u0131 \u00fc\u00e7\u00fcnc\u00fc ki\u015filere dinletti\u011fi i\u00e7in gizlilik politikas\u0131na ayk\u0131r\u0131 davrand\u0131\u011f\u0131n\u0131 kabul ederek kullan\u0131c\u0131lar\u0131ndan \u00f6z\u00fcr diledi.<\/p>\n<p class=\"selectionShareable\">Financial Times&#8217;ta yer alan habere g\u00f6re, Apple yapt\u0131\u011f\u0131 a\u00e7\u0131klamada, \u015firketin ses asistan\u0131 Siri&#8217;yi geli\u015ftirmek i\u00e7in \u00fc\u00e7\u00fcnc\u00fc taraf ki\u015filerle anla\u015fmas\u0131na y\u00f6nelik \u00e7\u0131kan ele\u015ftirel haberlerin ard\u0131ndan, kullan\u0131c\u0131 mahremiyetini korumak i\u00e7in yeni politikalar\u0131 hayata ge\u00e7irdi\u011fini duyurdu.<\/p>\n<\/div>\n<p>Apple a\u00e7\u0131klamas\u0131nda ses dinleme konusundaki hatas\u0131n\u0131 kabul ederek, &#8220;Mahremiyet \u00e7ok temel bir insan hakk\u0131d\u0131r. Yapt\u0131\u011f\u0131m\u0131z incelemeler sonucu y\u00fcksek ideallere sahip olan politikalar\u0131m\u0131za tam uymad\u0131\u011f\u0131m\u0131z\u0131 tespit ettik ve bunun i\u00e7in \u00f6z\u00fcr diliyoruz.&#8221; ifadelerine yer verdi.<\/p>\n<p>Apple&#8217;n\u0131n ses tan\u0131ma konusundaki rakiplerinden Amazon, Alexa ses asistan\u0131 ile kullan\u0131c\u0131lar\u0131n\u0131 dinleyerek uygulamas\u0131n\u0131 geli\u015ftirmeye \u00e7al\u0131\u015fm\u0131\u015ft\u0131. Facebook ise Messenger kullan\u0131c\u0131lar\u0131n\u0131n seslerini para verdi\u011fi \u00fc\u00e7\u00fcnc\u00fc ki\u015filere yaz\u0131ya d\u00f6kt\u00fcrerek ses tan\u0131ma sistemini geli\u015ftirmeye \u00e7al\u0131\u015fm\u0131\u015ft\u0131<\/p>\n<h3>\u015eirketler kullan\u0131c\u0131lar\u0131n\u0131 neden dinliyor?<\/h3>\n<p>\u015eirketler yap\u0131lan dinlemelerin, \u00fcr\u00fcnlerinin daha da geli\u015ftirilmesi ve daha iyi hizmet vermesi i\u00e7in yap\u0131ld\u0131\u011f\u0131n\u0131 belirtiyor.<\/p>\n<p>B\u00fcy\u00fck \u015firketlerin kullan\u0131c\u0131lar\u0131 dinlemesi temelde makine \u00f6\u011frenmesine ba\u011fl\u0131 olan yapay zekalar\u0131n\u0131 geli\u015ftirmek i\u00e7in yap\u0131l\u0131yor. G\u00fcn\u00fcm\u00fczde makine \u00f6\u011frenmesinin en \u00f6nemli unsuru derin \u00f6\u011frenme (deep learning) temelde, algoritman\u0131n mevcut verilerle beslenmesi ve ard\u0131ndan insan m\u00fcdahalesine ihtiya\u00e7 olmadan verileri tan\u0131mas\u0131 anlam\u0131na geliyor. Sadece ses sistemlerinde de\u011fil, g\u00fcn\u00fcm\u00fczde pek \u00e7ok \u015firket, g\u00f6r\u00fcnt\u00fc ve metin sistemlerini geli\u015ftirmek i\u00e7in kullan\u0131c\u0131lar\u0131n verilerinden faydalan\u0131yor.<\/p>\n<!-- Error, Advert is not available at this time due to schedule\/geolocation restrictions! -->\n","protected":false},"excerpt":{"rendered":"<p>Apple, kullan\u0131c\u0131lar\u0131ndan \u00f6z\u00fcr diledi. Apple, ses asistan\u0131 Siri&#8217;nin konu\u015fma kay\u0131tlar\u0131n\u0131 \u00fc\u00e7\u00fcnc\u00fc ki\u015filere dinletti\u011fi i\u00e7in gizlilik politikas\u0131na ayk\u0131r\u0131 davrand\u0131\u011f\u0131n\u0131 kabul ederek kullan\u0131c\u0131lar\u0131ndan \u00f6z\u00fcr diledi. Financial Times&#8217;ta yer alan habere g\u00f6re, Apple yapt\u0131\u011f\u0131 a\u00e7\u0131klamada, \u015firketin ses asistan\u0131 Siri&#8217;yi geli\u015ftirmek i\u00e7in \u00fc\u00e7\u00fcnc\u00fc taraf ki\u015filerle anla\u015fmas\u0131na y\u00f6nelik \u00e7\u0131kan ele\u015ftirel haberlerin ard\u0131ndan, kullan\u0131c\u0131 mahremiyetini korumak i\u00e7in yeni politikalar\u0131 hayata ge\u00e7irdi\u011fini &hellip;<\/p>\n","protected":false},"author":3,"featured_media":281360,"comment_status":"open","ping_status":"open","sticky":false,"template":"","format":"standard","meta":{"_acf_changed":false,"footnotes":""},"categories":[6665,5005,6224],"tags":[1173],"class_list":["post-281359","post","type-post","status-publish","format-standard","has-post-thumbnail","hentry","category-dunya","category-manset","category-teknoloji","tag-apple"],"acf":[],"_links":{"self":[{"href":"https:\/\/www.nationalturk.com\/tr\/wp-json\/wp\/v2\/posts\/281359","targetHints":{"allow":["GET"]}}],"collection":[{"href":"https:\/\/www.nationalturk.com\/tr\/wp-json\/wp\/v2\/posts"}],"about":[{"href":"https:\/\/www.nationalturk.com\/tr\/wp-json\/wp\/v2\/types\/post"}],"author":[{"embeddable":true,"href":"https:\/\/www.nationalturk.com\/tr\/wp-json\/wp\/v2\/users\/3"}],"replies":[{"embeddable":true,"href":"https:\/\/www.nationalturk.com\/tr\/wp-json\/wp\/v2\/comments?post=281359"}],"version-history":[{"count":0,"href":"https:\/\/www.nationalturk.com\/tr\/wp-json\/wp\/v2\/posts\/281359\/revisions"}],"wp:featuredmedia":[{"embeddable":true,"href":"https:\/\/www.nationalturk.com\/tr\/wp-json\/wp\/v2\/media\/281360"}],"wp:attachment":[{"href":"https:\/\/www.nationalturk.com\/tr\/wp-json\/wp\/v2\/media?parent=281359"}],"wp:term":[{"taxonomy":"category","embeddable":true,"href":"https:\/\/www.nationalturk.com\/tr\/wp-json\/wp\/v2\/categories?post=281359"},{"taxonomy":"post_tag","embeddable":true,"href":"https:\/\/www.nationalturk.com\/tr\/wp-json\/wp\/v2\/tags?post=281359"}],"curies":[{"name":"wp","href":"https:\/\/api.w.org\/{rel}","templated":true}]}}