{"id":281504,"date":"2019-09-04T13:52:07","date_gmt":"2019-09-04T10:52:07","guid":{"rendered":"https:\/\/www.nationalturk.com\/?p=281504"},"modified":"2019-09-04T13:55:06","modified_gmt":"2019-09-04T10:55:06","slug":"son-dakika-hong-kong-geri-adim-atti","status":"publish","type":"post","link":"https:\/\/www.nationalturk.com\/tr\/son-dakika-hong-kong-geri-adim-atti\/","title":{"rendered":"Son Dakika: Hong Kong geri ad\u0131m att\u0131"},"content":{"rendered":"<h2>Hong Kong \u00d6zel Y\u00f6netim B\u00f6lgesi Hong Kong&#8217;da h\u00fck\u00fcmet, haziran ba\u015f\u0131ndan bu yana kitlesel protestolarla yol a\u00e7an su\u00e7lular\u0131n iadesi yasa tasar\u0131s\u0131n\u0131 geri \u00e7ekece\u011fini duyurdu.<\/h2>\n<p>Hong Kong&#8217;da yay\u0131n yapan South China Morning News gazetesinin haberine g\u00f6re, Hong Kong Ba\u015f Y\u00f6neticisi Carrie Lam, Hong Kong Yasama Meclisi ve \u00c7in Halk Kongresi milletvekilleriyle yapt\u0131\u011f\u0131 toplant\u0131da kitlesel protestolara yol a\u00e7an tasar\u0131y\u0131 geri \u00e7ekece\u011fini a\u00e7\u0131klad\u0131.<\/p>\n<p>Lam ayr\u0131ca, protestolarla a\u00e7\u0131\u011fa \u00e7\u0131kan sosyal huzursuzlu\u011fun sebeplerinin ara\u015ft\u0131r\u0131lmas\u0131 ve olas\u0131 \u00e7\u00f6z\u00fcm \u00f6nerilerinin ortaya konulmas\u0131 amac\u0131yla bir soru\u015fturma komitesinin kurulaca\u011f\u0131n\u0131 bildirdi. <\/p>\n<p>Lam b\u00f6ylece 13 haftad\u0131r Hong Kong sokaklar\u0131nda g\u00f6steriler yapan protestocular\u0131n talebini yerine getirece\u011fi sinyalini verdi.<\/p>\n<p>Protestocular tasar\u0131n\u0131n geri \u00e7ekilmesinin yan\u0131 s\u0131ra, eylemcilere y\u00f6nelik polis \u015fiddetinin soru\u015fturulmas\u0131 i\u00e7in ba\u011f\u0131ms\u0131z bir komite kurulmas\u0131, tutuklanan protestoculara af \u00e7\u0131kar\u0131lmas\u0131, protestolar\u0131n &#8220;ayaklanma&#8221; olarak adland\u0131r\u0131lmas\u0131na son verilmesi ve siyasi reformlar\u0131n yeniden ba\u015flat\u0131lmas\u0131n\u0131 talep ediyordu.<\/p>\n<p>Protestolara sebep olan, \u015f\u00fcphelilerin \u00c7in&#8217;e iadesini kolayla\u015ft\u0131ran yasa tasar\u0131s\u0131, 3 Nisan&#8217;da parlamentoya sunulmu\u015ftu. D\u00fczenlemeler, zanl\u0131lar\u0131n \u00c7in ana karas\u0131, \u00c7in&#8217;in Makao \u00d6zel \u0130dari B\u00f6lgesi ve Tayvan&#8217;a iadesini kolayla\u015ft\u0131r\u0131yordu.<\/p>\n<p>Hong Kong parlamentosunda, de\u011fi\u015fikli\u011fe kar\u015f\u0131 \u00e7\u0131kan milletvekilleriyle de\u011fi\u015fiklik yanl\u0131lar\u0131 aras\u0131ndaki kavgada \u00e7ok say\u0131da milletvekili yaralanm\u0131\u015ft\u0131.<\/p>\n<p>Muhalifler, iade yasas\u0131nda yap\u0131lacak bu de\u011fi\u015fikli\u011fin, Hong Kong&#8217;un \u00f6zg\u00fcrl\u00fcklerini ortadan kald\u0131raca\u011f\u0131n\u0131 savunurken Hong Konglu yetkililer bir cinayet zanl\u0131s\u0131n\u0131n Tayvan&#8217;a iadesi i\u00e7in bu de\u011fi\u015fikli\u011fin yap\u0131lmas\u0131 gerekti\u011fini belirtiyor.<\/p>\n<p>Muhalifler yasan\u0131n \u00e7\u0131kmas\u0131 halinde bunun \u00c7in&#8217;in Hong Kong&#8217;daki siyasi muhalifleri hedef almas\u0131yla sonu\u00e7lanaca\u011f\u0131ndan endi\u015fe ediyor.<\/p>\n<p>Hong Kong \u00d6zel \u0130dari B\u00f6lge Ba\u015f Y\u00f6neticisi Carrie Lam, daha \u00f6nce toplumda \u00e7ok b\u00fcy\u00fck fikir ayr\u0131l\u0131klar\u0131na yol a\u00e7t\u0131\u011f\u0131n\u0131 ifade ederek yasal d\u00fczenlemenin ask\u0131ya al\u0131nd\u0131\u011f\u0131n\u0131 duyurmu\u015ftu. Bu karar\u0131 yeterli bulunmayan g\u00f6stericiler tasar\u0131n\u0131n tamamen iptal edilmesini istiyordu.<\/p>\n<p>Hong Kong, 1898&#8217;de imzalanan &#8220;kira s\u00f6zle\u015fmesiyle&#8221; uzun y\u0131llar \u0130ngiltere hakimiyetinde kald\u0131ktan sonra 1997&#8217;de \u00c7in&#8217;e devredilmi\u015fti. \u0130mzalanan ortak deklarasyon \u00e7er\u00e7evesinde Hong Kong&#8217;a, 2047 y\u0131l\u0131na kadar \u00c7in&#8217;e sadece d\u0131\u015f politika ve savunma gibi alanlarda ba\u011fl\u0131 kalarak &#8220;tek \u00fclke, iki sistem&#8221; politikas\u0131yla idari ba\u011f\u0131ms\u0131zl\u0131\u011f\u0131n\u0131 ve yap\u0131s\u0131n\u0131 koruma hakk\u0131 tan\u0131nm\u0131\u015ft\u0131.<\/p>\n<p>\u00c7in&#8217;in Hong Kong \u00d6zel \u0130dari B\u00f6lgesi&#8217;nde Mart 2017&#8217;de yap\u0131lan ba\u015fy\u00f6netici se\u00e7iminden zaferle \u00e7\u0131kan Carrie Lam, Temmuz 2017&#8217;de \u00c7in Devlet Ba\u015fkan\u0131 \u015ei Cinping&#8217;in huzurunda Pekin merkezi h\u00fck\u00fcmeti ve Hong Kong halk\u0131na ba\u011fl\u0131l\u0131k yemini ederek g\u00f6revi selefi Leung Chun-ying&#8217;den devralm\u0131\u015ft\u0131.<\/p>\n<!-- Error, Advert is not available at this time due to schedule\/geolocation restrictions! -->\n","protected":false},"excerpt":{"rendered":"<p>Hong Kong \u00d6zel Y\u00f6netim B\u00f6lgesi Hong Kong&#8217;da h\u00fck\u00fcmet, haziran ba\u015f\u0131ndan bu yana kitlesel protestolarla yol a\u00e7an su\u00e7lular\u0131n iadesi yasa tasar\u0131s\u0131n\u0131 geri \u00e7ekece\u011fini duyurdu. Hong Kong&#8217;da yay\u0131n yapan South China Morning News gazetesinin haberine g\u00f6re, Hong Kong Ba\u015f Y\u00f6neticisi Carrie Lam, Hong Kong Yasama Meclisi ve \u00c7in Halk Kongresi milletvekilleriyle yapt\u0131\u011f\u0131 toplant\u0131da kitlesel protestolara yol a\u00e7an &hellip;<\/p>\n","protected":false},"author":4,"featured_media":281053,"comment_status":"open","ping_status":"open","sticky":false,"template":"","format":"standard","meta":{"_acf_changed":false,"footnotes":""},"categories":[6769,6155,5005,349],"tags":[711,773],"class_list":["post-281504","post","type-post","status-publish","format-standard","has-post-thumbnail","hentry","category-asya","category-gundem","category-manset","category-son-dakika","tag-cin","tag-hong-kong"],"acf":[],"_links":{"self":[{"href":"https:\/\/www.nationalturk.com\/tr\/wp-json\/wp\/v2\/posts\/281504","targetHints":{"allow":["GET"]}}],"collection":[{"href":"https:\/\/www.nationalturk.com\/tr\/wp-json\/wp\/v2\/posts"}],"about":[{"href":"https:\/\/www.nationalturk.com\/tr\/wp-json\/wp\/v2\/types\/post"}],"author":[{"embeddable":true,"href":"https:\/\/www.nationalturk.com\/tr\/wp-json\/wp\/v2\/users\/4"}],"replies":[{"embeddable":true,"href":"https:\/\/www.nationalturk.com\/tr\/wp-json\/wp\/v2\/comments?post=281504"}],"version-history":[{"count":0,"href":"https:\/\/www.nationalturk.com\/tr\/wp-json\/wp\/v2\/posts\/281504\/revisions"}],"wp:featuredmedia":[{"embeddable":true,"href":"https:\/\/www.nationalturk.com\/tr\/wp-json\/wp\/v2\/media\/281053"}],"wp:attachment":[{"href":"https:\/\/www.nationalturk.com\/tr\/wp-json\/wp\/v2\/media?parent=281504"}],"wp:term":[{"taxonomy":"category","embeddable":true,"href":"https:\/\/www.nationalturk.com\/tr\/wp-json\/wp\/v2\/categories?post=281504"},{"taxonomy":"post_tag","embeddable":true,"href":"https:\/\/www.nationalturk.com\/tr\/wp-json\/wp\/v2\/tags?post=281504"}],"curies":[{"name":"wp","href":"https:\/\/api.w.org\/{rel}","templated":true}]}}