{"id":281520,"date":"2019-09-04T18:39:36","date_gmt":"2019-09-04T15:39:36","guid":{"rendered":"https:\/\/www.nationalturk.com\/?p=281520"},"modified":"2019-09-04T18:39:36","modified_gmt":"2019-09-04T15:39:36","slug":"arabayla-tarihi-carsiya-girmeye-calisti-1-saatte-ikna-edildi","status":"publish","type":"post","link":"https:\/\/www.nationalturk.com\/tr\/arabayla-tarihi-carsiya-girmeye-calisti-1-saatte-ikna-edildi\/","title":{"rendered":"Arabayla tarihi \u00e7ar\u015f\u0131ya girmeye \u00e7al\u0131\u015ft\u0131, 1 saatte ikna edildi!"},"content":{"rendered":"<h2>Mu\u011fla&#8217;da tarihi \u00e7ar\u015f\u0131ya otomobiliyle giren ve ara\u00e7 trafi\u011fine kapal\u0131 b\u00f6l\u00fcmden ge\u00e7mek isteyen 82 ya\u015f\u0131ndaki s\u00fcr\u00fcc\u00fc, polis ekiplerine ve esnafa zor anlar ya\u015fatt\u0131.<\/h2>\n<p>Mente\u015fe il\u00e7esindeki tarihi Arasta \u00c7ar\u015f\u0131s\u0131&#8217;na otomobiliyle gelen N.\u0130, ara\u00e7 trafi\u011fine kapal\u0131 b\u00f6l\u00fcmden Saatli Kule Caddesi&#8217;ne ge\u00e7meye \u00e7al\u0131\u015ft\u0131. \u0130\u015fletme sahiplerinin masa ve sandalyelerini kald\u0131rmas\u0131n\u0131 isteyen s\u00fcr\u00fcc\u00fc ile esnaf aras\u0131nda tart\u0131\u015fma \u00e7\u0131karken duruma m\u00fc\u015fteriler de tepki g\u00f6sterdi.<\/p>\n<p>\u0130\u015fletme sahipleri, \u00e7ar\u015f\u0131n\u0131n ara\u00e7 trafi\u011fine kapal\u0131 oldu\u011funu ve d\u0131\u015far\u0131ya koyduklar\u0131 masa ve sandalyeler i\u00e7in belediyeye i\u015fgaliye paras\u0131 \u00f6dediklerini s\u00f6ylemelerine ra\u011fmen s\u00fcr\u00fcc\u00fc, b\u00f6lgeden ge\u00e7mekte inat etti.<\/p>\n<p>N.\u0130, &#8220;Ben buradan ge\u00e7ece\u011fim. Bende Arnavut inad\u0131 var. Buradan \u00f6l\u00fcr\u00fcm yine de ge\u00e7erim. Ya bu sandalyeleri kald\u0131r\u0131rs\u0131n\u0131z ya da ben bu masalar\u0131 y\u0131kar ge\u00e7erim.&#8221; diyerek \u0131srar\u0131n\u0131 s\u00fcrd\u00fcrd\u00fc.<\/p>\n<p>\u0130hbar \u00fczerine olay yerine gelen polis ve zab\u0131ta ekipleri, ya\u015fl\u0131 adam\u0131 ikna etmek i\u00e7in uzun s\u00fcre \u00e7abalad\u0131. Vatanda\u015flara ve esnafa zor anlar ya\u015fatan s\u00fcr\u00fcc\u00fcy\u00fc, polis ekipleri yakla\u015f\u0131k bir saatte ikna ederek uzakla\u015ft\u0131rd\u0131.<\/p>\n<p>Olay yerinde anahtar\u0131 \u00fczerinde b\u0131rak\u0131lan ara\u00e7 ise \u00e7ar\u015f\u0131 esnaf\u0131 taraf\u0131ndan zab\u0131ta ve polis e\u015fli\u011finde \u00e7ar\u015f\u0131dan \u00e7\u0131kar\u0131ld\u0131.<\/p>\n<!-- Error, Advert is not available at this time due to schedule\/geolocation restrictions! -->\n","protected":false},"excerpt":{"rendered":"<p>Mu\u011fla&#8217;da tarihi \u00e7ar\u015f\u0131ya otomobiliyle giren ve ara\u00e7 trafi\u011fine kapal\u0131 b\u00f6l\u00fcmden ge\u00e7mek isteyen 82 ya\u015f\u0131ndaki s\u00fcr\u00fcc\u00fc, polis ekiplerine ve esnafa zor anlar ya\u015fatt\u0131. Mente\u015fe il\u00e7esindeki tarihi Arasta \u00c7ar\u015f\u0131s\u0131&#8217;na otomobiliyle gelen N.\u0130, ara\u00e7 trafi\u011fine kapal\u0131 b\u00f6l\u00fcmden Saatli Kule Caddesi&#8217;ne ge\u00e7meye \u00e7al\u0131\u015ft\u0131. \u0130\u015fletme sahiplerinin masa ve sandalyelerini kald\u0131rmas\u0131n\u0131 isteyen s\u00fcr\u00fcc\u00fc ile esnaf aras\u0131nda tart\u0131\u015fma \u00e7\u0131karken duruma m\u00fc\u015fteriler de &hellip;<\/p>\n","protected":false},"author":4,"featured_media":281521,"comment_status":"open","ping_status":"open","sticky":false,"template":"","format":"standard","meta":{"_acf_changed":false,"footnotes":""},"categories":[6155,5005,6805],"tags":[702],"class_list":["post-281520","post","type-post","status-publish","format-standard","has-post-thumbnail","hentry","category-gundem","category-manset","category-turkiye","tag-mugla"],"acf":[],"_links":{"self":[{"href":"https:\/\/www.nationalturk.com\/tr\/wp-json\/wp\/v2\/posts\/281520","targetHints":{"allow":["GET"]}}],"collection":[{"href":"https:\/\/www.nationalturk.com\/tr\/wp-json\/wp\/v2\/posts"}],"about":[{"href":"https:\/\/www.nationalturk.com\/tr\/wp-json\/wp\/v2\/types\/post"}],"author":[{"embeddable":true,"href":"https:\/\/www.nationalturk.com\/tr\/wp-json\/wp\/v2\/users\/4"}],"replies":[{"embeddable":true,"href":"https:\/\/www.nationalturk.com\/tr\/wp-json\/wp\/v2\/comments?post=281520"}],"version-history":[{"count":0,"href":"https:\/\/www.nationalturk.com\/tr\/wp-json\/wp\/v2\/posts\/281520\/revisions"}],"wp:featuredmedia":[{"embeddable":true,"href":"https:\/\/www.nationalturk.com\/tr\/wp-json\/wp\/v2\/media\/281521"}],"wp:attachment":[{"href":"https:\/\/www.nationalturk.com\/tr\/wp-json\/wp\/v2\/media?parent=281520"}],"wp:term":[{"taxonomy":"category","embeddable":true,"href":"https:\/\/www.nationalturk.com\/tr\/wp-json\/wp\/v2\/categories?post=281520"},{"taxonomy":"post_tag","embeddable":true,"href":"https:\/\/www.nationalturk.com\/tr\/wp-json\/wp\/v2\/tags?post=281520"}],"curies":[{"name":"wp","href":"https:\/\/api.w.org\/{rel}","templated":true}]}}