{"id":281578,"date":"2019-09-06T15:02:04","date_gmt":"2019-09-06T12:02:04","guid":{"rendered":"https:\/\/www.nationalturk.com\/?p=281578"},"modified":"2019-09-06T15:02:04","modified_gmt":"2019-09-06T12:02:04","slug":"elektronik-sigaraya-bagli-gizemli-hastalikta-ikinci-olum","status":"publish","type":"post","link":"https:\/\/www.nationalturk.com\/tr\/elektronik-sigaraya-bagli-gizemli-hastalikta-ikinci-olum\/","title":{"rendered":"Elektronik sigaraya ba\u011fl\u0131 gizemli hastal\u0131kta ikinci \u00f6l\u00fcm!"},"content":{"rendered":"<h2>ABD&#8217;de elektronik sigara kullananlarda yaz aylar\u0131nda ortaya \u00e7\u0131kan gizemli akci\u011fer hastal\u0131\u011f\u0131 sebebiyle hayat\u0131n\u0131 kaybeden ki\u015fi say\u0131s\u0131 ikiye y\u00fckseldi. <\/h2>\n<p>Yetkililer, Oregon eyaletinde bir ki\u015finin \u015fiddetli solunum rahats\u0131zl\u0131\u011f\u0131 nedeniyle ya\u015fam\u0131n\u0131 yitirdi\u011fini ve bunun, ABD&#8217;de elektronik sigarayla ba\u011flant\u0131l\u0131 ikinci \u00f6l\u00fcm vakas\u0131 oldu\u011funu a\u00e7\u0131klad\u0131. <\/p>\n<p>Sa\u011fl\u0131k merkezinde \u00e7al\u0131\u015fan doktor Ann Thomas, \u00f6len ki\u015finin temmuz ay\u0131nda kald\u0131r\u0131ld\u0131\u011f\u0131 hastanede suni teneff\u00fcs cihaz\u0131na ba\u011fland\u0131\u011f\u0131n\u0131 ancak hastal\u0131\u011f\u0131n \u015fiddetlendi\u011fini ve ki\u015finin hayat\u0131n\u0131 kaybetti\u011fini belirtti.<\/p>\n<p>Thomas, orta ya\u015fl\u0131 ki\u015finin \u00f6l\u00fcm\u00fcne sebebiyet verenin, elektronik sigara cihaz\u0131n\u0131n kendisi mi yoksa i\u00e7ine koyulan malzeme mi oldu\u011funun hen\u00fcz bilinmedi\u011fini kaydetti.<\/p>\n<p>Daha \u00f6nce bir\u00e7ok eyalette solunum yetmezli\u011fine yakalanan ki\u015filerin b\u00fcy\u00fck b\u00f6l\u00fcm\u00fcn\u00fcn, elektronik sigara cihazlar\u0131nda &#8220;tetrahidrokannabinol&#8221; (THC) adl\u0131 marihuana etken maddesi i\u00e7eren \u00fcr\u00fcnler kulland\u0131klar\u0131 tespit edilmi\u015fti.<\/p>\n<p>Yetkililer, hen\u00fcz sebebi tespit edilemeyen rahats\u0131zl\u0131\u011f\u0131n, marihuanal\u0131 \u00fcr\u00fcn \u00f6rneklerindeki E vitamini kaynakl\u0131 bir ya\u011fla ba\u011flant\u0131l\u0131 olabilece\u011fini \u00f6ne s\u00fcr\u00fcyor. <\/p>\n<p>&#8211; 25 eyalette 215 ki\u015fiye tan\u0131mlanamayan akci\u011fer rahats\u0131zl\u0131\u011f\u0131 te\u015fhisi <\/p>\n<p>Bu arada ABD Hastal\u0131k Kontrol ve Korunma Merkezi (CDC), konuyla ilgili verilerini g\u00fcncelleyerek, \u00fclke genelinde 25 eyalette elektronik sigara kullanan 215 ki\u015finin t\u0131bbi olarak hen\u00fcz tan\u0131mlanamayan bir akci\u011fer rahats\u0131zl\u0131\u011f\u0131na yakaland\u0131\u011f\u0131n\u0131 bildirdi. <\/p>\n<p>Hastal\u0131\u011f\u0131n salg\u0131n hastal\u0131k niteli\u011finde olmad\u0131\u011f\u0131 ancak hastal\u0131\u011fa yol a\u00e7an sebebin ortak oldu\u011fu tahmin ediliyor.<\/p>\n<p>Nefes almada zorluk ve g\u00f6\u011f\u00fcs a\u011fr\u0131lar\u0131 gibi semptomlarla ortaya \u00e7\u0131kan hastal\u0131\u011f\u0131n baz\u0131 vakalarda kusma, ishal ve bitkinlik gibi sindirim sistemi kaynakl\u0131 \u015fikayetlere de yol a\u00e7t\u0131\u011f\u0131 belirtilmi\u015fti.<\/p>\n<p>Hastalar\u0131n b\u00fcy\u00fck b\u00f6l\u00fcm\u00fcn\u00fcn ergenlik \u00e7a\u011f\u0131ndaki \u00e7ocuklar ve gen\u00e7 yeti\u015fkinler oldu\u011fu kaydedilmi\u015fti.<\/p>\n<p>ABD&#8217;nin Illinois eyaletinde 24 A\u011fustos&#8217;ta bir ki\u015fi s\u00f6z konusu akci\u011fer rahats\u0131zl\u0131\u011f\u0131 sebebiyle ya\u015fam\u0131n\u0131 yitirmi\u015fti.<\/p>\n<p>ABD Sa\u011fl\u0131k Bakanl\u0131\u011f\u0131, ge\u00e7en y\u0131l aral\u0131kta yapt\u0131\u011f\u0131 a\u00e7\u0131klamada, \u00fclkede 2017-2018 y\u0131llar\u0131nda lise \u00f6\u011frencileri aras\u0131nda elektronik sigara cihazlar\u0131n\u0131n kullan\u0131m\u0131n\u0131n y\u00fczde 78 artt\u0131\u011f\u0131n\u0131, lise \u00f6\u011frencilerinin y\u00fczde 27&#8217;sinin d\u00fczenli olarak elektronik sigara kulland\u0131\u011f\u0131n\u0131 kaydetmi\u015fti.<\/p>\n<!-- Error, Advert is not available at this time due to schedule\/geolocation restrictions! -->\n","protected":false},"excerpt":{"rendered":"<p>ABD&#8217;de elektronik sigara kullananlarda yaz aylar\u0131nda ortaya \u00e7\u0131kan gizemli akci\u011fer hastal\u0131\u011f\u0131 sebebiyle hayat\u0131n\u0131 kaybeden ki\u015fi say\u0131s\u0131 ikiye y\u00fckseldi. Yetkililer, Oregon eyaletinde bir ki\u015finin \u015fiddetli solunum rahats\u0131zl\u0131\u011f\u0131 nedeniyle ya\u015fam\u0131n\u0131 yitirdi\u011fini ve bunun, ABD&#8217;de elektronik sigarayla ba\u011flant\u0131l\u0131 ikinci \u00f6l\u00fcm vakas\u0131 oldu\u011funu a\u00e7\u0131klad\u0131. Sa\u011fl\u0131k merkezinde \u00e7al\u0131\u015fan doktor Ann Thomas, \u00f6len ki\u015finin temmuz ay\u0131nda kald\u0131r\u0131ld\u0131\u011f\u0131 hastanede suni teneff\u00fcs cihaz\u0131na &hellip;<\/p>\n","protected":false},"author":4,"featured_media":281579,"comment_status":"open","ping_status":"open","sticky":false,"template":"","format":"standard","meta":{"_acf_changed":false,"footnotes":""},"categories":[6768,6155,5005,6669],"tags":[1887,215706],"class_list":["post-281578","post","type-post","status-publish","format-standard","has-post-thumbnail","hentry","category-amerika","category-gundem","category-manset","category-saglik","tag-abd","tag-elektronik-sigara"],"acf":[],"_links":{"self":[{"href":"https:\/\/www.nationalturk.com\/tr\/wp-json\/wp\/v2\/posts\/281578","targetHints":{"allow":["GET"]}}],"collection":[{"href":"https:\/\/www.nationalturk.com\/tr\/wp-json\/wp\/v2\/posts"}],"about":[{"href":"https:\/\/www.nationalturk.com\/tr\/wp-json\/wp\/v2\/types\/post"}],"author":[{"embeddable":true,"href":"https:\/\/www.nationalturk.com\/tr\/wp-json\/wp\/v2\/users\/4"}],"replies":[{"embeddable":true,"href":"https:\/\/www.nationalturk.com\/tr\/wp-json\/wp\/v2\/comments?post=281578"}],"version-history":[{"count":0,"href":"https:\/\/www.nationalturk.com\/tr\/wp-json\/wp\/v2\/posts\/281578\/revisions"}],"wp:featuredmedia":[{"embeddable":true,"href":"https:\/\/www.nationalturk.com\/tr\/wp-json\/wp\/v2\/media\/281579"}],"wp:attachment":[{"href":"https:\/\/www.nationalturk.com\/tr\/wp-json\/wp\/v2\/media?parent=281578"}],"wp:term":[{"taxonomy":"category","embeddable":true,"href":"https:\/\/www.nationalturk.com\/tr\/wp-json\/wp\/v2\/categories?post=281578"},{"taxonomy":"post_tag","embeddable":true,"href":"https:\/\/www.nationalturk.com\/tr\/wp-json\/wp\/v2\/tags?post=281578"}],"curies":[{"name":"wp","href":"https:\/\/api.w.org\/{rel}","templated":true}]}}