{"id":281594,"date":"2019-09-07T13:22:22","date_gmt":"2019-09-07T10:22:22","guid":{"rendered":"https:\/\/www.nationalturk.com\/?p=281594"},"modified":"2019-09-07T13:22:22","modified_gmt":"2019-09-07T10:22:22","slug":"cumhuriyet-halk-partisi-96-yasinda","status":"publish","type":"post","link":"https:\/\/www.nationalturk.com\/tr\/cumhuriyet-halk-partisi-96-yasinda\/","title":{"rendered":"Cumhuriyet Halk Partisi 96 ya\u015f\u0131nda"},"content":{"rendered":"<h2>T\u00fcrkiye Cumhuriyeti&#8217;nin kurucusu Gazi Mustafa Kemal Atat\u00fcrk&#8217;\u00fcn \u00f6nderli\u011finde 9 Eyl\u00fcl 1923&#8217;te siyasi faaliyetlerine ba\u015flayan CHP, 96 y\u0131ld\u0131r T\u00fcrk siyasetindeki varl\u0131\u011f\u0131n\u0131 s\u00fcrd\u00fcr\u00fcyor.<\/h2>\n<p>AA muhabirinin derledi\u011fi bilgilere g\u00f6re, Kurtulu\u015f Sava\u015f\u0131 sonras\u0131nda ulusal egemenli\u011fe dayal\u0131, tam ba\u011f\u0131ms\u0131z yeni bir T\u00fcrk devleti kurmak isteyen Atat\u00fcrk, \u00fclkeyi hem yeni bir y\u00f6netim \u015fekli hem de siyasi partilerle tan\u0131\u015ft\u0131rd\u0131.<\/p>\n<p>Bu kapsamda, \u00fclkenin ilk siyasi partisi olan &#8220;Halk F\u0131rkas\u0131&#8221;, Atat\u00fcrk taraf\u0131ndan kuruldu. Ad\u0131n\u0131n ba\u015f\u0131na 1924&#8217;te &#8220;Cumhuriyet&#8221; s\u00f6zc\u00fc\u011f\u00fc eklenen parti, 1935&#8217;teki 4&#8217;\u00fcnc\u00fc kurultayda &#8220;Cumhuriyet Halk Partisi&#8221; ad\u0131n\u0131 ald\u0131.<\/p>\n<p>Cumhuriyetin ilk y\u0131llar\u0131nda &#8220;Cumhuriyet\u00e7ilik&#8221;, &#8220;Halk\u00e7\u0131l\u0131k&#8221;, &#8220;Milliyet\u00e7ilik&#8221; ve &#8220;Laiklik&#8221;i d\u00f6rt temel ilke olarak benimseyen CHP, 1935&#8217;te buna &#8220;Devlet\u00e7ilik&#8221; ve &#8220;Devrimcilik&#8221; ilkelerini de ekledi. Bu ilkeler, partinin amblemine de yans\u0131t\u0131larak &#8220;alt\u0131 ok&#8221; simgesi benimsendi.<\/p>\n<p>D\u00fcnyan\u0131n en uzun soluklu birka\u00e7 partisinden biri olan CHP, 1923&#8217;ten 1950&#8217;ye kadar aral\u0131ks\u0131z iktidarda kald\u0131. CHP, 1950&#8217;li y\u0131llarda \u00fcstlendi\u011fi muhalefet g\u00f6reviyle muhalefetin kurumsalla\u015fmas\u0131nda \u00f6nemli rol oynad\u0131.<\/p>\n<p>B\u00fclent Ecevit&#8217;in genel ba\u015fkanl\u0131\u011f\u0131 d\u00f6neminde, 12 Eyl\u00fcl 1980 askeri darbesinin ard\u0131ndan Cumhuriyet Halk Partisi de di\u011fer siyasi partilerle birlikte kapat\u0131ld\u0131. Parti daha sonra 3821 say\u0131l\u0131 yasaya dayanarak kurulu\u015funun 69&#8217;uncu y\u0131l d\u00f6n\u00fcm\u00fc olan 9 Eyl\u00fcl 1992&#8217;de tekrar a\u00e7\u0131ld\u0131.<\/p>\n<p>K\u0131l\u0131\u00e7daro\u011flu 7. Genel Ba\u015fkan oldu<br \/>\nAtat\u00fcrk&#8217;\u00fcn vefat\u0131n\u0131n ard\u0131ndan 26 Aral\u0131k 1938&#8217;de ger\u00e7ekle\u015ftirilen 1. Ola\u011fan\u00fcst\u00fc Kurultay&#8217;da \u0130smet \u0130n\u00f6n\u00fc, CHP Genel Ba\u015fkanl\u0131\u011f\u0131 koltu\u011funa oturdu. &#8221;Milli \u015eef&#8221; unvan\u0131 verilen \u0130n\u00f6n\u00fc, CHP&#8217;de 33 y\u0131l genel ba\u015fkanl\u0131k yapt\u0131.<\/p>\n<p>CHP&#8217;de genel ba\u015fkanl\u0131\u011fa Atat\u00fcrk ve \u0130n\u00f6n\u00fc sonras\u0131nda B\u00fclent Ecevit, Hikmet \u00c7etin, Altan \u00d6ymen, Deniz Baykal ve Kemal K\u0131l\u0131\u00e7daro\u011flu se\u00e7ildi.<\/p>\n<p>K\u0131l\u0131\u00e7daro\u011flu, 22 May\u0131s 2010&#8217;dan bu yana CHP Genel Ba\u015fkanl\u0131\u011f\u0131 g\u00f6revini s\u00fcrd\u00fcr\u00fcyor.<\/p>\n<p>CHP, bug\u00fcne kadar 36&#8217;s\u0131 ola\u011fan, 18&#8217;i de ola\u011fan\u00fcst\u00fc olmak \u00fczere 54 kurultay ger\u00e7ekle\u015ftirdi.<\/p>\n<p>Etkinliklerle kutlanacak<br \/>\nCHP, 9 Eyl\u00fcl Pazartesi g\u00fcn\u00fc 96. kurulu\u015f y\u0131l d\u00f6n\u00fcm\u00fc etkinlikleri kapsam\u0131nda ilk olarak An\u0131tkabir&#8217;i ziyaret edecek.<\/p>\n<p>Genel Ba\u015fkan Kemal K\u0131l\u0131\u00e7daro\u011flu ba\u015fkanl\u0131\u011f\u0131ndaki CHP heyeti ilk olarak kurucu Genel Ba\u015fkan Atat\u00fcrk&#8217;\u00fcn mozolesine \u00e7elenk koyacak. K\u0131l\u0131\u00e7daro\u011flu&#8217;nun An\u0131tkabir \u00d6zel Defteri&#8217;ni imzalamas\u0131n\u0131n ard\u0131ndan heyet, ikinci genel ba\u015fkanlar\u0131 \u0130smet \u0130n\u00f6n\u00fc&#8217;n\u00fcn mezar\u0131na \u00e7elenk b\u0131rakacak.<\/p>\n<p>Ak\u015fam saatlerinde ise Naz\u0131m Hikmet Kongre ve Sanat Merkezi&#8217;nde 96. kurulu\u015f y\u0131l d\u00f6n\u00fcm\u00fc kapsam\u0131nda bir dizi etkinlik d\u00fczenlenecek.<\/p>\n<p>Kokteyl ve plaket sunumunun ard\u0131ndan, tiyatrocu P\u0131nar Ayhan&#8217;\u0131n &#8220;Orada Duruverseydi Zaman&#8221; adl\u0131 m\u00fczikal belgeselinin g\u00f6steriminin yap\u0131laca\u011f\u0131 geceye Genel Ba\u015fkan K\u0131l\u0131\u00e7daro\u011flu&#8217;nun da kat\u0131lmas\u0131 bekleniyor.<\/p>\n<!-- Error, Advert is not available at this time due to schedule\/geolocation restrictions! -->\n","protected":false},"excerpt":{"rendered":"<p>T\u00fcrkiye Cumhuriyeti&#8217;nin kurucusu Gazi Mustafa Kemal Atat\u00fcrk&#8217;\u00fcn \u00f6nderli\u011finde 9 Eyl\u00fcl 1923&#8217;te siyasi faaliyetlerine ba\u015flayan CHP, 96 y\u0131ld\u0131r T\u00fcrk siyasetindeki varl\u0131\u011f\u0131n\u0131 s\u00fcrd\u00fcr\u00fcyor. AA muhabirinin derledi\u011fi bilgilere g\u00f6re, Kurtulu\u015f Sava\u015f\u0131 sonras\u0131nda ulusal egemenli\u011fe dayal\u0131, tam ba\u011f\u0131ms\u0131z yeni bir T\u00fcrk devleti kurmak isteyen Atat\u00fcrk, \u00fclkeyi hem yeni bir y\u00f6netim \u015fekli hem de siyasi partilerle tan\u0131\u015ft\u0131rd\u0131. Bu kapsamda, \u00fclkenin &hellip;<\/p>\n","protected":false},"author":4,"featured_media":281595,"comment_status":"open","ping_status":"open","sticky":false,"template":"","format":"standard","meta":{"_acf_changed":false,"footnotes":""},"categories":[6155,5005,6202],"tags":[8723,8620],"class_list":["post-281594","post","type-post","status-publish","format-standard","has-post-thumbnail","hentry","category-gundem","category-manset","category-politika","tag-chp","tag-mustafa-kemal-ataturk"],"acf":[],"_links":{"self":[{"href":"https:\/\/www.nationalturk.com\/tr\/wp-json\/wp\/v2\/posts\/281594","targetHints":{"allow":["GET"]}}],"collection":[{"href":"https:\/\/www.nationalturk.com\/tr\/wp-json\/wp\/v2\/posts"}],"about":[{"href":"https:\/\/www.nationalturk.com\/tr\/wp-json\/wp\/v2\/types\/post"}],"author":[{"embeddable":true,"href":"https:\/\/www.nationalturk.com\/tr\/wp-json\/wp\/v2\/users\/4"}],"replies":[{"embeddable":true,"href":"https:\/\/www.nationalturk.com\/tr\/wp-json\/wp\/v2\/comments?post=281594"}],"version-history":[{"count":0,"href":"https:\/\/www.nationalturk.com\/tr\/wp-json\/wp\/v2\/posts\/281594\/revisions"}],"wp:featuredmedia":[{"embeddable":true,"href":"https:\/\/www.nationalturk.com\/tr\/wp-json\/wp\/v2\/media\/281595"}],"wp:attachment":[{"href":"https:\/\/www.nationalturk.com\/tr\/wp-json\/wp\/v2\/media?parent=281594"}],"wp:term":[{"taxonomy":"category","embeddable":true,"href":"https:\/\/www.nationalturk.com\/tr\/wp-json\/wp\/v2\/categories?post=281594"},{"taxonomy":"post_tag","embeddable":true,"href":"https:\/\/www.nationalturk.com\/tr\/wp-json\/wp\/v2\/tags?post=281594"}],"curies":[{"name":"wp","href":"https:\/\/api.w.org\/{rel}","templated":true}]}}