{"id":281659,"date":"2019-09-10T09:28:59","date_gmt":"2019-09-10T06:28:59","guid":{"rendered":"https:\/\/www.nationalturk.com\/?p=281659"},"modified":"2019-09-10T09:28:59","modified_gmt":"2019-09-10T06:28:59","slug":"konya-merkezli-yeni-operasyon-53-gozalti-karari","status":"publish","type":"post","link":"https:\/\/www.nationalturk.com\/tr\/konya-merkezli-yeni-operasyon-53-gozalti-karari\/","title":{"rendered":"Konya merkezli yeni operasyon: 53 g\u00f6zalt\u0131 karar\u0131"},"content":{"rendered":"<h2>Konya merkezli 28 ilde, Fetullah\u00e7\u0131 Ter\u00f6r \u00d6rg\u00fct\u00fc\/Paralel Devlet Yap\u0131lanmas\u0131&#8217;na (FET\u00d6\/PDY) y\u00f6nelik y\u00fcr\u00fct\u00fclen soru\u015fturma kapsam\u0131nda \u00f6rg\u00fct\u00fcn T\u00fcrk Silahl\u0131 Kuvvetleri i\u00e7erisine (TSK) yerle\u015ftirdi\u011fi askeri personele &#8220;mahrem imaml\u0131k&#8221; yapt\u0131klar\u0131 iddias\u0131yla 53 \u015f\u00fcpheli hakk\u0131nda g\u00f6zalt\u0131 karar\u0131 verildi.<\/h2>\n<p>Konya Cumhuriyet Ba\u015fsavc\u0131l\u0131\u011f\u0131n\u0131n FET\u00d6\/PDY&#8217;ye y\u00f6nelik soru\u015fturmalar\u0131 devam ediyor.<\/p>\n<p>Bu kapsamda, daha \u00f6nce g\u00f6zalt\u0131na al\u0131nan \u00f6rg\u00fct mensubu askeri personel ve bu personele &#8220;mahrem imaml\u0131k&#8221; yapt\u0131\u011f\u0131 tespit edilen ki\u015filerin verdi\u011fi ifadeler do\u011frultusunda 53 \u015f\u00fcpheli hakk\u0131nda yakalama karar\u0131 \u00e7\u0131kar\u0131ld\u0131.<\/p>\n<p>Emniyet M\u00fcd\u00fcrl\u00fc\u011f\u00fc Ka\u00e7ak\u00e7\u0131l\u0131k ve Organize Su\u00e7larla M\u00fccadele \u015eubesi ekiplerince, Konya merkezli 28 ilde belirlenen adreslere e\u015f zamanl\u0131 operasyon ba\u015flat\u0131ld\u0131.<\/p>\n<p>\u015e\u00fcphelilerin, TSK i\u00e7erisindeki askeri personele &#8220;molla, genel m\u00fcd\u00fcr, m\u00fcd\u00fcr, m\u00fcd\u00fcr yard\u0131mc\u0131s\u0131, \u00f6\u011fretmen, \u00fcmit\u00e7i, ser doktor, doktor ve \u015fehir d\u0131\u015f\u0131 talebe mesul\u00fc&#8221; pozisyonlar\u0131nda mahrem imaml\u0131k yapt\u0131klar\u0131 bilgisine ula\u015f\u0131ld\u0131.<\/p>\n<p>\u015e\u00fcphelilerin yakalanmas\u0131na y\u00f6nelik ba\u015flat\u0131lan e\u015f zamanl\u0131 operasyon s\u00fcr\u00fcyor.<\/p>\n<!-- Error, Advert is not available at this time due to schedule\/geolocation restrictions! -->\n","protected":false},"excerpt":{"rendered":"<p>Konya merkezli 28 ilde, Fetullah\u00e7\u0131 Ter\u00f6r \u00d6rg\u00fct\u00fc\/Paralel Devlet Yap\u0131lanmas\u0131&#8217;na (FET\u00d6\/PDY) y\u00f6nelik y\u00fcr\u00fct\u00fclen soru\u015fturma kapsam\u0131nda \u00f6rg\u00fct\u00fcn T\u00fcrk Silahl\u0131 Kuvvetleri i\u00e7erisine (TSK) yerle\u015ftirdi\u011fi askeri personele &#8220;mahrem imaml\u0131k&#8221; yapt\u0131klar\u0131 iddias\u0131yla 53 \u015f\u00fcpheli hakk\u0131nda g\u00f6zalt\u0131 karar\u0131 verildi. Konya Cumhuriyet Ba\u015fsavc\u0131l\u0131\u011f\u0131n\u0131n FET\u00d6\/PDY&#8217;ye y\u00f6nelik soru\u015fturmalar\u0131 devam ediyor. Bu kapsamda, daha \u00f6nce g\u00f6zalt\u0131na al\u0131nan \u00f6rg\u00fct mensubu askeri personel ve bu personele &#8220;mahrem &hellip;<\/p>\n","protected":false},"author":4,"featured_media":281660,"comment_status":"open","ping_status":"open","sticky":false,"template":"","format":"standard","meta":{"_acf_changed":false,"footnotes":""},"categories":[6155,5005,349,6805],"tags":[202856,760],"class_list":["post-281659","post","type-post","status-publish","format-standard","has-post-thumbnail","hentry","category-gundem","category-manset","category-son-dakika","category-turkiye","tag-feto","tag-konya"],"acf":[],"_links":{"self":[{"href":"https:\/\/www.nationalturk.com\/tr\/wp-json\/wp\/v2\/posts\/281659","targetHints":{"allow":["GET"]}}],"collection":[{"href":"https:\/\/www.nationalturk.com\/tr\/wp-json\/wp\/v2\/posts"}],"about":[{"href":"https:\/\/www.nationalturk.com\/tr\/wp-json\/wp\/v2\/types\/post"}],"author":[{"embeddable":true,"href":"https:\/\/www.nationalturk.com\/tr\/wp-json\/wp\/v2\/users\/4"}],"replies":[{"embeddable":true,"href":"https:\/\/www.nationalturk.com\/tr\/wp-json\/wp\/v2\/comments?post=281659"}],"version-history":[{"count":0,"href":"https:\/\/www.nationalturk.com\/tr\/wp-json\/wp\/v2\/posts\/281659\/revisions"}],"wp:featuredmedia":[{"embeddable":true,"href":"https:\/\/www.nationalturk.com\/tr\/wp-json\/wp\/v2\/media\/281660"}],"wp:attachment":[{"href":"https:\/\/www.nationalturk.com\/tr\/wp-json\/wp\/v2\/media?parent=281659"}],"wp:term":[{"taxonomy":"category","embeddable":true,"href":"https:\/\/www.nationalturk.com\/tr\/wp-json\/wp\/v2\/categories?post=281659"},{"taxonomy":"post_tag","embeddable":true,"href":"https:\/\/www.nationalturk.com\/tr\/wp-json\/wp\/v2\/tags?post=281659"}],"curies":[{"name":"wp","href":"https:\/\/api.w.org\/{rel}","templated":true}]}}