{"id":281778,"date":"2019-09-12T10:23:36","date_gmt":"2019-09-12T07:23:36","guid":{"rendered":"https:\/\/www.nationalturk.com\/?p=281778"},"modified":"2019-09-12T10:23:36","modified_gmt":"2019-09-12T07:23:36","slug":"firincilar-ekmege-zam-istiyor-1-75-lira-olsun","status":"publish","type":"post","link":"https:\/\/www.nationalturk.com\/tr\/firincilar-ekmege-zam-istiyor-1-75-lira-olsun\/","title":{"rendered":"F\u0131r\u0131nc\u0131lar ekme\u011fe zam istiyor: 1.75 lira olsun"},"content":{"rendered":"<h2>Maliyetlerindeki art\u0131\u015fa dayanamay\u0131p i\u015fletmelerini bir bir kapatmaya ba\u015flayan f\u0131r\u0131nc\u0131lar, bunun \u00f6n\u00fcne ge\u00e7ilebilmesi i\u00e7in ekmekteki zam talebini yineledi. F\u0131r\u0131nc\u0131lar, gelecek ay 250 gram ekme\u011fin 1.75 TL\u2019ye \u00e7\u0131kmas\u0131n\u0131 talep edecek.<\/h2>\n<p>Cumhuriyet&#8217;ten Gamze Bal&#8217;\u0131n haberine g\u00f6re  \u0130stanbul Ticaret Odas\u0131 (\u0130TO) 12 No\u2019lu Ekmek Un ve Unlu Mamuller Meslek Komitesi Ba\u015fkan\u0131 Hasan Demir, 10 A\u011fustos\u2019ta \u0130TO meclisine sunduklar\u0131 ekmek zamm\u0131 taleplerinin, d\u00fcn d\u00fczenlenen toplant\u0131da reddedildi\u011fini, ancak bir ay sonra yeniden zam teklifi sunacaklar\u0131n\u0131 s\u00f6yledi.<\/p>\n<p>Demir, \u201cDo\u011falgaz ve elektri\u011fe gelen zamlar bizi daha da zorlamaya ba\u015flad\u0131. Gelecek ay, zam teklifimizi daha gerek\u00e7eli olarak sunaca\u011f\u0131z\u201d dedi.<\/p>\n<p>2015\u2019ten \u00f6nce 50 kiloluk bir \u00e7uval unun 55 TL iken 250 gram ekme\u011fin 1.25 TL\u2019ye sat\u0131ld\u0131\u011f\u0131na dikkat \u00e7eken Demir, \u201cBug\u00fcn 50 kiloluk bir \u00e7uval un 110 TL\u2019ye \u00e7\u0131kt\u0131, ancak 250 gram ekmek 1.5 TL\u2019den sat\u0131l\u0131yor. Yaln\u0131zca undaki art\u0131\u015flar bile durumun vahametini g\u00f6rmek i\u00e7in yeterli. 200 gram ekme\u011fin 1.40 TL\u2019ye, 250 gram ekme\u011fin de 1.75 TL\u2019ye \u00e7\u0131kmas\u0131n\u0131 talep ediyoruz\u201d \u015feklinde konu\u015ftu.<\/p>\n<p>Un, maya, do\u011falgaz, elektrik ve yak\u0131t gibi giderleri 2019\u2019un ilk 9 ay\u0131nda y\u00fczde 30 zamlanan f\u0131r\u0131nc\u0131lar, bu maliyetleri kar\u015f\u0131layamayarak ya kepenk indirmeye ya da i\u015fletmesini devretmeye ba\u015flad\u0131.Ekmek Sanayii \u0130\u015fverenler Sendikas\u0131 Genel Ba\u015fkan\u0131 Av. \u00c7etin Ke\u00e7eli, yaln\u0131zca 2019 genelinde \u0130stanbul\u2019da yakla\u015f\u0131k 100 f\u0131r\u0131n\u0131n maliyetlerini kar\u015f\u0131layamayarak kapand\u0131\u011f\u0131n\u0131 ifade etti.<\/p>\n<p>F\u0131r\u0131n\u0131n kapasitesine g\u00f6re de\u011fi\u015fmekle birlikte bir ekme\u011fin ortalama maliyetinin 1.75 TL oldu\u011funu belirten Ke\u00e7eli, \u201cYaln\u0131zca do\u011falgaza ard\u0131 ard\u0131na gelen zamlar bu girdinin y\u00fczde 30\u2019u a\u015fmas\u0131na sebep oldu. Un ve maya y\u00fczde 25, yak\u0131t y\u00fczde 24 ve elektrik y\u00fczde 22 zamland\u0131. Her b\u00f6lgede en az iki tane i\u015fletmesini kapatan ya da devreden f\u0131r\u0131n var\u201d dedi.<\/p>\n<p>Ke\u00e7eli, iki farkl\u0131 gramaj\u0131n t\u00fcketiciyi yan\u0131ltabildi\u011fine de dikkat \u00e7ekerek \u201cTek gramaj olsun\u201d \u00f6nerisinde bulundu. Ayr\u0131ca \u00fclke genelindeki t\u00fcm f\u0131r\u0131nc\u0131lar, 20 Eyl\u00fcl\u2019den sonra hem maliyetlerindeki art\u0131\u015f\u0131 hem zam tekliflerini konu\u015fmak i\u00e7in bir araya gelecek. Bu toplant\u0131larla t\u00fcm illerdeki \u015fube ba\u015fkanlar\u0131n\u0131 bir araya getireceklerini belirten T\u00fcrkiye F\u0131r\u0131nc\u0131lar Federasyonu Ba\u015fkan\u0131 Halil \u0130brahim Balc\u0131, \u201cBir de\u011fi\u015fiklik olmazsa y\u0131lba\u015f\u0131na kadar zam teklifimiz olmayacak\u201d diye konu\u015ftu.<\/p>\n<!-- Error, Advert is not available at this time due to schedule\/geolocation restrictions! -->\n","protected":false},"excerpt":{"rendered":"<p>Maliyetlerindeki art\u0131\u015fa dayanamay\u0131p i\u015fletmelerini bir bir kapatmaya ba\u015flayan f\u0131r\u0131nc\u0131lar, bunun \u00f6n\u00fcne ge\u00e7ilebilmesi i\u00e7in ekmekteki zam talebini yineledi. F\u0131r\u0131nc\u0131lar, gelecek ay 250 gram ekme\u011fin 1.75 TL\u2019ye \u00e7\u0131kmas\u0131n\u0131 talep edecek. Cumhuriyet&#8217;ten Gamze Bal&#8217;\u0131n haberine g\u00f6re \u0130stanbul Ticaret Odas\u0131 (\u0130TO) 12 No\u2019lu Ekmek Un ve Unlu Mamuller Meslek Komitesi Ba\u015fkan\u0131 Hasan Demir, 10 A\u011fustos\u2019ta \u0130TO meclisine sunduklar\u0131 ekmek &hellip;<\/p>\n","protected":false},"author":4,"featured_media":281779,"comment_status":"open","ping_status":"open","sticky":false,"template":"","format":"standard","meta":{"_acf_changed":false,"footnotes":""},"categories":[6199,6155,5005,349],"tags":[209552,58388],"class_list":["post-281778","post","type-post","status-publish","format-standard","has-post-thumbnail","hentry","category-ekonomi","category-gundem","category-manset","category-son-dakika","tag-ekmek","tag-zam"],"acf":[],"_links":{"self":[{"href":"https:\/\/www.nationalturk.com\/tr\/wp-json\/wp\/v2\/posts\/281778","targetHints":{"allow":["GET"]}}],"collection":[{"href":"https:\/\/www.nationalturk.com\/tr\/wp-json\/wp\/v2\/posts"}],"about":[{"href":"https:\/\/www.nationalturk.com\/tr\/wp-json\/wp\/v2\/types\/post"}],"author":[{"embeddable":true,"href":"https:\/\/www.nationalturk.com\/tr\/wp-json\/wp\/v2\/users\/4"}],"replies":[{"embeddable":true,"href":"https:\/\/www.nationalturk.com\/tr\/wp-json\/wp\/v2\/comments?post=281778"}],"version-history":[{"count":0,"href":"https:\/\/www.nationalturk.com\/tr\/wp-json\/wp\/v2\/posts\/281778\/revisions"}],"wp:featuredmedia":[{"embeddable":true,"href":"https:\/\/www.nationalturk.com\/tr\/wp-json\/wp\/v2\/media\/281779"}],"wp:attachment":[{"href":"https:\/\/www.nationalturk.com\/tr\/wp-json\/wp\/v2\/media?parent=281778"}],"wp:term":[{"taxonomy":"category","embeddable":true,"href":"https:\/\/www.nationalturk.com\/tr\/wp-json\/wp\/v2\/categories?post=281778"},{"taxonomy":"post_tag","embeddable":true,"href":"https:\/\/www.nationalturk.com\/tr\/wp-json\/wp\/v2\/tags?post=281778"}],"curies":[{"name":"wp","href":"https:\/\/api.w.org\/{rel}","templated":true}]}}