{"id":281828,"date":"2019-09-13T11:35:09","date_gmt":"2019-09-13T08:35:09","guid":{"rendered":"https:\/\/www.nationalturk.com\/?p=281828"},"modified":"2019-09-13T11:35:09","modified_gmt":"2019-09-13T08:35:09","slug":"bahamalarda-bin-300-kisi-hala-kayip","status":"publish","type":"post","link":"https:\/\/www.nationalturk.com\/tr\/bahamalarda-bin-300-kisi-hala-kayip\/","title":{"rendered":"Bahamalar&#8217;da bin 300 ki\u015fi hala kay\u0131p"},"content":{"rendered":"<h2>Bahamalar&#8217;\u0131 vuran Dorian kas\u0131rgas\u0131 nedeniyle bin 300 ki\u015finin hala kay\u0131p oldu\u011fu bildirildi.<\/h2>\n<p>BBC&#8217;nin haberine g\u00f6re, Bahamalar Ulusal Acil Durum Y\u00f6netimi Ajans\u0131ndan yap\u0131lan a\u00e7\u0131klamada, \u00fclkeyi ge\u00e7en hafta 5. kategoride vuran Dorian kas\u0131rgas\u0131n\u0131n ard\u0131ndan haber al\u0131namayan baz\u0131 ki\u015filerin bar\u0131nma merkezlerinde oldu\u011funun tespit edilmesi \u00fczerine kay\u0131p say\u0131s\u0131n\u0131n g\u00fcncellendi\u011fi belirtildi.<\/p>\n<p>A\u00e7\u0131klamada, hafta i\u00e7i 2 bin 500 olarak a\u00e7\u0131klanan kay\u0131p say\u0131s\u0131n\u0131n bin 300 oldu\u011fu ifade edildi.<\/p>\n<p>Kas\u0131rgan\u0131n vurdu\u011fu b\u00f6lgelerde arama \u00e7al\u0131\u015fmalar\u0131 devam ediyor.<\/p>\n<p>Bahamalar&#8217;da yetkililer, \u00e7ar\u015famba g\u00fcn\u00fc, 2 bin 500 ki\u015fiden haber al\u0131namad\u0131\u011f\u0131n\u0131 a\u00e7\u0131klam\u0131\u015f ancak bu ki\u015filerden baz\u0131lar\u0131n\u0131n bar\u0131naklarda olabilece\u011fi ve kontrollerin tamamlanmas\u0131n\u0131n ard\u0131ndan say\u0131n\u0131n d\u00fc\u015febilece\u011fi belirtilmi\u015fti.<\/p>\n<h3>ABD&#8217;den Bahamalar&#8217;a insani yard\u0131m<\/h3>\n<p>ABD y\u00f6netimi, Bahamalar&#8217;a yakla\u015f\u0131k 4 milyon dolarl\u0131k yeni insani yard\u0131mda bulunulaca\u011f\u0131n\u0131 duyurdu.<\/p>\n<p>ABD Uluslararas\u0131 Kalk\u0131nma Ajans\u0131ndan yap\u0131lan a\u00e7\u0131klamada, paran\u0131n, Bahamalar&#8217;\u0131n kas\u0131rgadan etkilenen b\u00f6lgelerindeki halka bar\u0131nak, yiyecek, ila\u00e7 ve su temini i\u00e7in harcanaca\u011f\u0131 kaydedildi.<\/p>\n<p>A\u00e7\u0131klamada, \u015fimdiye kadar Dorian&#8217;dan etkilenen ki\u015filer i\u00e7in ayr\u0131lan b\u00fct\u00e7enin, yeni yard\u0131mla 10 milyon dolar\u0131 a\u015ft\u0131\u011f\u0131 belirtildi.<\/p>\n<p>Di\u011fer yandan Bahamalar h\u00fck\u00fcmeti, d\u00fcn, \u00fclkede tropikal f\u0131rt\u0131na uyar\u0131s\u0131 yay\u0131nlad\u0131.<\/p>\n<h3>\u00d6l\u00fc say\u0131s\u0131n\u0131n artmas\u0131ndan endi\u015fe ediliyor<\/h3>\n<p>Kas\u0131rgada hayat\u0131n\u0131 kaybedenlerin say\u0131s\u0131n\u0131n 50&#8217;ye y\u00fckseldi\u011fini a\u00e7\u0131klayan yetkililer, \u00e7ok say\u0131da ki\u015fiden halen haber al\u0131namad\u0131\u011f\u0131 i\u00e7in \u00f6l\u00fc say\u0131s\u0131n\u0131n artmas\u0131ndan endi\u015fe duyuldu\u011funu ifade etmi\u015fti.<\/p>\n<p>Yetkililer, kas\u0131rgan\u0131n en fazla etkili oldu\u011fu iki adadan \u015fimdiye kadar 5 bin ki\u015finin tahliye edildi\u011fini, yakla\u015f\u0131k 7 bin ki\u015finin ise tahliye edilmeyi bekledi\u011fini bildirmi\u015fti.<\/p>\n<p>\u00d6te yandan Bahamalar&#8217;a hasar tespit i\u00e7in ekip g\u00f6nderen Birle\u015fmi\u015f Milletler de 70 bin ki\u015finin acil yard\u0131ma ihtiya\u00e7 duydu\u011funu a\u00e7\u0131klam\u0131\u015ft\u0131.<\/p>\n<p>B\u00f6lgeyi \u015fu ana kadar vuran en b\u00fcy\u00fck kas\u0131rga olarak kay\u0131tlara ge\u00e7en Dorian kas\u0131rgas\u0131 Bahamalar&#8217;da b\u00fcy\u00fck hasara neden olurken, binlerce ki\u015fi de evsiz kalm\u0131\u015ft\u0131.<\/p>\n<!-- Error, Advert is not available at this time due to schedule\/geolocation restrictions! -->\n","protected":false},"excerpt":{"rendered":"<p>Bahamalar&#8217;\u0131 vuran Dorian kas\u0131rgas\u0131 nedeniyle bin 300 ki\u015finin hala kay\u0131p oldu\u011fu bildirildi. BBC&#8217;nin haberine g\u00f6re, Bahamalar Ulusal Acil Durum Y\u00f6netimi Ajans\u0131ndan yap\u0131lan a\u00e7\u0131klamada, \u00fclkeyi ge\u00e7en hafta 5. kategoride vuran Dorian kas\u0131rgas\u0131n\u0131n ard\u0131ndan haber al\u0131namayan baz\u0131 ki\u015filerin bar\u0131nma merkezlerinde oldu\u011funun tespit edilmesi \u00fczerine kay\u0131p say\u0131s\u0131n\u0131n g\u00fcncellendi\u011fi belirtildi. A\u00e7\u0131klamada, hafta i\u00e7i 2 bin 500 olarak a\u00e7\u0131klanan kay\u0131p &hellip;<\/p>\n","protected":false},"author":4,"featured_media":281829,"comment_status":"open","ping_status":"open","sticky":false,"template":"","format":"standard","meta":{"_acf_changed":false,"footnotes":""},"categories":[6155,6771,5005,349],"tags":[1887,13748],"class_list":["post-281828","post","type-post","status-publish","format-standard","has-post-thumbnail","hentry","category-gundem","category-latin-amerika","category-manset","category-son-dakika","tag-abd","tag-bahamalar"],"acf":[],"_links":{"self":[{"href":"https:\/\/www.nationalturk.com\/tr\/wp-json\/wp\/v2\/posts\/281828","targetHints":{"allow":["GET"]}}],"collection":[{"href":"https:\/\/www.nationalturk.com\/tr\/wp-json\/wp\/v2\/posts"}],"about":[{"href":"https:\/\/www.nationalturk.com\/tr\/wp-json\/wp\/v2\/types\/post"}],"author":[{"embeddable":true,"href":"https:\/\/www.nationalturk.com\/tr\/wp-json\/wp\/v2\/users\/4"}],"replies":[{"embeddable":true,"href":"https:\/\/www.nationalturk.com\/tr\/wp-json\/wp\/v2\/comments?post=281828"}],"version-history":[{"count":0,"href":"https:\/\/www.nationalturk.com\/tr\/wp-json\/wp\/v2\/posts\/281828\/revisions"}],"wp:featuredmedia":[{"embeddable":true,"href":"https:\/\/www.nationalturk.com\/tr\/wp-json\/wp\/v2\/media\/281829"}],"wp:attachment":[{"href":"https:\/\/www.nationalturk.com\/tr\/wp-json\/wp\/v2\/media?parent=281828"}],"wp:term":[{"taxonomy":"category","embeddable":true,"href":"https:\/\/www.nationalturk.com\/tr\/wp-json\/wp\/v2\/categories?post=281828"},{"taxonomy":"post_tag","embeddable":true,"href":"https:\/\/www.nationalturk.com\/tr\/wp-json\/wp\/v2\/tags?post=281828"}],"curies":[{"name":"wp","href":"https:\/\/api.w.org\/{rel}","templated":true}]}}