{"id":281888,"date":"2019-09-16T14:00:59","date_gmt":"2019-09-16T11:00:59","guid":{"rendered":"https:\/\/www.nationalturk.com\/?p=281888"},"modified":"2022-09-18T09:38:25","modified_gmt":"2022-09-18T06:38:25","slug":"biz-de-anneyiz-diyerek-akp-binasi-onunde-oturma-eylemine-basladilar","status":"publish","type":"post","link":"https:\/\/www.nationalturk.com\/tr\/biz-de-anneyiz-diyerek-akp-binasi-onunde-oturma-eylemine-basladilar\/","title":{"rendered":"&#8220;Biz de anneyiz&#8221; diyerek AKP binas\u0131 \u00f6n\u00fcnde oturma eylemine ba\u015flad\u0131lar"},"content":{"rendered":"<h2>15 Temmuz darbe giri\u015fiminin ard\u0131ndan askeri okullarda \u00e7ocuklar\u0131 \u00f6\u011frenci olan anneler AK Parti \u0130stanbul \u0130l Binas\u0131 \u00f6n\u00fcnde oturma eylemi ba\u015flatt\u0131. Hava Harp Okulu \u00f6\u011frencisiyken tutuklanan o\u011flu i\u00e7in oturma eylemine ba\u015flad\u0131\u011f\u0131n\u0131 s\u00f6yleyen Fatma Oka, &#8220;Diyarbak\u0131r\u2019daki annelerin \u00e7ocuklar\u0131n\u0131 PKK alm\u0131\u015f, bizim \u00e7ocuklar\u0131m\u0131z\u0131 devlet ald\u0131. Biz de anneyiz.&#8221;<\/h2>\n<p>Gazete Duvar&#8217;dan Hac\u0131 Bi\u015fkin&#8217;in haberine g\u00f6re, 15 Temmuz darbe giri\u015fiminin ard\u0131ndan tutuklanan askeri okul \u00f6\u011frencilerinin anneleri AK Parti \u0130stanbul il binas\u0131 \u00f6n\u00fcnde oturma eylemine ba\u015flad\u0131.<\/p>\n<p>Polislerin eylemi engellemeye \u00e7al\u0131\u015ft\u0131\u011f\u0131n\u0131 ancak bina \u00f6n\u00fcnden ayr\u0131lmayacaklar\u0131n\u0131 s\u00f6yleyen Ayten G\u00fcle\u015f\u00e7i, &#8220;Diyarbak\u0131r\u2019daki annelerin \u00e7ocuklar\u0131n\u0131 PKK alm\u0131\u015f. Bizim \u00e7ocuklar\u0131m\u0131z\u0131 devlet ald\u0131. Biz de anneyiz\u201d diyerek yetkililerin seslerini duymas\u0131n\u0131 istedi.<\/p>\n<p>Bug\u00fcn sabah saatlerinde 15 ki\u015filik bir grup AK Parti \u0130stanbul il binas\u0131 \u00f6n\u00fcnde bir araya geldi. \u00c7ocuklar\u0131 4 y\u0131ld\u0131r tutuklu yarg\u0131lanan anneler AK Partili bir yetkiliden yan\u0131t alana kadar oturma eylemine devam edeceklerini s\u00f6yledi.<\/p>\n<p>\u200bBina \u00f6n\u00fcnde oturan annelerden Ayten G\u00fcle\u015f\u00e7i, \u015fu an bas\u0131n a\u00e7\u0131klamas\u0131 yapmalar\u0131na izin verilmedi\u011fini s\u00f6yleyerek taleplerini \u015f\u00f6yle a\u00e7\u0131klad\u0131: \u201cBug\u00fcn itibar\u0131yla AK Parti \u0130stanbul il binas\u0131 \u00f6n\u00fcnde oturma eylemine ba\u015flad\u0131k. Fakat bize m\u00fcdahale ediliyor. Bas\u0131n a\u00e7\u0131klamas\u0131 yapmam\u0131z engellendi. Biz hakk\u0131m\u0131z\u0131, \u00f6zg\u00fcrl\u00fc\u011f\u00fcm\u00fcz\u00fc istiyoruz. Kar\u015f\u0131m\u0131zda bir yetkili istiyoruz. Bizim tek talebimiz \u00e7ocuklar\u0131m\u0131z\u0131n art\u0131k \u00f6zg\u00fcr b\u0131rak\u0131lmas\u0131. Sesimiz duyulsun. Yetkililer gelene kadar burada oturmaya niyetliyiz.\u201d<\/p>\n<p>Hava Harp Okulu \u00f6\u011frencisiyken tutuklanan o\u011flu i\u00e7in oturma eylemine ba\u015flad\u0131\u011f\u0131n\u0131 annelerden Fatma Oka ise \u015funlar\u0131 s\u00f6yledi:<\/p>\n<p>&#8220;Biz \u00e7ocuklar\u0131m\u0131z\u0131n hakk\u0131n\u0131 istiyoruz. Bir yetkili \u00e7\u0131k\u0131p bize cevap versin. Biz \u00e7ocu\u011fumuzu devlete verdik. Devletten bekledi\u011fimiz i\u00e7in bunu yap\u0131yoruz. Her yere gittik ama sonu\u00e7 alamad\u0131k. Polisler bize engel olmaya \u00e7al\u0131\u015f\u0131yor ama biz durumu anlatt\u0131k. Diyarbak\u0131r\u2019daki annelerin \u00e7ocuklar\u0131n\u0131 PKK alm\u0131\u015f, bizim \u00e7ocuklar\u0131m\u0131z\u0131 devlet ald\u0131. Biz de anneyiz.\u201d<\/p>\n<!-- Error, Advert is not available at this time due to schedule\/geolocation restrictions! -->\n","protected":false},"excerpt":{"rendered":"<p>15 Temmuz darbe giri\u015fiminin ard\u0131ndan askeri okullarda \u00e7ocuklar\u0131 \u00f6\u011frenci olan anneler AK Parti \u0130stanbul \u0130l Binas\u0131 \u00f6n\u00fcnde oturma eylemi ba\u015flatt\u0131. Hava Harp Okulu \u00f6\u011frencisiyken tutuklanan o\u011flu i\u00e7in oturma eylemine ba\u015flad\u0131\u011f\u0131n\u0131 s\u00f6yleyen Fatma Oka, &#8220;Diyarbak\u0131r\u2019daki annelerin \u00e7ocuklar\u0131n\u0131 PKK alm\u0131\u015f, bizim \u00e7ocuklar\u0131m\u0131z\u0131 devlet ald\u0131. Biz de anneyiz.&#8221; Gazete Duvar&#8217;dan Hac\u0131 Bi\u015fkin&#8217;in haberine g\u00f6re, 15 Temmuz darbe giri\u015fiminin &hellip;<\/p>\n","protected":false},"author":4,"featured_media":281889,"comment_status":"open","ping_status":"open","sticky":false,"template":"","format":"standard","meta":{"_acf_changed":false,"footnotes":""},"categories":[6155,5005,6202,349],"tags":[3557,9476,208133,202856],"class_list":["post-281888","post","type-post","status-publish","format-standard","has-post-thumbnail","hentry","category-gundem","category-manset","category-politika","category-son-dakika","tag-ak-parti","tag-akp","tag-askeri-okul","tag-feto"],"acf":[],"_links":{"self":[{"href":"https:\/\/www.nationalturk.com\/tr\/wp-json\/wp\/v2\/posts\/281888","targetHints":{"allow":["GET"]}}],"collection":[{"href":"https:\/\/www.nationalturk.com\/tr\/wp-json\/wp\/v2\/posts"}],"about":[{"href":"https:\/\/www.nationalturk.com\/tr\/wp-json\/wp\/v2\/types\/post"}],"author":[{"embeddable":true,"href":"https:\/\/www.nationalturk.com\/tr\/wp-json\/wp\/v2\/users\/4"}],"replies":[{"embeddable":true,"href":"https:\/\/www.nationalturk.com\/tr\/wp-json\/wp\/v2\/comments?post=281888"}],"version-history":[{"count":0,"href":"https:\/\/www.nationalturk.com\/tr\/wp-json\/wp\/v2\/posts\/281888\/revisions"}],"wp:featuredmedia":[{"embeddable":true,"href":"https:\/\/www.nationalturk.com\/tr\/wp-json\/wp\/v2\/media\/281889"}],"wp:attachment":[{"href":"https:\/\/www.nationalturk.com\/tr\/wp-json\/wp\/v2\/media?parent=281888"}],"wp:term":[{"taxonomy":"category","embeddable":true,"href":"https:\/\/www.nationalturk.com\/tr\/wp-json\/wp\/v2\/categories?post=281888"},{"taxonomy":"post_tag","embeddable":true,"href":"https:\/\/www.nationalturk.com\/tr\/wp-json\/wp\/v2\/tags?post=281888"}],"curies":[{"name":"wp","href":"https:\/\/api.w.org\/{rel}","templated":true}]}}