{"id":282028,"date":"2019-09-19T17:19:18","date_gmt":"2019-09-19T14:19:18","guid":{"rendered":"https:\/\/www.nationalturk.com\/?p=282028"},"modified":"2019-09-19T17:19:18","modified_gmt":"2019-09-19T14:19:18","slug":"bastan-beri-soyluyoruz-erken-secim-talebimiz-yok","status":"publish","type":"post","link":"https:\/\/www.nationalturk.com\/tr\/bastan-beri-soyluyoruz-erken-secim-talebimiz-yok\/","title":{"rendered":"&#8220;Ba\u015ftan beri s\u00f6yl\u00fcyoruz erken se\u00e7im talebimiz yok&#8221;"},"content":{"rendered":"<h2>CHP Genel Ba\u015fkan Yard\u0131mc\u0131s\u0131 \u00d6ztrak, &#8220;Biz, ba\u015ftan beri s\u00f6yl\u00fcyoruz, bizim bir erken se\u00e7im talebimiz yok.&#8221; dedi.<\/h2>\n<p>CHP Genel Ba\u015fkan Yard\u0131mc\u0131s\u0131 ve Parti S\u00f6zc\u00fcs\u00fc Faik \u00d6ztrak, parti genel merkezinde d\u00fczenledi\u011fi bas\u0131n toplant\u0131s\u0131nda, ba\u015fta Mustafa Kemal Atat\u00fcrk olmak \u00fczere, t\u00fcm gazilerin 19 Eyl\u00fcl Gaziler G\u00fcn\u00fc&#8217;n\u00fc kutlad\u0131. <\/p>\n<p>Bilecik&#8217;te iki makinistin hayat\u0131n\u0131 kaybetti\u011fi kazay\u0131 an\u0131msatan \u00d6ztrak, makinistlere Allah&#8217;tan rahmet, ailelerine ba\u015fsa\u011fl\u0131\u011f\u0131 diledi.<\/p>\n<p>\u00d6ztrak, k\u00f6t\u00fc y\u00f6netimin ekonomide yol a\u00e7t\u0131\u011f\u0131 tahribat\u0131n her ge\u00e7en g\u00fcn artt\u0131\u011f\u0131n\u0131, milletin feryat ederken, iktidar\u0131n bunu duymad\u0131\u011f\u0131n\u0131 savundu.<\/p>\n<p>&#8220;Yap\u0131lan t\u00fcm cambazl\u0131klara, t\u00fcm makyaja ra\u011fmen art\u0131k m\u0131zrak \u00e7uvala s\u0131\u011fm\u0131yor.&#8221; diyen \u00d6ztrak, \u015f\u00f6yle devam etti:<\/p>\n<p>&#8220;\u0130ki g\u00fcn \u00f6nce BDDK in\u015faat ve enerji sekt\u00f6rlerinde 46 milyar liral\u0131k kredinin batt\u0131\u011f\u0131n\u0131 a\u00e7\u0131klad\u0131. Bankalara bunun y\u0131l sonuna kadar, bilan\u00e7olar\u0131na zarar olarak yaz\u0131lmas\u0131 talimat\u0131n\u0131 da verdi. Ben 1999&#8217;da BDDK&#8217;nin, kurumunun kurucu ba\u015fkan yard\u0131mc\u0131s\u0131yd\u0131m. Biz BDDK&#8217;yi &#8216;bankac\u0131l\u0131k sisteminin g\u00fcnl\u00fck i\u015fleyi\u015fine siyaset m\u00fcdahale etmesin, bankalar\u0131 etkin \u015fekilde g\u00f6zetleyip denetlesin, sistem risklerini engellesin, mevduat sahiplerinin mevduatlar\u0131n\u0131 korusun&#8217; diye kurmu\u015ftuk. BDDK kuruldu\u011fundan bug\u00fcne ilk defa b\u00f6yle bir a\u00e7\u0131klama yap\u0131yor. Mevzuat belli. Buna g\u00f6re geri d\u00f6nmeyen kredilerin tan\u0131m\u0131 da belli. Bankalar ba\u015fka bir talimata gerek duymadan mevzuat\u0131 uygulamak zorunda. BDDK de bu uygulamalar\u0131 denetleyecek, mevzuata uymayan bankalarla ilgili gerekli i\u015flemleri yapacak.&#8221;<\/p>\n<p>BDDK&#8217;nin herhangi bir a\u00e7\u0131klama yapmas\u0131na gerek olmad\u0131\u011f\u0131n\u0131 anlatan \u00d6ztrak, &#8220;Ya bankalar in\u015faat ve enerji sekt\u00f6rlerine verdikleri geri d\u00f6nmeyen kredilerle ilgili gere\u011fini yapmam\u0131\u015flard\u0131r ya da BDDK bankalara &#8216;aman se\u00e7imler \u00f6ncesinde durun, batan kredileri batmam\u0131\u015f gibi g\u00f6sterin&#8217; demi\u015ftir.&#8221; ifadesini kulland\u0131.<\/p>\n<p>BDDK&#8217;nin siyasi bask\u0131lara boyun e\u011ferek bankalar\u0131n tabi oldu\u011fu \u00e7er\u00e7eveyi e\u011fip b\u00fckt\u00fc\u011f\u00fcn\u00fc savunan \u00d6ztrak, bu yap\u0131lan\u0131n son derece tehlikeli bir i\u015f oldu\u011funu belirtti.<\/p>\n<p>\u00d6ztrak, &#8220;Bu yap\u0131lan son bir y\u0131ld\u0131r BDDK&#8217;nin izniyle bankac\u0131l\u0131k sisteminin bilan\u00e7olar\u0131n\u0131n makyajland\u0131\u011f\u0131n\u0131 g\u00f6stermektedir. Bu mevcut iktidardan \u00f6nce binbir emekle sa\u011flanan bankac\u0131l\u0131k sistemine g\u00fcveni i\u015fte bu yap\u0131lanlar bitirir, bunun maliyeti de \u00fclkemize son derece a\u011f\u0131r olur.&#8221; de\u011ferlendirmesinde bulundu.<\/p>\n<p>Art\u0131k kimsenin piyasada olu\u015fan fiyatlara da T\u00dc\u0130K verilerine de g\u00fcven duymad\u0131\u011f\u0131n\u0131 ileri s\u00fcren \u00d6ztrak, 46 milyar liral\u0131k bat\u0131k kredinin buz da\u011f\u0131n\u0131n sadece g\u00f6r\u00fcnen k\u0131sm\u0131 oldu\u011fu, ger\u00e7ek bat\u0131\u011f\u0131n ise \u00e7ok daha y\u00fcksek oldu\u011funun s\u00f6ylendi\u011fini aktard\u0131.<\/p>\n<p>&#8220;Batan 46 milyar liran\u0131n hesab\u0131n\u0131 kim verecek? Bu batan kredileri hangi bankalar kimlere verdi?&#8221; diye soran \u00d6ztrak, en \u00f6nemli sorunun batan 46 milyar liran\u0131n kimin cebinden \u00e7\u0131kaca\u011f\u0131 oldu\u011funu belirtti.<\/p>\n<p>\u00d6ztrak, &#8220;Son bir soru daha, yoksa bir uluslararas\u0131 kurulu\u015f bu rezaleti yakalad\u0131 da &#8216;kamuoyuna a\u00e7\u0131klay\u0131p gere\u011fini yap\u0131n&#8217; diye BDDK&#8217;ye bask\u0131 m\u0131 yapm\u0131\u015ft\u0131r? Bu sorular\u0131n cevab\u0131n\u0131 bekliyoruz.&#8221; diye konu\u015ftu.<\/p>\n<p>&#8220;\u0130ktidar\u0131 bug\u00fcnlere gelinmesin&#8221; diye \u00e7ok kez uyard\u0131klar\u0131n\u0131 anlatan \u00d6ztrak, iktidar\u0131n \u00fclkenin gelece\u011fine de ipotek koydu\u011funu belirtti.<\/p>\n<p>&#8220;Sonunda Bor\u00e7lanma Genel M\u00fcd\u00fcrl\u00fc\u011f\u00fc kurdular, bu gidi\u015fle onu da alacakl\u0131lara devredip, Duyun-u Umumiye yaparlar.&#8221; diyen \u00d6ztrak, Sakarya&#8217;daki Tank Palet Fabrikas\u0131n\u0131n \u00f6zelle\u015ftirmesine ba\u015f\u0131ndan beri kar\u015f\u0131 \u00e7\u0131kt\u0131klar\u0131n\u0131 hat\u0131rlatt\u0131.<\/p>\n<p>Bunu bir beka meselesi olarak g\u00f6rd\u00fcklerini vurgulayan \u00d6ztrak, \u015funlar\u0131 s\u00f6yledi:<\/p>\n<p>&#8220;\u0130ktidar ne yapt\u0131? Eveledi geveledi, &#8216;\u00f6zelle\u015ftirmiyoruz, satm\u0131yoruz, kiral\u0131yoruz, 50 milyon dolar da yat\u0131r\u0131m yapacaklar&#8217; gibi bir s\u00fcr\u00fc bo\u015f laflar s\u00f6yledi. Biz o kiralamalar\u0131n ne oldu\u011funu gayet iyi biliyoruz. \u00d6n\u00fcm\u00fczde kap\u0131 gibi T\u00fcrk Telekom \u00f6rne\u011fi var. Kar\u0131 elin o\u011fluna verip zarar\u0131 ise T\u00fcrk bankalar\u0131n\u0131n s\u0131rt\u0131na nas\u0131l y\u0131kt\u0131\u011f\u0131n\u0131 asl\u0131nda Telekom s\u00fcrecinde g\u00f6rd\u00fck. \u00d6zelle\u015ftirme de\u011fil dediler, ald\u0131k karar\u0131 \u00f6nlerine koyduk. &#8217;50 milyon dolar yat\u0131r\u0131m yapacak&#8217; dediler, Genel Ba\u015fkan\u0131m\u0131z \u00e7\u0131kt\u0131 &#8216;bir haftada bulurum yeter ki Katarl\u0131lara vermeyin&#8217; dedi. D\u00fcn iktidar partisinin s\u00f6zc\u00fcs\u00fc \u00e7\u0131km\u0131\u015f yine 50 milyon dolar yat\u0131r\u0131m yap\u0131lacak diye anlat\u0131yor. Say\u0131n \u00c7elik&#8217;e k\u00fc\u00e7\u00fck bir hat\u0131rlatma yapal\u0131m. Devri iktidarlar\u0131nda b\u00fct\u00e7eden yap\u0131lan faiz \u00f6demelerinin toplam\u0131 467 milyar dolard\u0131r. Milyon demiyorum. Bu y\u0131l her g\u00fcn faize b\u00fct\u00e7eden 50 milyon dolar \u00f6dedik. \u015eimdi \u00e7\u0131kt\u0131lar 50 milyon dolar yat\u0131r\u0131m yap\u0131lacak diye tank palet fabrikas\u0131n\u0131n pe\u015fke\u015fine k\u0131l\u0131f haz\u0131rl\u0131yorlar. Yetmiyor, karar m\u0131yd\u0131, kararname miydi? Siz bu i\u015fleri bilmezsiniz gibi pek \u00e7ok laf oyunu ile yapt\u0131klar\u0131n\u0131n \u00fcst\u00fcn\u00fc \u00f6rtmeye \u00e7al\u0131\u015f\u0131yorlar. Biz karar\u0131n da kararnamenin de ne oldu\u011funu biliriz. Yine de AK Parti S\u00f6zc\u00fcs\u00fc&#8217;ne dolamba\u00e7l\u0131 yollardan yap\u0131lan bu \u00f6zelle\u015ftirmenin ayr\u0131nt\u0131lar\u0131n\u0131 d\u00fcn kamuoyuna a\u00e7\u0131klad\u0131\u011f\u0131 i\u00e7in te\u015fekk\u00fcr ediyoruz. Fabrika Katar ordusuna gitmi\u015f. Teknoloji gelecekmi\u015f. B\u0131rak\u0131n bu mugalatay\u0131. Bizim m\u00fchendislerimizin geli\u015ftirdi\u011fi teknolojiyi, prototipi Katar ordusuna pe\u015fke\u015f \u00e7ektiniz.&#8221;<\/p>\n<p>&#8220;Makyajl\u0131 rakamlar dahi saklayam\u0131yor&#8221;<br \/>\nT\u00fcrkiye&#8217;nin ekonomik olarak geldi\u011fi yeri T\u00dc\u0130K&#8217;in makyajl\u0131 rakamlar\u0131n\u0131n dahi saklayamad\u0131\u011f\u0131n\u0131 kaydeden \u00d6ztrak, kurumun a\u00e7\u0131klad\u0131\u011f\u0131 2018 y\u0131l\u0131 &#8220;Gelir ve Ya\u015fam Ko\u015fullar\u0131 Ara\u015ft\u0131rmas\u0131&#8221;na g\u00f6re, 53 milyon vatanda\u015f\u0131n konut masraflar\u0131n\u0131, 48 milyon vatanda\u015f\u0131n ise borcunu \u00f6demekte zorland\u0131\u011f\u0131n\u0131, 46 milyon vatanda\u015f\u0131n ise bir haftal\u0131k tatil masraf\u0131n\u0131 kar\u015f\u0131layamad\u0131\u011f\u0131n\u0131 aktard\u0131.<\/p>\n<p>\u00d6ztrak, 26 milyon vatanda\u015f\u0131n d\u00fczenli et t\u00fcketemedi\u011fini, 24 milyonun ucu ucuna ge\u00e7indi\u011fini, 11 milyonun ise so\u011fuk k\u0131\u015f g\u00fcnlerinde evini \u0131s\u0131tmakta zorland\u0131\u011f\u0131n\u0131 ifade ederek, &#8220;\u0130\u015fte AK Parti iktidarlar\u0131n\u0131n 17 y\u0131lda milletimizi getirdi\u011fi yer bu. Bu k\u00f6t\u00fc rakamlar dahi T\u00dc\u0130K taraf\u0131ndan makyajlanm\u0131\u015f.&#8221; diye konu\u015ftu.<\/p>\n<p>Veriler ne kadar makyajlan\u0131rsa makyajlans\u0131n T\u00fcrkiye&#8217;deki zengin ve fakir aras\u0131ndaki makas\u0131n a\u00e7\u0131ld\u0131\u011f\u0131n\u0131 gizlemeye yetmedi\u011fini kaydeden \u00d6ztrak, &#8220;Ucube tek adam rejimi projesinin uygulamaya kondu\u011fu 2014&#8217;ten bu yana toplumun en zengin y\u00fczde 20&#8217;lik kesiminin toplam gelirden ald\u0131\u011f\u0131 pay 1,7 puan artarken, en yoksul y\u00fczde 20&#8217;lik kesimin pay\u0131 0,1 puan azalm\u0131\u015f. Gelir da\u011f\u0131l\u0131m\u0131 2014&#8217;ten bu yana bozulmaya devam ediyor.&#8221; de\u011ferlendirmesinde bulundu.<\/p>\n<p>&#8220;\u00dclke y\u00f6netilmiyor, savruluyor.&#8221; diyen \u00d6ztrak, i\u015fsizli\u011fin, anne babalar\u0131n bin bir emekle okuttu\u011fu gen\u00e7leri ezip ge\u00e7ti\u011fini savundu.<\/p>\n<p>Cumhurba\u015fkan\u0131 Recep Tayyip Erdo\u011fan&#8217;\u0131n &#8220;Her \u00fcniversite mezunu i\u015f bulacak diye bir \u015fey yok.&#8221; dedi\u011fini aktaran \u00d6ztrak, konu\u015fmas\u0131na \u015f\u00f6yle devam etti:<\/p>\n<p>&#8220;Elimizi vicdan\u0131m\u0131za koyal\u0131m, bunu duyan yeni mezun olmu\u015f bir gen\u00e7 nas\u0131l ileriye bakarken g\u00fcven duyacak? Bunlar milleti unuttu, saray sosyetesinin ve havuz m\u00fcteahhitlerinin a\u015f\u0131n\u0131, i\u015fini b\u00fcy\u00fctmeye dald\u0131. Sarayda \u00e7ifter \u00e7ifter maa\u015flar, ball\u0131 y\u00f6netim kurulu \u00fcyelikleri, efuliler, ejder sular\u0131, 9 kat z\u0131rhl\u0131 milyonluk Mercedesler, di\u011fer tarafta da sofras\u0131na iki g\u00fcnde bir et yeme\u011fi koyamayan 26 milyon yurtta\u015f\u0131m\u0131z. \u00dcstatlar\u0131n\u0131n dedi\u011fi gibi &#8216;Bu taksimi kurt yapmaz, kuzulara \u015fah olsa.&#8217; Hadi \u00e7\u0131kt\u0131n\u0131z kibir kulelerine, milleti, g\u00f6revlerinizi, milletle duyguda\u015fl\u0131k yapmay\u0131 unuttunuz, ne yaparsak, ne s\u00f6ylersek millet sineye \u00e7eker diye d\u00fc\u015f\u00fcnmeyin. Bu millete sayg\u0131 g\u00f6stermeyi unutmay\u0131n.&#8221;<\/p>\n<p>T\u00fcrkiye&#8217;de say\u0131s\u0131 1 milyonun \u00fcst\u00fcnde \u00fcniversite mezunu i\u015fsizin, anas\u0131n\u0131n, babas\u0131n\u0131n eline bakan 5 milyon 200 bin gencin bulundu\u011funa i\u015faret eden \u00d6ztrak, &#8220;Anla\u015f\u0131ld\u0131, bunlara i\u015f bulamayacaks\u0131n\u0131z, bari kalplerini k\u0131rmay\u0131n. Kibrinize yenilip onlar\u0131 su\u00e7lamay\u0131n. Her yere y\u00fcksek lise seviyesinde kasaba \u00fcniversitelerini siz a\u00e7t\u0131n\u0131z. \u015eimdi e\u011fitimde kaliteden \u015fikayet etme hakk\u0131n\u0131z yok.&#8221; dedi.<\/p>\n<p>&#8220;Milletin yetkiyi verdi\u011fi siyaset\u00e7i, &#8216;milletin \u00e7olu\u011funa, \u00e7ocu\u011funa i\u015f bulmak benim g\u00f6revim de\u011fil&#8217; demeye ba\u015flad\u0131ysa ona sorarlar, sen ne i\u015fe yarars\u0131n derler.&#8221; ele\u015ftirisinde bulunan \u00d6ztrak, vatanda\u015fa i\u015f olana\u011f\u0131 sa\u011flama g\u00f6revinin Anayasa&#8217;da da bulundu\u011funu hat\u0131rlatt\u0131.<\/p>\n<p>\u00d6ztrak, a\u00e7\u0131klamalar\u0131n\u0131n ard\u0131ndan bas\u0131n mensuplar\u0131n\u0131n sorular\u0131n\u0131 yan\u0131tlad\u0131.<\/p>\n<p>&#8220;\u0130Y\u0130 Parti TBMM Grup Ba\u015fkanvekili L\u00fctf\u00fc T\u00fcrkkan &#8216;Kimse bizi HDP ile anayasa haz\u0131rlamaya \u00e7al\u0131\u015fan CHP ile yan yana koymas\u0131n. Kimse bizi CHP ile koalisyon yapan bir parti olarak g\u00f6stermesin. Biz, CHP ile ayn\u0131 g\u00f6r\u00fc\u015fe sahip bir parti de\u011filiz. Biz, CHP ile se\u00e7im ittifak\u0131 yapt\u0131k. Se\u00e7im bitti mi? Bitti.&#8217; ifadelerini kulland\u0131. Millet \u0130ttifak\u0131 bitti mi?&#8221; sorusu \u00fczerine \u00d6ztrak, son se\u00e7imlerde Millet \u0130ttifak\u0131&#8217;n\u0131n son derece \u00f6nemli bir i\u015flev g\u00f6rerek, milletin makus talihini de\u011fi\u015ftirdi\u011fini kaydetti.<\/p>\n<p>\u0130ttifak\u0131n son derece de\u011ferli oldu\u011funa i\u015faret eden \u00d6ztrak, &#8220;Bu t\u00fcr de\u011ferlendirmelerle Millet \u0130ttifak\u0131&#8217;n\u0131 de\u011fersizle\u015ftirmeye \u00e7al\u0131\u015fmaya hi\u00e7birimizin hakk\u0131 yoktur.&#8221; diye konu\u015ftu.<\/p>\n<p>&#8220;Adalet Bakanl\u0131\u011f\u0131, Antalya Cumhuriyet Ba\u015fsavc\u0131l\u0131\u011f\u0131nca Fettah Tamince hakk\u0131nda verilen &#8216;takipsizlik&#8217; karar\u0131n\u0131n kald\u0131r\u0131lmas\u0131n\u0131 istedi. Bunu nas\u0131l de\u011ferlendiriyorsunuz?&#8221; sorusuna kar\u015f\u0131l\u0131k \u00d6ztrak, \u00e7ok uzun bir s\u00fcredir Tamince&#8217;nin FET\u00d6 konusunda istisnai muameleye tabi tutuldu\u011funu s\u00f6ylediklerini hat\u0131rlatarak, sonu\u00e7lar\u0131 izlediklerini bildirdi.<\/p>\n<p>&#8220;Adalet Bakan\u0131 Abdulhamit G\u00fcl, &#8216;Daha d\u00fcne kadar FET\u00d6&#8217;c\u00fclerle ayn\u0131 maklubeye ka\u015f\u0131k sallayanlar bug\u00fcn \u00e7\u0131k\u0131p bize FET\u00d6 ile m\u00fccadele dersi vermeye kalk\u0131\u015fmas\u0131n&#8217; dedi. Bakan\u0131n bu mesaj\u0131 kimeydi?&#8221; sorusu \u00fczerine \u00d6ztrak, &#8220;Bu mesaj\u0131n kime oldu\u011funu bilemem, kendi partileri i\u00e7inde geli\u015fen birtak\u0131m sorunlar. \u00c7\u00fcnk\u00fc hepsi, hep birlikte maklubeyi avu\u00e7lad\u0131lar. Dolay\u0131s\u0131yla bu FET\u00d6 meselesinde FET\u00d6&#8217;n\u00fcn siyasi aya\u011f\u0131 ortaya \u00e7\u0131kmad\u0131k\u00e7a kamuoyu neyin ne oldu\u011funu anlamakta her zaman zorlanacakt\u0131r. Bu nedenle de bizim talebimiz FET\u00d6&#8217;n\u00fcn siyasi aya\u011f\u0131n\u0131n biran \u00f6nce ortaya \u00e7\u0131kmas\u0131d\u0131r.&#8221; yan\u0131t\u0131n\u0131 verdi.<\/p>\n<p>&#8220;Erken se\u00e7im&#8221; tart\u0131\u015fmalar\u0131na ili\u015fkin bir soru \u00fczerine de Faik \u00d6ztrak, \u015fu de\u011ferlendirmeyi yapt\u0131:<\/p>\n<p>&#8220;Biz, ba\u015ftan beri s\u00f6yl\u00fcyoruz, bizim bir erken se\u00e7im talebimiz yok ama iktidar &#8216;ben bu i\u015fi g\u00f6t\u00fcremiyorum, ben bunu yapam\u0131yorum, onun i\u00e7in art\u0131k ald\u0131\u011f\u0131m yetkiyi sahibine iade edece\u011fim&#8217; derse, bizim de buna s\u00f6yleyecek bir laf\u0131m\u0131z olmaz, biz de erken se\u00e7ime haz\u0131r\u0131z. Haz\u0131r olmak da durumunday\u0131z zaten. \u00d6yle anla\u015f\u0131l\u0131yor ki yeme\u011fi yiyip, hesab\u0131 \u00f6demeden masay\u0131 devirip s\u0131v\u0131\u015fmak isteme yakla\u015f\u0131m\u0131 hakim ki bu kadar b\u00fcy\u00fck yaygara kopar\u0131yorlar. &#8216;Vatanda\u015f\u0131n reform, dertlerine \u00e7\u00f6z\u00fcm talep etti\u011fini\u2019 a\u00e7\u0131k\u00e7a ifade ettiler. Bakal\u0131m g\u00f6rece\u011fiz vatanda\u015f\u0131n m\u0131, yanda\u015f\u0131n m\u0131 dertlerine \u00e7\u00f6z\u00fcm getirecekler.&#8221;<\/p>\n<!-- Error, Advert is not available at this time due to schedule\/geolocation restrictions! -->\n","protected":false},"excerpt":{"rendered":"<p>CHP Genel Ba\u015fkan Yard\u0131mc\u0131s\u0131 \u00d6ztrak, &#8220;Biz, ba\u015ftan beri s\u00f6yl\u00fcyoruz, bizim bir erken se\u00e7im talebimiz yok.&#8221; dedi. CHP Genel Ba\u015fkan Yard\u0131mc\u0131s\u0131 ve Parti S\u00f6zc\u00fcs\u00fc Faik \u00d6ztrak, parti genel merkezinde d\u00fczenledi\u011fi bas\u0131n toplant\u0131s\u0131nda, ba\u015fta Mustafa Kemal Atat\u00fcrk olmak \u00fczere, t\u00fcm gazilerin 19 Eyl\u00fcl Gaziler G\u00fcn\u00fc&#8217;n\u00fc kutlad\u0131. Bilecik&#8217;te iki makinistin hayat\u0131n\u0131 kaybetti\u011fi kazay\u0131 an\u0131msatan \u00d6ztrak, makinistlere Allah&#8217;tan rahmet, &hellip;<\/p>\n","protected":false},"author":4,"featured_media":282029,"comment_status":"open","ping_status":"open","sticky":false,"template":"","format":"standard","meta":{"_acf_changed":false,"footnotes":""},"categories":[6155,5005,6202,349],"tags":[8723,26626,90597],"class_list":["post-282028","post","type-post","status-publish","format-standard","has-post-thumbnail","hentry","category-gundem","category-manset","category-politika","category-son-dakika","tag-chp","tag-faik-oztrak","tag-lutfu-turkkan"],"acf":[],"_links":{"self":[{"href":"https:\/\/www.nationalturk.com\/tr\/wp-json\/wp\/v2\/posts\/282028","targetHints":{"allow":["GET"]}}],"collection":[{"href":"https:\/\/www.nationalturk.com\/tr\/wp-json\/wp\/v2\/posts"}],"about":[{"href":"https:\/\/www.nationalturk.com\/tr\/wp-json\/wp\/v2\/types\/post"}],"author":[{"embeddable":true,"href":"https:\/\/www.nationalturk.com\/tr\/wp-json\/wp\/v2\/users\/4"}],"replies":[{"embeddable":true,"href":"https:\/\/www.nationalturk.com\/tr\/wp-json\/wp\/v2\/comments?post=282028"}],"version-history":[{"count":0,"href":"https:\/\/www.nationalturk.com\/tr\/wp-json\/wp\/v2\/posts\/282028\/revisions"}],"wp:featuredmedia":[{"embeddable":true,"href":"https:\/\/www.nationalturk.com\/tr\/wp-json\/wp\/v2\/media\/282029"}],"wp:attachment":[{"href":"https:\/\/www.nationalturk.com\/tr\/wp-json\/wp\/v2\/media?parent=282028"}],"wp:term":[{"taxonomy":"category","embeddable":true,"href":"https:\/\/www.nationalturk.com\/tr\/wp-json\/wp\/v2\/categories?post=282028"},{"taxonomy":"post_tag","embeddable":true,"href":"https:\/\/www.nationalturk.com\/tr\/wp-json\/wp\/v2\/tags?post=282028"}],"curies":[{"name":"wp","href":"https:\/\/api.w.org\/{rel}","templated":true}]}}