{"id":282109,"date":"2019-09-23T15:31:38","date_gmt":"2019-09-23T12:31:38","guid":{"rendered":"https:\/\/www.nationalturk.com\/?p=282109"},"modified":"2022-09-29T11:51:27","modified_gmt":"2022-09-29T08:51:27","slug":"tursab-baskani-baglikaya-otellerin-thomas-cooktan-alacaklari-var","status":"publish","type":"post","link":"https:\/\/www.nationalturk.com\/tr\/tursab-baskani-baglikaya-otellerin-thomas-cooktan-alacaklari-var\/","title":{"rendered":"T\u00dcRSAB Ba\u015fkan\u0131 Firuz Ba\u011fl\u0131kaya: Otellerin Thomas Cook&#8217;tan alacaklar\u0131 var"},"content":{"rendered":"<h2>T\u00fcrkiye Seyahat Acentalar\u0131 Birli\u011fi (T\u00dcRSAB) Ba\u015fkan\u0131 Firuz Ba\u011fl\u0131kaya, &#8220;Alanya, Side, Kemer, Fethiye, Bodrum ve Marmaris ba\u015fta olmak \u00fczere bir\u00e7ok turizm beldemizdeki otellerin ve hizmet sa\u011flay\u0131c\u0131lar\u0131n\u0131n, faaliyetlerini durduran Thomas Cook&#8217;tan \u00f6nemli miktarda alacaklar\u0131 bulunuyor.&#8221; de\u011ferlendirmesinde bulundu.<\/h2>\n<p>Ba\u011fl\u0131kaya yapt\u0131\u011f\u0131 yaz\u0131l\u0131 a\u00e7\u0131klamada, d\u00fcnyan\u0131n en eski tur operat\u00f6r\u00fc konumunda bulunan ve d\u00fcnyan\u0131n her yerine turist ta\u015f\u0131yan \u0130ngiltere merkezli Thomas Cook \u015firketi, bug\u00fcn itibariyle t\u00fcm faaliyetlerini durdurdu\u011funu resmen a\u00e7\u0131klad\u0131\u011f\u0131n\u0131 an\u0131msatt\u0131.<\/p>\n<p>D\u00fcnyan\u0131n d\u00f6rt bir yan\u0131ndaki Thomas Cook m\u00fc\u015fterilerinin yan\u0131 s\u0131ra tatillerini sat\u0131n alm\u0131\u015f ama hen\u00fcz tatillerine ba\u015flamam\u0131\u015f olanlar i\u00e7in \u0130ngiliz resmi makamlar\u0131n\u0131n devreye girdi\u011fini bildiren Ba\u011fl\u0131kaya, &#8220;Bug\u00fcnden itibaren tatillerini s\u00fcrd\u00fcrenlerin evlerine d\u00f6n\u00fc\u015fleri ile tatillerini sat\u0131n alm\u0131\u015f olanlar\u0131n tatillerini yapmalar\u0131, \u0130ngiltere\u2019deki sigorta sistemi sayesinde sa\u011flanacakt\u0131r.&#8221; ifadelerini kulland\u0131.<\/p>\n<p>Mevcut sorunun \u00e7\u00f6z\u00fcm\u00fc i\u00e7in t\u00fcm g\u00fc\u00e7leri ile \u00e7al\u0131\u015fmalar\u0131n\u0131 s\u00fcrd\u00fcrd\u00fc\u011f\u00fcn\u00fc belirten T\u00dcRSAB Ba\u015fkan\u0131 Firuz Ba\u011fl\u0131kaya, bu olay\u0131n T\u00fcrk turizm t\u00fcketicilerinin g\u00fcvenceli tatile kavu\u015fmalar\u0131 i\u00e7in yap\u0131lan yasa \u00e7al\u0131\u015fmas\u0131n\u0131n bir an \u00f6nce yasala\u015fmas\u0131n\u0131n \u00f6nemini bir kez daha hat\u0131rlatt\u0131\u011f\u0131n\u0131 belirtti.<\/p>\n<p>Ba\u011fl\u0131kaya, \u015funlar\u0131 kaydetti:<\/p>\n<p>&#8220;Ayr\u0131ca yasa \u00e7al\u0131\u015fmas\u0131 ile yabanc\u0131 tur operat\u00f6rlerinin T\u00fcrk Seyahat Acentalar\u0131 ile i\u015f birli\u011fi yapmaks\u0131z\u0131n turizm \u00fcr\u00fcn\u00fc tedarik etmelerinin yaratt\u0131\u011f\u0131 benzer s\u0131k\u0131nt\u0131lar\u0131 da \u00e7\u00f6zmek gere\u011fi ortaya \u00e7\u0131kmaktad\u0131r. Bu \u00e7er\u00e7evede K\u00fclt\u00fcr ve Turizm Bakanl\u0131\u011f\u0131\u2019nda bekleyen yeni yasa tasar\u0131s\u0131n\u0131n bir an \u00f6nce Meclis g\u00fcndemine getirilerek yasala\u015ft\u0131r\u0131lmas\u0131 sekt\u00f6r\u00fcm\u00fcz\u00fcn sa\u011fl\u0131kl\u0131 ve s\u00fcrd\u00fcr\u00fclebilir bir \u015fekilde devam etmesi a\u00e7\u0131s\u0131ndan b\u00fcy\u00fck \u00f6nem ve aciliyet ta\u015f\u0131maktad\u0131r. &#8220;Alanya, Side, Kemer, Fethiye, Bodrum ve Marmaris ba\u015fta olmak \u00fczere bir\u00e7ok turizm beldemizdeki otellerin ve hizmet sa\u011flay\u0131c\u0131lar\u0131n\u0131n, faaliyetlerini durduran Thomas Cook&#8217;tan \u00f6nemli miktarda alacaklar\u0131 bulunuyor.<\/p>\n<p>Tur operat\u00f6r\u00fcn\u00fcn m\u00fc\u015fterisi t\u00fcketiciler a\u00e7\u0131s\u0131ndan, zararlar\u0131n\u0131n giderilmesi s\u00f6z konusu olsa da Thomas Cook ile i\u015f ortakl\u0131\u011f\u0131 yapan, onlar ad\u0131na t\u00fcketicileri a\u011f\u0131rlayan \u00fclkemiz i\u015fletmelerinin ticari olarak ciddi kay\u0131plar\u0131 oldu. Ya\u015fanan bu durum, bu sezonun yan\u0131 s\u0131ra bir sonraki sezonu da derinden etkileyecektir. Ba\u015fta oteller olmak \u00fczere t\u00fcm tedarik\u00e7ileri maalesef \u00e7ok zor bir s\u00fcre\u00e7 bekliyor. Bu krizi de sekt\u00f6r\u00fcm\u00fcz\u00fcn dayan\u0131\u015fmas\u0131 ve h\u00fck\u00fcmetimizin deste\u011fi ile atlataca\u011f\u0131m\u0131za inan\u0131yor, bu t\u00fcr krizlerin bir daha ya\u015fanmamas\u0131n\u0131 ve \u00fclkemiz turizm t\u00fcketicileri i\u00e7in de etkin g\u00fcvencelere bir an \u00f6nce kavu\u015fmam\u0131z\u0131 temenni ediyorum.&#8221;<\/p>\n<!-- Error, Advert is not available at this time due to schedule\/geolocation restrictions! -->\n","protected":false},"excerpt":{"rendered":"<p>T\u00fcrkiye Seyahat Acentalar\u0131 Birli\u011fi (T\u00dcRSAB) Ba\u015fkan\u0131 Firuz Ba\u011fl\u0131kaya, &#8220;Alanya, Side, Kemer, Fethiye, Bodrum ve Marmaris ba\u015fta olmak \u00fczere bir\u00e7ok turizm beldemizdeki otellerin ve hizmet sa\u011flay\u0131c\u0131lar\u0131n\u0131n, faaliyetlerini durduran Thomas Cook&#8217;tan \u00f6nemli miktarda alacaklar\u0131 bulunuyor.&#8221; de\u011ferlendirmesinde bulundu. Ba\u011fl\u0131kaya yapt\u0131\u011f\u0131 yaz\u0131l\u0131 a\u00e7\u0131klamada, d\u00fcnyan\u0131n en eski tur operat\u00f6r\u00fc konumunda bulunan ve d\u00fcnyan\u0131n her yerine turist ta\u015f\u0131yan \u0130ngiltere merkezli Thomas &hellip;<\/p>\n","protected":false},"author":4,"featured_media":282110,"comment_status":"open","ping_status":"open","sticky":false,"template":"","format":"standard","meta":{"_acf_changed":false,"footnotes":""},"categories":[6155,5005,349,339],"tags":[217839,220133,640],"class_list":["post-282109","post","type-post","status-publish","format-standard","has-post-thumbnail","hentry","category-gundem","category-manset","category-son-dakika","category-turizm","tag-firuz-baglikaya","tag-thomas-cook","tag-tursab"],"acf":[],"_links":{"self":[{"href":"https:\/\/www.nationalturk.com\/tr\/wp-json\/wp\/v2\/posts\/282109","targetHints":{"allow":["GET"]}}],"collection":[{"href":"https:\/\/www.nationalturk.com\/tr\/wp-json\/wp\/v2\/posts"}],"about":[{"href":"https:\/\/www.nationalturk.com\/tr\/wp-json\/wp\/v2\/types\/post"}],"author":[{"embeddable":true,"href":"https:\/\/www.nationalturk.com\/tr\/wp-json\/wp\/v2\/users\/4"}],"replies":[{"embeddable":true,"href":"https:\/\/www.nationalturk.com\/tr\/wp-json\/wp\/v2\/comments?post=282109"}],"version-history":[{"count":0,"href":"https:\/\/www.nationalturk.com\/tr\/wp-json\/wp\/v2\/posts\/282109\/revisions"}],"wp:featuredmedia":[{"embeddable":true,"href":"https:\/\/www.nationalturk.com\/tr\/wp-json\/wp\/v2\/media\/282110"}],"wp:attachment":[{"href":"https:\/\/www.nationalturk.com\/tr\/wp-json\/wp\/v2\/media?parent=282109"}],"wp:term":[{"taxonomy":"category","embeddable":true,"href":"https:\/\/www.nationalturk.com\/tr\/wp-json\/wp\/v2\/categories?post=282109"},{"taxonomy":"post_tag","embeddable":true,"href":"https:\/\/www.nationalturk.com\/tr\/wp-json\/wp\/v2\/tags?post=282109"}],"curies":[{"name":"wp","href":"https:\/\/api.w.org\/{rel}","templated":true}]}}