{"id":282384,"date":"2019-10-02T10:46:34","date_gmt":"2019-10-02T07:46:34","guid":{"rendered":"https:\/\/www.nationalturk.com\/?p=282384"},"modified":"2019-10-02T10:46:34","modified_gmt":"2019-10-02T07:46:34","slug":"sisler-altindaki-selimiye-buyuledi","status":"publish","type":"post","link":"https:\/\/www.nationalturk.com\/tr\/sisler-altindaki-selimiye-buyuledi\/","title":{"rendered":"Sisler alt\u0131ndaki Selimiye b\u00fcy\u00fcledi"},"content":{"rendered":"<h2>Edirne&#8217;de etkili olan sis nedeniyle ba\u015fta Selimiye Camisi olmak \u00fczere kentteki pek \u00e7ok tarihi yap\u0131n\u0131n muhte\u015fem g\u00f6r\u00fcnt\u00fcs\u00fc adeta b\u00fcy\u00fcledi.<\/h2>\n<p>Edirne&#8217;de sabah saatlerinde y\u00fcksek kesimlerde sis etki g\u00f6sterdi.<\/p>\n<p>Yorgan gibi g\u00f6ky\u00fcz\u00fcn\u00fc kaplayan siste, d\u00fcnyan\u0131n say\u0131l\u0131 a\u00e7\u0131k hava m\u00fczelerinden olan kentteki tarihi eserlerin kubbe ve minareleri kayboldu.<\/p>\n<p>Mimar Sinan&#8217;\u0131n ustal\u0131\u011f\u0131n\u0131 konu\u015fturdu\u011fu ve &#8220;kalem gibi&#8221; diye nitelenen 85 metre y\u00fcksekli\u011finde minarelerin baz\u0131 b\u00f6lgelerden sadece k\u00fclahlar\u0131 g\u00f6r\u00fcld\u00fc.<\/p>\n<p>&#8220;Alt\u0131n \u00fc\u00e7gen&#8221; olarak adland\u0131r\u0131lan b\u00f6lgedeki Eski ve \u00dc\u00e7 \u015eerefeli camilerin de kubbe ve minarelerini kaplayan sis muhte\u015fem manzaralar olu\u015fturdu.<\/p>\n<p>Ula\u015f\u0131mda herhangi bir aksakl\u0131\u011fa yol a\u00e7mayan sis g\u00fcne\u015fle birlikte da\u011f\u0131ld\u0131.<\/p>\n<!-- Error, Advert is not available at this time due to schedule\/geolocation restrictions! -->\n","protected":false},"excerpt":{"rendered":"<p>Edirne&#8217;de etkili olan sis nedeniyle ba\u015fta Selimiye Camisi olmak \u00fczere kentteki pek \u00e7ok tarihi yap\u0131n\u0131n muhte\u015fem g\u00f6r\u00fcnt\u00fcs\u00fc adeta b\u00fcy\u00fcledi. Edirne&#8217;de sabah saatlerinde y\u00fcksek kesimlerde sis etki g\u00f6sterdi. Yorgan gibi g\u00f6ky\u00fcz\u00fcn\u00fc kaplayan siste, d\u00fcnyan\u0131n say\u0131l\u0131 a\u00e7\u0131k hava m\u00fczelerinden olan kentteki tarihi eserlerin kubbe ve minareleri kayboldu. Mimar Sinan&#8217;\u0131n ustal\u0131\u011f\u0131n\u0131 konu\u015fturdu\u011fu ve &#8220;kalem gibi&#8221; diye nitelenen 85 &hellip;<\/p>\n","protected":false},"author":4,"featured_media":282385,"comment_status":"open","ping_status":"open","sticky":false,"template":"","format":"standard","meta":{"_acf_changed":false,"footnotes":""},"categories":[6155,6221,5005,6805],"tags":[2812],"class_list":["post-282384","post","type-post","status-publish","format-standard","has-post-thumbnail","hentry","category-gundem","category-kultur","category-manset","category-turkiye","tag-edirne"],"acf":[],"_links":{"self":[{"href":"https:\/\/www.nationalturk.com\/tr\/wp-json\/wp\/v2\/posts\/282384","targetHints":{"allow":["GET"]}}],"collection":[{"href":"https:\/\/www.nationalturk.com\/tr\/wp-json\/wp\/v2\/posts"}],"about":[{"href":"https:\/\/www.nationalturk.com\/tr\/wp-json\/wp\/v2\/types\/post"}],"author":[{"embeddable":true,"href":"https:\/\/www.nationalturk.com\/tr\/wp-json\/wp\/v2\/users\/4"}],"replies":[{"embeddable":true,"href":"https:\/\/www.nationalturk.com\/tr\/wp-json\/wp\/v2\/comments?post=282384"}],"version-history":[{"count":0,"href":"https:\/\/www.nationalturk.com\/tr\/wp-json\/wp\/v2\/posts\/282384\/revisions"}],"wp:featuredmedia":[{"embeddable":true,"href":"https:\/\/www.nationalturk.com\/tr\/wp-json\/wp\/v2\/media\/282385"}],"wp:attachment":[{"href":"https:\/\/www.nationalturk.com\/tr\/wp-json\/wp\/v2\/media?parent=282384"}],"wp:term":[{"taxonomy":"category","embeddable":true,"href":"https:\/\/www.nationalturk.com\/tr\/wp-json\/wp\/v2\/categories?post=282384"},{"taxonomy":"post_tag","embeddable":true,"href":"https:\/\/www.nationalturk.com\/tr\/wp-json\/wp\/v2\/tags?post=282384"}],"curies":[{"name":"wp","href":"https:\/\/api.w.org\/{rel}","templated":true}]}}