{"id":283107,"date":"2019-10-31T14:26:30","date_gmt":"2019-10-31T11:26:30","guid":{"rendered":"https:\/\/www.nationalturk.com\/?p=283107"},"modified":"2019-10-31T14:26:30","modified_gmt":"2019-10-31T11:26:30","slug":"pazar-gunune-kadar-surecek-yagisli-hava-geliyor","status":"publish","type":"post","link":"https:\/\/www.nationalturk.com\/tr\/pazar-gunune-kadar-surecek-yagisli-hava-geliyor\/","title":{"rendered":"Pazar g\u00fcn\u00fcne kadar s\u00fcrecek ya\u011f\u0131\u015fl\u0131 hava geliyor"},"content":{"rendered":"<h2>Meteoroloji Genel M\u00fcd\u00fcrl\u00fc\u011f\u00fcn\u00fcn son de\u011ferlendirmelerine g\u00f6re, yurtta bug\u00fcn ba\u015flayacak serin ve ya\u011f\u0131\u015fl\u0131 hava pazar g\u00fcn\u00fcne kadar etkisini s\u00fcrd\u00fcrecek. <\/h2>\n<p>Bug\u00fcn kuzey kesimlerde etkili olmaya ba\u015flayacak ya\u011f\u0131\u015flar\u0131n, yar\u0131n Orta Akdeniz \u00fczerinden gelen yeni bir ya\u011f\u0131\u015fl\u0131 sistemle birlikte \u00fclkenin b\u00fcy\u00fck bir b\u00f6l\u00fcm\u00fcnde g\u00f6r\u00fclmesi, cumartesi g\u00fcn\u00fc do\u011fu b\u00f6lgelerde etkili olduktan sonra yurdu terk etmesi bekleniyor.<\/p>\n<p>Kuzeybat\u0131 kesimlerden ba\u015flayarak azalacak hava s\u0131cakl\u0131\u011f\u0131n\u0131n, \u00f6zellikle yar\u0131n i\u00e7 ve bat\u0131 b\u00f6lgelerde, cumartesi g\u00fcn\u00fc ise yurdun kuzeydo\u011fu kesimlerinde 4-7 derece azalaca\u011f\u0131 \u00f6ng\u00f6r\u00fcl\u00fcyor.<\/p>\n<p>Marmara, Bat\u0131 Karadeniz, Orta ve Do\u011fu Karadeniz k\u0131y\u0131lar\u0131, Amasya, \u00c7orum, Ankara&#8217;n\u0131n kuzeyi, \u00c7ank\u0131r\u0131 ve Eski\u015fehir ile K\u00fctahya&#8217;n\u0131n kuzey \u00e7evrelerinde bug\u00fcn sa\u011fanak bekleniyor.<\/p>\n<p>Ya\u011f\u0131\u015flar\u0131n \u00f6\u011fleden sonra ve ak\u015fam saatlerinde K\u0131rklareli&#8217;nin k\u0131y\u0131 il\u00e7eleri (Demirk\u00f6y ve Vize) ile \u0130stanbul&#8217;un kuzeybat\u0131s\u0131nda (\u00c7atalca ve Arnavutk\u00f6y) yer yer kuvvetli olaca\u011f\u0131 tahmin ediliyor. Bat\u0131 Karadeniz&#8217;de r\u00fczgar\u0131n kuzey ve kuzeydo\u011fu y\u00f6nlerden kuvvetli esmesi \u00f6ng\u00f6r\u00fcl\u00fcyor.<\/p>\n<p>Yar\u0131n ise \u00fclkenin b\u00fcy\u00fck bir b\u00f6l\u00fcm\u00fcnde ya\u011f\u0131\u015f bekleniyor. Marmara&#8217;n\u0131n do\u011fusu, Karadeniz, Ege, Akdeniz, \u0130\u00e7 Anadolu, Do\u011fu Anadolu&#8217;nun kuzey ve bat\u0131s\u0131 ile G\u00fcneydo\u011fu Anadolu b\u00f6lgelerinde beklenen sa\u011fanak ve yer yer g\u00f6k g\u00fcr\u00fclt\u00fcl\u00fc sa\u011fanak \u0130stanbul, Kocaeli ve Sakarya&#8217;da kuvvetli, Orta ve Do\u011fu Karadeniz k\u0131y\u0131lar\u0131nda (Samsun, Ordu, Giresun, Trabzon, Rize ve Artvin) \u00e7ok kuvvetli ve yer yer \u015fiddetli olacak.<\/p>\n<p>R\u00fczgar\u0131n Marmara ve Kuzey Ege&#8217;de kuzey ve kuzeydo\u011fu y\u00f6nlerden kuvvetli ve zaman zaman f\u0131rt\u0131na \u015feklinde esece\u011fi tahmin ediliyor.<\/p>\n<p>Cumartesi g\u00fcn\u00fc de do\u011fu b\u00f6lgelere hareket edecek ya\u011f\u0131\u015fl\u0131 havan\u0131n, Do\u011fu Karadeniz, Do\u011fu Anadolu&#8217;nun kuzey ve do\u011fusu ile G\u00fcneydo\u011fu Anadolu&#8217;nun do\u011fusunda ya\u011fmur ve sa\u011fanak, Do\u011fu Anadolu&#8217;nun kuzeydo\u011fusu ile Do\u011fu Karadeniz&#8217;in i\u00e7 kesimlerinin y\u00fckseklerinde karla kar\u0131\u015f\u0131k ya\u011fmur ve kara neden olduktan sonra yurdu terk etmesi bekleniyor.<\/p>\n<p>Hava s\u0131cakl\u0131\u011f\u0131n\u0131n pazar g\u00fcn\u00fc i\u00e7 ve bat\u0131 b\u00f6lgelerde, hafta ba\u015f\u0131ndan itibaren \u00fclke genelinde tekrar artmas\u0131 \u00f6ng\u00f6r\u00fcl\u00fcyor.<\/p>\n<!-- Error, Advert is not available at this time due to schedule\/geolocation restrictions! -->\n","protected":false},"excerpt":{"rendered":"<p>Meteoroloji Genel M\u00fcd\u00fcrl\u00fc\u011f\u00fcn\u00fcn son de\u011ferlendirmelerine g\u00f6re, yurtta bug\u00fcn ba\u015flayacak serin ve ya\u011f\u0131\u015fl\u0131 hava pazar g\u00fcn\u00fcne kadar etkisini s\u00fcrd\u00fcrecek. Bug\u00fcn kuzey kesimlerde etkili olmaya ba\u015flayacak ya\u011f\u0131\u015flar\u0131n, yar\u0131n Orta Akdeniz \u00fczerinden gelen yeni bir ya\u011f\u0131\u015fl\u0131 sistemle birlikte \u00fclkenin b\u00fcy\u00fck bir b\u00f6l\u00fcm\u00fcnde g\u00f6r\u00fclmesi, cumartesi g\u00fcn\u00fc do\u011fu b\u00f6lgelerde etkili olduktan sonra yurdu terk etmesi bekleniyor. Kuzeybat\u0131 kesimlerden ba\u015flayarak azalacak &hellip;<\/p>\n","protected":false},"author":4,"featured_media":283108,"comment_status":"open","ping_status":"open","sticky":false,"template":"","format":"standard","meta":{"_acf_changed":false,"footnotes":""},"categories":[6155,5005,6805],"tags":[13991,14896],"class_list":["post-283107","post","type-post","status-publish","format-standard","has-post-thumbnail","hentry","category-gundem","category-manset","category-turkiye","tag-hava-durumu","tag-meteoroloji"],"acf":[],"_links":{"self":[{"href":"https:\/\/www.nationalturk.com\/tr\/wp-json\/wp\/v2\/posts\/283107","targetHints":{"allow":["GET"]}}],"collection":[{"href":"https:\/\/www.nationalturk.com\/tr\/wp-json\/wp\/v2\/posts"}],"about":[{"href":"https:\/\/www.nationalturk.com\/tr\/wp-json\/wp\/v2\/types\/post"}],"author":[{"embeddable":true,"href":"https:\/\/www.nationalturk.com\/tr\/wp-json\/wp\/v2\/users\/4"}],"replies":[{"embeddable":true,"href":"https:\/\/www.nationalturk.com\/tr\/wp-json\/wp\/v2\/comments?post=283107"}],"version-history":[{"count":0,"href":"https:\/\/www.nationalturk.com\/tr\/wp-json\/wp\/v2\/posts\/283107\/revisions"}],"wp:featuredmedia":[{"embeddable":true,"href":"https:\/\/www.nationalturk.com\/tr\/wp-json\/wp\/v2\/media\/283108"}],"wp:attachment":[{"href":"https:\/\/www.nationalturk.com\/tr\/wp-json\/wp\/v2\/media?parent=283107"}],"wp:term":[{"taxonomy":"category","embeddable":true,"href":"https:\/\/www.nationalturk.com\/tr\/wp-json\/wp\/v2\/categories?post=283107"},{"taxonomy":"post_tag","embeddable":true,"href":"https:\/\/www.nationalturk.com\/tr\/wp-json\/wp\/v2\/tags?post=283107"}],"curies":[{"name":"wp","href":"https:\/\/api.w.org\/{rel}","templated":true}]}}