{"id":283243,"date":"2019-11-04T17:55:11","date_gmt":"2019-11-04T14:55:11","guid":{"rendered":"https:\/\/www.nationalturk.com\/?p=283243"},"modified":"2019-11-04T17:55:11","modified_gmt":"2019-11-04T14:55:11","slug":"adnan-oktar-davasi-bu-isin-icinde-ingiliz-derin-devleti-oldugunu-kimse-anlamadi-da-siz-mi-anladiniz","status":"publish","type":"post","link":"https:\/\/www.nationalturk.com\/tr\/adnan-oktar-davasi-bu-isin-icinde-ingiliz-derin-devleti-oldugunu-kimse-anlamadi-da-siz-mi-anladiniz\/","title":{"rendered":"Adnan Oktar davas\u0131! &#8220;Bu i\u015fin i\u00e7inde \u0130ngiliz derin devleti oldu\u011funu kimse anlamad\u0131 da siz mi anlad\u0131n\u0131z?&#8221;"},"content":{"rendered":"<h2>Adnan Oktar organize su\u00e7 \u00f6rg\u00fct\u00fcne y\u00f6nelik, aralar\u0131nda \u00f6rg\u00fct\u00fcn eleba\u015f\u0131 Adnan Oktar&#8217;\u0131n da bulundu\u011fu 167&#8217;si tutuklu 226 san\u0131\u011f\u0131n yarg\u0131lanmas\u0131na devam edildi.<\/h2>\n<p>\u0130stanbul 30. A\u011f\u0131r Ceza Mahkemesince, Silivri Ceza \u0130nfaz Kurumu Yerle\u015fkesi kar\u015f\u0131s\u0131nda bulunan salonda yap\u0131lan duru\u015fmada  tutuklu san\u0131klardan Yeliz Sucu savunma yapt\u0131.<\/p>\n<p>\u201c\u00d6rg\u00fct y\u00f6neticili\u011fi\u201d, \u201csu\u00e7tan kaynaklanan mal de\u011ferlerini aklama\u201d, \u201csiyasal veya askeri casuslu\u011fa te\u015febb\u00fcs\u201d ve \u00f6rg\u00fct faaliyetleri kapsam\u0131nda i\u015flendi\u011fi iddia edilen t\u00fcm su\u00e7lardan sorumlu tutularak yarg\u0131lanan san\u0131k Sucu, su\u00e7 \u00f6rg\u00fct\u00fc de\u011fil arkada\u015f grubu olduklar\u0131n\u0131, su\u00e7 \u00f6rg\u00fct\u00fc olduklar\u0131na dair iddianamede bir delil g\u00f6rmedi\u011fini savundu.<\/p>\n<p>Sucu&#8217;nun, &#8220;\u0130ngiliz derin devletinin&#8221; Adnan Oktar ve grubuna kar\u015f\u0131 komplo kurdu\u011funu, Oktar\u2019\u0131n, bu gizli yap\u0131n\u0131n planlar\u0131n\u0131 de\u015fifre edece\u011fini duyurmas\u0131 \u00fczerine kendilerine operasyon yap\u0131ld\u0131\u011f\u0131n\u0131 \u00f6ne s\u00fcrmesi \u00fczerine, Mahkeme Ba\u015fkan\u0131 Mehmet Galip Perk, &#8220;Bu devlette bir s\u00fcr\u00fc polis var, jandarma, hakim, savc\u0131 var. Bu i\u015fin i\u00e7inde \u0130ngiliz derin devleti oldu\u011funu kimse anlamad\u0131 da siz mi anlad\u0131n\u0131z? Sizin nas\u0131l bir g\u00fcc\u00fcn\u00fcz var ki bunu \u00f6\u011frendiniz?&#8221; dedi.<\/p>\n<p>Sucu, \u015f\u00f6yle konu\u015ftu:<\/p>\n<p>&#8220;Biz 5 vakit namaz\u0131n\u0131 k\u0131lan insanlar\u0131z. Ayr\u0131ca kazas\u0131 falan da de\u011fil namaz\u0131n saatlerine de dikkat ederiz. Turnike iddialar\u0131 da kesinlikle yaland\u0131r. Zekeriya \u00d6z ile g\u00f6r\u00fc\u015ft\u00fc\u011f\u00fcm\u00fcz iddias\u0131 var. O tarihlerde Zekeriya \u00d6z\u2019\u00fcn FET\u00d6\u2019c\u00fc oldu\u011funu bilmemiz m\u00fcmk\u00fcn de\u011fildir. Masonlarla g\u00f6r\u00fc\u015ft\u00fc\u011f\u00fcm\u00fcz do\u011frudur. Mason localar\u0131na Kur\u2019an-\u0131 Kerim koyulmas\u0131na vesile olan ki\u015fi Adnan Oktar\u2019d\u0131r. Bir M\u00fcsl\u00fcman olarak alk\u0131\u015flanmam\u0131z gerekti\u011fini d\u00fc\u015f\u00fcn\u00fcyorum.&#8221; <\/p>\n<p>Duru\u015fmaya yar\u0131n san\u0131k savunmalar\u0131n\u0131n al\u0131nmas\u0131yla devam edilecek. <\/p>\n<!-- Error, Advert is not available at this time due to schedule\/geolocation restrictions! -->\n","protected":false},"excerpt":{"rendered":"<p>Adnan Oktar organize su\u00e7 \u00f6rg\u00fct\u00fcne y\u00f6nelik, aralar\u0131nda \u00f6rg\u00fct\u00fcn eleba\u015f\u0131 Adnan Oktar&#8217;\u0131n da bulundu\u011fu 167&#8217;si tutuklu 226 san\u0131\u011f\u0131n yarg\u0131lanmas\u0131na devam edildi. \u0130stanbul 30. A\u011f\u0131r Ceza Mahkemesince, Silivri Ceza \u0130nfaz Kurumu Yerle\u015fkesi kar\u015f\u0131s\u0131nda bulunan salonda yap\u0131lan duru\u015fmada tutuklu san\u0131klardan Yeliz Sucu savunma yapt\u0131. \u201c\u00d6rg\u00fct y\u00f6neticili\u011fi\u201d, \u201csu\u00e7tan kaynaklanan mal de\u011ferlerini aklama\u201d, \u201csiyasal veya askeri casuslu\u011fa te\u015febb\u00fcs\u201d ve \u00f6rg\u00fct &hellip;<\/p>\n","protected":false},"author":4,"featured_media":255018,"comment_status":"open","ping_status":"closed","sticky":false,"template":"","format":"standard","meta":{"_acf_changed":false,"footnotes":""},"categories":[6155,5005,349,6805],"tags":[73367],"class_list":["post-283243","post","type-post","status-publish","format-standard","has-post-thumbnail","hentry","category-gundem","category-manset","category-son-dakika","category-turkiye","tag-adnan-oktar"],"acf":[],"_links":{"self":[{"href":"https:\/\/www.nationalturk.com\/tr\/wp-json\/wp\/v2\/posts\/283243","targetHints":{"allow":["GET"]}}],"collection":[{"href":"https:\/\/www.nationalturk.com\/tr\/wp-json\/wp\/v2\/posts"}],"about":[{"href":"https:\/\/www.nationalturk.com\/tr\/wp-json\/wp\/v2\/types\/post"}],"author":[{"embeddable":true,"href":"https:\/\/www.nationalturk.com\/tr\/wp-json\/wp\/v2\/users\/4"}],"replies":[{"embeddable":true,"href":"https:\/\/www.nationalturk.com\/tr\/wp-json\/wp\/v2\/comments?post=283243"}],"version-history":[{"count":0,"href":"https:\/\/www.nationalturk.com\/tr\/wp-json\/wp\/v2\/posts\/283243\/revisions"}],"wp:featuredmedia":[{"embeddable":true,"href":"https:\/\/www.nationalturk.com\/tr\/wp-json\/wp\/v2\/media\/255018"}],"wp:attachment":[{"href":"https:\/\/www.nationalturk.com\/tr\/wp-json\/wp\/v2\/media?parent=283243"}],"wp:term":[{"taxonomy":"category","embeddable":true,"href":"https:\/\/www.nationalturk.com\/tr\/wp-json\/wp\/v2\/categories?post=283243"},{"taxonomy":"post_tag","embeddable":true,"href":"https:\/\/www.nationalturk.com\/tr\/wp-json\/wp\/v2\/tags?post=283243"}],"curies":[{"name":"wp","href":"https:\/\/api.w.org\/{rel}","templated":true}]}}