{"id":283478,"date":"2019-11-13T13:14:49","date_gmt":"2019-11-13T10:14:49","guid":{"rendered":"https:\/\/www.nationalturk.com\/?p=283478"},"modified":"2019-11-13T13:14:49","modified_gmt":"2019-11-13T10:14:49","slug":"morales-meksikaya-ulasti-bolivya-gecici-devlet-baskanini-ariyor","status":"publish","type":"post","link":"https:\/\/www.nationalturk.com\/tr\/morales-meksikaya-ulasti-bolivya-gecici-devlet-baskanini-ariyor\/","title":{"rendered":"Morales Meksika&#8217;ya ula\u015ft\u0131, Bolivya ge\u00e7ici devlet ba\u015fkan\u0131n\u0131 ar\u0131yor"},"content":{"rendered":"<h2>Bolivya, eski lideri Evo Morales&#8217;in muhalefetin ve ordunun bask\u0131s\u0131yla istifa ederek Meksika&#8217;ya iltica etmesi sonras\u0131 yeni devlet ba\u015fkan\u0131n\u0131 ar\u0131yor.<\/h2>\n<p>Bolivya&#8217;y\u0131 14 y\u0131l y\u00f6neten solcu lider Morales, istifas\u0131n\u0131n ard\u0131ndan sal\u0131 g\u00fcn\u00fc Meksika Hava Kuvvetleri u\u00e7a\u011f\u0131yla \u00fclkeyi terk etti.<\/p>\n<p>Muhalefet kanad\u0131ndan milletvekilleri, Morales&#8217;in istifas\u0131n\u0131 resmen kabul etmek ve yeniden yap\u0131lacak olan se\u00e7imlere kadar ge\u00e7ici bir devlet ba\u015fkan\u0131 g\u00f6revlendirmek \u00fczere harekete ge\u00e7ti. Ancak, muhalefetin bu plan\u0131 Morales&#8217;in liderlik etti\u011fi Sosyalizme Do\u011fru Hareket (Movimiento al Socialismo) partisinin toplant\u0131y\u0131 boykot karar\u0131yla \u00e7\u0131kmaza girdi.<\/p>\n<p>Ba\u015fkent La Paz&#8217;da halk, Morales&#8217;in galibiyetiyle sonu\u00e7lanan 20 Ekim se\u00e7imlerinden bu yana, muhalefetin se\u00e7imlerde usuls\u00fczl\u00fckler oldu\u011fu gerek\u00e7esiyle yapt\u0131\u011f\u0131 \u00e7a\u011fr\u0131yla sokaklardayd\u0131. Halk \u015fimdi, bir an \u00f6nce devlet ba\u015fkanlar\u0131n\u0131n bulunmas\u0131n\u0131 ve d\u00fczenin sa\u011flanmas\u0131n\u0131 istiyor.<\/p>\n<p>\u00d6te yandan Morales h\u00fck\u00fcmetinde yer alan vekiller ve parlamentodaki bir\u00e7ok destek\u00e7isi de istifa etti. Muhalefet kanad\u0131ndan senatonun ikinci ba\u015fkan yard\u0131mc\u0131s\u0131 Jeanine Anez&#8217;in ge\u00e7ici olarak g\u00f6revi devralmas\u0131 bekleniyor. Anez ge\u00e7ici devlet ba\u015fkan\u0131 olmay\u0131 kabul edece\u011fini s\u00f6yledi.<\/p>\n<p>Ancak Morales&#8217;in Movimiento al Socialismo partisi, Anez&#8217;i darbenin bir par\u00e7as\u0131 olmakla su\u00e7lad\u0131\u011f\u0131 bir a\u00e7\u0131klama yay\u0131mlad\u0131. Parti, ge\u00e7ici s\u00fcreci y\u00f6nlendirmesi gereken ki\u015finin, ge\u00e7ti\u011fimiz pazar g\u00fcn\u00fc istifa eden senato lideri Adriana Salvatierra olmas\u0131 gerekti\u011fini belirtti.<\/p>\n<p>Anez bu notu sosyal medya hesab\u0131ndan &#8220;Eski senato ba\u015fkan\u0131n\u0131n istifa etti\u011fini duymam\u0131\u015flar m\u0131?&#8221; mesaj\u0131 ile payla\u015ft\u0131.<\/p>\n<p>Morales&#8217;in istifas\u0131n\u0131n kongrenin iki kanad\u0131 taraf\u0131ndan toplanan yasama meclisinde onaylanmas\u0131 gerekiyor.<\/p>\n<p>\u0130stifalar\u0131n da etkisiyle ge\u00e7ici devlet ba\u015fkanl\u0131\u011f\u0131 i\u00e7in en g\u00fc\u00e7l\u00fc aday, Senato \u0130kinci Ba\u015fkan Yard\u0131mc\u0131s\u0131 Anez.<\/p>\n<p>Muhalefet yenilenecek se\u00e7imlerin bir an \u00f6nce yap\u0131lmas\u0131 i\u00e7in \u0131srarc\u0131. Se\u00e7imlerin Aral\u0131k ay\u0131 ortas\u0131nda yap\u0131lmas\u0131 muhtemel g\u00f6r\u00fcn\u00fcyor. Muhalefetin h\u0131zl\u0131 davranmas\u0131n\u0131n en \u00f6nemli sebebi Morales&#8217;in mevcut g\u00f6revinin 22 Ocak&#8217;ta sona erecek olmas\u0131.<\/p>\n<p>Yeni se\u00e7imlere Morales&#8217;in kat\u0131l\u0131p kat\u0131lmayaca\u011f\u0131 ise belirsizli\u011fini koruyor.<\/p>\n<!-- Error, Advert is not available at this time due to schedule\/geolocation restrictions! -->\n","protected":false},"excerpt":{"rendered":"<p>Bolivya, eski lideri Evo Morales&#8217;in muhalefetin ve ordunun bask\u0131s\u0131yla istifa ederek Meksika&#8217;ya iltica etmesi sonras\u0131 yeni devlet ba\u015fkan\u0131n\u0131 ar\u0131yor. Bolivya&#8217;y\u0131 14 y\u0131l y\u00f6neten solcu lider Morales, istifas\u0131n\u0131n ard\u0131ndan sal\u0131 g\u00fcn\u00fc Meksika Hava Kuvvetleri u\u00e7a\u011f\u0131yla \u00fclkeyi terk etti. Muhalefet kanad\u0131ndan milletvekilleri, Morales&#8217;in istifas\u0131n\u0131 resmen kabul etmek ve yeniden yap\u0131lacak olan se\u00e7imlere kadar ge\u00e7ici bir devlet ba\u015fkan\u0131 &hellip;<\/p>\n","protected":false},"author":4,"featured_media":283479,"comment_status":"open","ping_status":"closed","sticky":false,"template":"","format":"standard","meta":{"_acf_changed":false,"footnotes":""},"categories":[6771,6155,5005,6202],"tags":[8038,48318,827],"class_list":["post-283478","post","type-post","status-publish","format-standard","has-post-thumbnail","hentry","category-latin-amerika","category-gundem","category-manset","category-politika","tag-bolivya","tag-evo-morales","tag-meksika"],"acf":[],"_links":{"self":[{"href":"https:\/\/www.nationalturk.com\/tr\/wp-json\/wp\/v2\/posts\/283478","targetHints":{"allow":["GET"]}}],"collection":[{"href":"https:\/\/www.nationalturk.com\/tr\/wp-json\/wp\/v2\/posts"}],"about":[{"href":"https:\/\/www.nationalturk.com\/tr\/wp-json\/wp\/v2\/types\/post"}],"author":[{"embeddable":true,"href":"https:\/\/www.nationalturk.com\/tr\/wp-json\/wp\/v2\/users\/4"}],"replies":[{"embeddable":true,"href":"https:\/\/www.nationalturk.com\/tr\/wp-json\/wp\/v2\/comments?post=283478"}],"version-history":[{"count":0,"href":"https:\/\/www.nationalturk.com\/tr\/wp-json\/wp\/v2\/posts\/283478\/revisions"}],"wp:featuredmedia":[{"embeddable":true,"href":"https:\/\/www.nationalturk.com\/tr\/wp-json\/wp\/v2\/media\/283479"}],"wp:attachment":[{"href":"https:\/\/www.nationalturk.com\/tr\/wp-json\/wp\/v2\/media?parent=283478"}],"wp:term":[{"taxonomy":"category","embeddable":true,"href":"https:\/\/www.nationalturk.com\/tr\/wp-json\/wp\/v2\/categories?post=283478"},{"taxonomy":"post_tag","embeddable":true,"href":"https:\/\/www.nationalturk.com\/tr\/wp-json\/wp\/v2\/tags?post=283478"}],"curies":[{"name":"wp","href":"https:\/\/api.w.org\/{rel}","templated":true}]}}