{"id":283524,"date":"2019-11-15T10:26:46","date_gmt":"2019-11-15T07:26:46","guid":{"rendered":"https:\/\/www.nationalturk.com\/?p=283524"},"modified":"2019-11-15T10:26:46","modified_gmt":"2019-11-15T07:26:46","slug":"issiz-orani-yine-arti-yuzde-14","status":"publish","type":"post","link":"https:\/\/www.nationalturk.com\/tr\/issiz-orani-yine-arti-yuzde-14\/","title":{"rendered":"\u0130\u015fsiz oran\u0131 yine art\u0131! Y\u00fczde 14"},"content":{"rendered":"<h2>T\u00fcrkiye&#8217;de i\u015fsizlik oran\u0131 a\u011fustosta ge\u00e7en y\u0131l\u0131n ayn\u0131 ay\u0131na g\u00f6re 2.9 puan artarak y\u00fczde 14&#8217;e y\u00fckseldi. Bu d\u00f6nemde i\u015fsiz say\u0131s\u0131 980 bin ki\u015filik art\u0131\u015fla 4 milyon 650 bin ki\u015fi olarak hesapland\u0131.<\/h2>\n<p>T\u00fcrkiye \u0130statistik Kurumu (T\u00dc\u0130K), A\u011fustos 2019&#8217;a ili\u015fkin i\u015f g\u00fcc\u00fc istatistiklerini a\u00e7\u0131klad\u0131.<\/p>\n<p>Buna g\u00f6re, T\u00fcrkiye genelinde 15 ve daha yukar\u0131 ya\u015ftakilerde i\u015fsiz say\u0131s\u0131, a\u011fustosta ge\u00e7en y\u0131l\u0131n ayn\u0131 ay\u0131na g\u00f6re 980 bin ki\u015fi artarak 4 milyon 650 bin ki\u015fiye \u00e7\u0131kt\u0131. \u0130\u015fsizlik oran\u0131 2.9 puan y\u00fckselerek y\u00fczde 14 oldu.<\/p>\n<p>\u0130\u015fsizlik oran\u0131, a\u011fustosta bir \u00f6nceki aya g\u00f6re ise 0.1 puan artt\u0131.<\/p>\n<p>Tar\u0131m d\u0131\u015f\u0131 i\u015fsizlik oran\u0131 3.5 puanl\u0131k art\u0131\u015fla y\u00fczde 16.7 olarak tahmin edildi.<\/p>\n<p>S\u00f6z konusu ayda 15-24 ya\u015f grubunu i\u00e7eren gen\u00e7 i\u015fsizlik oran\u0131 6.6 puan y\u00fckselerek y\u00fczde 27.4 oldu.<\/p>\n<p>\u0130\u015fsizlik oran\u0131 15-64 ya\u015f grubunda ise 2.9 puan art\u0131\u015fla y\u00fczde 14.3 olarak ger\u00e7ekle\u015fti.<\/p>\n<!-- Error, Advert is not available at this time due to schedule\/geolocation restrictions! -->\n","protected":false},"excerpt":{"rendered":"<p>T\u00fcrkiye&#8217;de i\u015fsizlik oran\u0131 a\u011fustosta ge\u00e7en y\u0131l\u0131n ayn\u0131 ay\u0131na g\u00f6re 2.9 puan artarak y\u00fczde 14&#8217;e y\u00fckseldi. Bu d\u00f6nemde i\u015fsiz say\u0131s\u0131 980 bin ki\u015filik art\u0131\u015fla 4 milyon 650 bin ki\u015fi olarak hesapland\u0131. T\u00fcrkiye \u0130statistik Kurumu (T\u00dc\u0130K), A\u011fustos 2019&#8217;a ili\u015fkin i\u015f g\u00fcc\u00fc istatistiklerini a\u00e7\u0131klad\u0131. Buna g\u00f6re, T\u00fcrkiye genelinde 15 ve daha yukar\u0131 ya\u015ftakilerde i\u015fsiz say\u0131s\u0131, a\u011fustosta ge\u00e7en y\u0131l\u0131n &hellip;<\/p>\n","protected":false},"author":4,"featured_media":271429,"comment_status":"open","ping_status":"closed","sticky":false,"template":"","format":"standard","meta":{"_acf_changed":false,"footnotes":""},"categories":[6199,6155,5005,349],"tags":[12657,3909],"class_list":["post-283524","post","type-post","status-publish","format-standard","has-post-thumbnail","hentry","category-ekonomi","category-gundem","category-manset","category-son-dakika","tag-issizlik","tag-tuik"],"acf":[],"_links":{"self":[{"href":"https:\/\/www.nationalturk.com\/tr\/wp-json\/wp\/v2\/posts\/283524","targetHints":{"allow":["GET"]}}],"collection":[{"href":"https:\/\/www.nationalturk.com\/tr\/wp-json\/wp\/v2\/posts"}],"about":[{"href":"https:\/\/www.nationalturk.com\/tr\/wp-json\/wp\/v2\/types\/post"}],"author":[{"embeddable":true,"href":"https:\/\/www.nationalturk.com\/tr\/wp-json\/wp\/v2\/users\/4"}],"replies":[{"embeddable":true,"href":"https:\/\/www.nationalturk.com\/tr\/wp-json\/wp\/v2\/comments?post=283524"}],"version-history":[{"count":0,"href":"https:\/\/www.nationalturk.com\/tr\/wp-json\/wp\/v2\/posts\/283524\/revisions"}],"wp:featuredmedia":[{"embeddable":true,"href":"https:\/\/www.nationalturk.com\/tr\/wp-json\/wp\/v2\/media\/271429"}],"wp:attachment":[{"href":"https:\/\/www.nationalturk.com\/tr\/wp-json\/wp\/v2\/media?parent=283524"}],"wp:term":[{"taxonomy":"category","embeddable":true,"href":"https:\/\/www.nationalturk.com\/tr\/wp-json\/wp\/v2\/categories?post=283524"},{"taxonomy":"post_tag","embeddable":true,"href":"https:\/\/www.nationalturk.com\/tr\/wp-json\/wp\/v2\/tags?post=283524"}],"curies":[{"name":"wp","href":"https:\/\/api.w.org\/{rel}","templated":true}]}}