{"id":283573,"date":"2019-11-18T16:31:09","date_gmt":"2019-11-18T13:31:09","guid":{"rendered":"https:\/\/www.nationalturk.com\/?p=283573"},"modified":"2019-11-18T16:31:09","modified_gmt":"2019-11-18T13:31:09","slug":"devrim-muhafizlarindan-sert-uyari","status":"publish","type":"post","link":"https:\/\/www.nationalturk.com\/tr\/devrim-muhafizlarindan-sert-uyari\/","title":{"rendered":"Devrim Muhaf\u0131zlar\u0131ndan sert uyar\u0131!"},"content":{"rendered":"<h2>\u0130ran Devrim Muhaf\u0131zlar\u0131, benzin zamlar\u0131na tepki olarak ba\u015flayan h\u00fck\u00fcmet kar\u015f\u0131t\u0131 protestolara son verilmemesi halinde \u2018kararl\u0131 bir \u015fekilde harekete ge\u00e7eceklerini\u2019 duyurdu.<\/h2>\n<p>\u00dclke genelinde pek \u00e7ok \u015fehirde devam eden protestolar\u0131n sona ermesi i\u00e7in \u00e7a\u011fr\u0131da bulunan \u0130ran Devrim Muhaf\u0131zlar\u0131, \u201cHalk\u0131n bar\u0131\u015f\u0131n\u0131 ve g\u00fcvenli\u011fini bozmaya y\u00f6nelik devam eden herhangi bir harekete kar\u015f\u0131l\u0131k gerekti\u011fi takdirde kararl\u0131 ve devrimci ad\u0131mlar\u0131 ataca\u011f\u0131z\u201d ifadelerini kulland\u0131.<\/p>\n<p>Devlet medyas\u0131 taraf\u0131ndan duyurulan bu a\u00e7\u0131klama, \u0130ran \u0130\u00e7i\u015fleri Bakan\u0131 Abdurr\u0131za Rahmani Fazli\u2019nin, \u201cG\u00f6steriler s\u00fcrerse, g\u00fcvenlik g\u00fc\u00e7leri gerekli ad\u0131mlar\u0131 atmak zorunda kalacak\u201d \u015feklindeki \u00e7\u0131k\u0131\u015f\u0131ndan sonra geldi.<\/p>\n<p>\u0130ran&#8217;daki protestolar benzin fiyatlar\u0131na beklenmedik \u015fekilde en az y\u00fczde 50 zam yap\u0131lmas\u0131 ve daha ucuz fiyata benzin sat\u0131\u015f\u0131na kota konmas\u0131 \u00fczerine cuma g\u00fcn\u00fc ba\u015flad\u0131.<\/p>\n<p>Ba\u015fkent Tahran d\u0131\u015f\u0131nda Kirman\u015fah, \u0130sfahan, Tebriz, \u015eiraz, Kerec, Yezd, Bu\u015fehr ve Sari kentlerinde protesto g\u00f6sterileri d\u00fczenlendi; pek \u00e7ok yerde kamu binalar\u0131 ate\u015fe verildi.<\/p>\n<p>S\u00fcr\u00fcc\u00fcler trafikte kontak kapatarak h\u00fck\u00fcmeti protesto ederken, hayat pahal\u0131l\u0131\u011f\u0131na tepki g\u00f6steren \u00fcniversite \u00f6\u011frencileri de g\u00f6sterilere destek verdi.<\/p>\n<p>Tahran&#8217;\u0131n \u00f6nde gelen ticaret merkezlerinden Tahran B\u00fcy\u00fck \u00c7ar\u015f\u0131s\u0131&#8217;nda baz\u0131 esnaflar da kepenklerini a\u00e7mad\u0131.<\/p>\n<p>Protestoculara g\u00f6z ya\u015fart\u0131c\u0131 gazla m\u00fcdahale edilirken, g\u00f6sterilerde \u015fu ana kadar en az iki ki\u015fi ya\u015fam\u0131n\u0131 yitirdi ve bin ki\u015fi de g\u00f6zalt\u0131na al\u0131nd\u0131.<\/p>\n<!-- Error, Advert is not available at this time due to schedule\/geolocation restrictions! -->\n","protected":false},"excerpt":{"rendered":"<p>\u0130ran Devrim Muhaf\u0131zlar\u0131, benzin zamlar\u0131na tepki olarak ba\u015flayan h\u00fck\u00fcmet kar\u015f\u0131t\u0131 protestolara son verilmemesi halinde \u2018kararl\u0131 bir \u015fekilde harekete ge\u00e7eceklerini\u2019 duyurdu. \u00dclke genelinde pek \u00e7ok \u015fehirde devam eden protestolar\u0131n sona ermesi i\u00e7in \u00e7a\u011fr\u0131da bulunan \u0130ran Devrim Muhaf\u0131zlar\u0131, \u201cHalk\u0131n bar\u0131\u015f\u0131n\u0131 ve g\u00fcvenli\u011fini bozmaya y\u00f6nelik devam eden herhangi bir harekete kar\u015f\u0131l\u0131k gerekti\u011fi takdirde kararl\u0131 ve devrimci ad\u0131mlar\u0131 ataca\u011f\u0131z\u201d &hellip;<\/p>\n","protected":false},"author":4,"featured_media":283575,"comment_status":"open","ping_status":"closed","sticky":false,"template":"","format":"standard","meta":{"_acf_changed":false,"footnotes":""},"categories":[6772,6155,5005,349],"tags":[31697,6509,1981],"class_list":["post-283573","post","type-post","status-publish","format-standard","has-post-thumbnail","hentry","category-ortadogu","category-gundem","category-manset","category-son-dakika","tag-benzin-zammi","tag-devrim-muhafizlari","tag-iran"],"acf":[],"_links":{"self":[{"href":"https:\/\/www.nationalturk.com\/tr\/wp-json\/wp\/v2\/posts\/283573","targetHints":{"allow":["GET"]}}],"collection":[{"href":"https:\/\/www.nationalturk.com\/tr\/wp-json\/wp\/v2\/posts"}],"about":[{"href":"https:\/\/www.nationalturk.com\/tr\/wp-json\/wp\/v2\/types\/post"}],"author":[{"embeddable":true,"href":"https:\/\/www.nationalturk.com\/tr\/wp-json\/wp\/v2\/users\/4"}],"replies":[{"embeddable":true,"href":"https:\/\/www.nationalturk.com\/tr\/wp-json\/wp\/v2\/comments?post=283573"}],"version-history":[{"count":0,"href":"https:\/\/www.nationalturk.com\/tr\/wp-json\/wp\/v2\/posts\/283573\/revisions"}],"wp:featuredmedia":[{"embeddable":true,"href":"https:\/\/www.nationalturk.com\/tr\/wp-json\/wp\/v2\/media\/283575"}],"wp:attachment":[{"href":"https:\/\/www.nationalturk.com\/tr\/wp-json\/wp\/v2\/media?parent=283573"}],"wp:term":[{"taxonomy":"category","embeddable":true,"href":"https:\/\/www.nationalturk.com\/tr\/wp-json\/wp\/v2\/categories?post=283573"},{"taxonomy":"post_tag","embeddable":true,"href":"https:\/\/www.nationalturk.com\/tr\/wp-json\/wp\/v2\/tags?post=283573"}],"curies":[{"name":"wp","href":"https:\/\/api.w.org\/{rel}","templated":true}]}}