{"id":283701,"date":"2019-11-22T15:35:50","date_gmt":"2019-11-22T12:35:50","guid":{"rendered":"https:\/\/www.nationalturk.com\/?p=283701"},"modified":"2026-04-26T13:03:41","modified_gmt":"2026-04-26T10:03:41","slug":"erdogandan-iddialara-yanit-eger-yigitsen-ben-cumhurbaskanligimi-ortaya-koyuyorum","status":"publish","type":"post","link":"https:\/\/www.nationalturk.com\/tr\/erdogandan-iddialara-yanit-eger-yigitsen-ben-cumhurbaskanligimi-ortaya-koyuyorum\/","title":{"rendered":"Erdo\u011fan&#8217;dan iddialara yan\u0131t: E\u011fer yi\u011fitsen ben cumhurba\u015fkanl\u0131\u011f\u0131m\u0131 ortaya koyuyorum"},"content":{"rendered":"<h2>Cumhurba\u015fkan\u0131 Erdo\u011fan, Be\u015ftepe&#8217;de bir CHP&#8217;li ile g\u00f6r\u00fc\u015fme iddialar\u0131na ili\u015fkin &#8220;E\u011fer yi\u011fitsen ben cumhurba\u015fkanl\u0131\u011f\u0131m\u0131 ortaya koyuyorum, sen genel ba\u015fkanl\u0131\u011f\u0131n\u0131 ortaya koyabiliyor musun?&#8221; dedi.<\/h2>\n<p>Cumhurba\u015fkan\u0131 ve AKP Genel Ba\u015fkan\u0131 Recep Tayyip Erdo\u011fan, partisinin \u0130zmir \u0130l Ba\u015fkanl\u0131\u011f\u0131nda halka hitap etti.<\/p>\n<p>Erdo\u011fan, &#8220;Bizim anlay\u0131\u015f\u0131m\u0131zda se\u00e7mene k\u00fcsme, dar\u0131lma, vatanda\u015f\u0131 su\u00e7lama gibi bir durum asla s\u00f6z konusu olamaz.&#8221; dedi.<\/p>\n<p>Erdo\u011fan &#8220;Kavgay\u0131, \u00e7\u0131kar \u00e7at\u0131\u015fmas\u0131n\u0131 siyasetlerinin merkezine yerle\u015ftirenler bizim aram\u0131zdaki \u015fu muhabbeti, \u015fu sars\u0131lmaz ba\u011f\u0131 bir t\u00fcrl\u00fc anlayamad\u0131lar&#8221; diye konu\u015ftu.<\/p>\n<p>Cumhurba\u015fkan\u0131 Recep Tayyip Erdo\u011fan, &#8220;(CHP) Bunlara g\u00f6re kad\u0131n hizmetkar olmal\u0131, bunlara g\u00f6re kad\u0131n tarlada, bah\u00e7ede domates toplas\u0131n, biber toplas\u0131n, b\u00f6yle olmal\u0131. Ama kar\u015f\u0131lar\u0131nda bir hukuk\u00e7u g\u00f6rd\u00fckleri zaman kuduruyorlar.&#8221; dedi.<\/p>\n<p>Cumhurba\u015fkan\u0131 Erdo\u011fan, \u015f\u00f6yle devam etti: <\/p>\n<p>&#8220;E\u011fer yi\u011fitsen ben cumhurba\u015fkanl\u0131\u011f\u0131m\u0131 ortaya koyuyorum, sen genel ba\u015fkanl\u0131\u011f\u0131n\u0131 ortaya koyabiliyor musun? Bir g\u00fcn de \u00e7\u0131k de ki, &#8216;Bu PKK ter\u00f6r \u00f6rg\u00fct\u00fcd\u00fcr.&#8217; Demedi, diyemez. Ayn\u0131s\u0131n\u0131 ge\u00e7mi\u015fte Tunceli ile ilgili olarak da yapamad\u0131, yapamaz. \u00c7\u00fcnk\u00fc \u00fcrkektir, korkakt\u0131r, p\u0131s\u0131r\u0131kt\u0131r ve yalanc\u0131d\u0131r.&#8221;<\/p>\n<p>Erdo\u011fan, &#8220;K\u0131l\u0131k k\u0131yafetinden dolay\u0131 kad\u0131nlar\u0131m\u0131za y\u00f6nelik s\u00f6zl\u00fc veya fiili \u015fiddete varan bu provokasyonlara asla g\u00f6z yummay\u0131z, yummayaca\u011f\u0131z.&#8221; diye konu\u015ftu.<\/p>\n<p> &#8220;Milletimizin aras\u0131na yeni nifak tohumlar\u0131 ekilmesine tahamm\u00fcl\u00fcm\u00fcz yoktur. Bu tarz nefret su\u00e7lar\u0131yla ilgili emniyet ve yarg\u0131 kurumlar\u0131m\u0131z an\u0131nda gereken ad\u0131mlar\u0131 atmay\u0131 s\u00fcrd\u00fcrecek.&#8221; <\/p>\n<!-- Error, Advert is not available at this time due to schedule\/geolocation restrictions! -->\n","protected":false},"excerpt":{"rendered":"<p>Cumhurba\u015fkan\u0131 Erdo\u011fan, Be\u015ftepe&#8217;de bir CHP&#8217;li ile g\u00f6r\u00fc\u015fme iddialar\u0131na ili\u015fkin &#8220;E\u011fer yi\u011fitsen ben cumhurba\u015fkanl\u0131\u011f\u0131m\u0131 ortaya koyuyorum, sen genel ba\u015fkanl\u0131\u011f\u0131n\u0131 ortaya koyabiliyor musun?&#8221; dedi. Cumhurba\u015fkan\u0131 ve AKP Genel Ba\u015fkan\u0131 Recep Tayyip Erdo\u011fan, partisinin \u0130zmir \u0130l Ba\u015fkanl\u0131\u011f\u0131nda halka hitap etti. Erdo\u011fan, &#8220;Bizim anlay\u0131\u015f\u0131m\u0131zda se\u00e7mene k\u00fcsme, dar\u0131lma, vatanda\u015f\u0131 su\u00e7lama gibi bir durum asla s\u00f6z konusu olamaz.&#8221; dedi. Erdo\u011fan &#8220;Kavgay\u0131, &hellip;<\/p>\n","protected":false},"author":4,"featured_media":283702,"comment_status":"open","ping_status":"closed","sticky":false,"template":"","format":"standard","meta":{"_acf_changed":false,"footnotes":""},"categories":[6155,5005,6202,349],"tags":[9476,130044,8723,787,4134],"class_list":["post-283701","post","type-post","status-publish","format-standard","has-post-thumbnail","hentry","category-gundem","category-manset","category-politika","category-son-dakika","tag-akp","tag-bestepe","tag-chp","tag-recep-tayyip-erdogan","tag-tunceli"],"acf":[],"_links":{"self":[{"href":"https:\/\/www.nationalturk.com\/tr\/wp-json\/wp\/v2\/posts\/283701","targetHints":{"allow":["GET"]}}],"collection":[{"href":"https:\/\/www.nationalturk.com\/tr\/wp-json\/wp\/v2\/posts"}],"about":[{"href":"https:\/\/www.nationalturk.com\/tr\/wp-json\/wp\/v2\/types\/post"}],"author":[{"embeddable":true,"href":"https:\/\/www.nationalturk.com\/tr\/wp-json\/wp\/v2\/users\/4"}],"replies":[{"embeddable":true,"href":"https:\/\/www.nationalturk.com\/tr\/wp-json\/wp\/v2\/comments?post=283701"}],"version-history":[{"count":1,"href":"https:\/\/www.nationalturk.com\/tr\/wp-json\/wp\/v2\/posts\/283701\/revisions"}],"predecessor-version":[{"id":308567,"href":"https:\/\/www.nationalturk.com\/tr\/wp-json\/wp\/v2\/posts\/283701\/revisions\/308567"}],"wp:featuredmedia":[{"embeddable":true,"href":"https:\/\/www.nationalturk.com\/tr\/wp-json\/wp\/v2\/media\/283702"}],"wp:attachment":[{"href":"https:\/\/www.nationalturk.com\/tr\/wp-json\/wp\/v2\/media?parent=283701"}],"wp:term":[{"taxonomy":"category","embeddable":true,"href":"https:\/\/www.nationalturk.com\/tr\/wp-json\/wp\/v2\/categories?post=283701"},{"taxonomy":"post_tag","embeddable":true,"href":"https:\/\/www.nationalturk.com\/tr\/wp-json\/wp\/v2\/tags?post=283701"}],"curies":[{"name":"wp","href":"https:\/\/api.w.org\/{rel}","templated":true}]}}