{"id":283832,"date":"2019-11-28T15:02:14","date_gmt":"2019-11-28T12:02:14","guid":{"rendered":"https:\/\/www.nationalturk.com\/?p=283832"},"modified":"2019-11-28T15:02:14","modified_gmt":"2019-11-28T12:02:14","slug":"kuba-devlet-baskani-canel-emperyal-acizlik-kibir-ve-nefret-bizi-teslim-alamayacak","status":"publish","type":"post","link":"https:\/\/www.nationalturk.com\/tr\/kuba-devlet-baskani-canel-emperyal-acizlik-kibir-ve-nefret-bizi-teslim-alamayacak\/","title":{"rendered":"K\u00fcba Devlet Ba\u015fkan\u0131 Canel: Emperyal acizlik, kibir ve nefret bizi teslim alamayacak"},"content":{"rendered":"<h2>K\u00fcba Devlet Ba\u015fkan\u0131 Diaz-CaneI, ABD y\u00f6netiminin K\u00fcbal\u0131 bir petrol \u015firketini, &#8220;Venezuela&#8217;ya y\u00f6nelik yapt\u0131r\u0131mlar\u0131 deldi\u011fi&#8221; gerek\u00e7esiyle yapt\u0131r\u0131m listesine eklemesi karar\u0131na tepki g\u00f6sterdi.<\/h2>\n<p>Miguel Diaz-Canel Bermudez, Twitter&#8217;dan yapt\u0131\u011f\u0131 payla\u015f\u0131mda, Washington y\u00f6netimini, K\u00fcba Merkezli &#8220;Corporacion Panamericana&#8221; adl\u0131 petrol \u015firketini, K\u00fcba&#8217;n\u0131n devlet y\u00f6netimindeki &#8220;Cubametales&#8221; adl\u0131 \u015firketi ad\u0131na petrol ithalat\u0131 ve ihracat\u0131 yapt\u0131\u011f\u0131 gerek\u00e7esiyle yapt\u0131r\u0131m listesine ekleme karar\u0131n\u0131 k\u0131nad\u0131.<\/p>\n<p>Washington y\u00f6netimini, Corporacion Panamericana petrol \u015firketinin, K\u00fcba&#8217;ya petrol al\u0131m\u0131 yapt\u0131\u011f\u0131 i\u00e7in cezaland\u0131r\u0131ld\u0131\u011f\u0131n\u0131 belirten Diaz-Canel, ABD&#8217;yi K\u00fcba halk\u0131na kar\u0131\u015f\u0131 nefret ve kibir duygular\u0131 beslemekle su\u00e7lad\u0131.<\/p>\n<p>Diaz-Canel, &#8220;Bir di\u011fer blokaj tedbiri: \u015eirket, K\u00fcba i\u00e7in petrol al\u0131m\u0131 yapt\u0131\u011f\u0131ndan dolay\u0131 ABD taraf\u0131ndan yapt\u0131r\u0131ma u\u011frad\u0131. Emperyal acizlik, kibir ve nefret bizi teslim alamayacak.&#8221; payla\u015f\u0131m\u0131nda bulundu.<\/p>\n<p>K\u00fcba halk\u0131n\u0131n ve devlet ba\u015fkan\u0131n\u0131n, ABD y\u00f6netiminin d\u00fc\u015fmanca sald\u0131r\u0131lar\u0131na kar\u015f\u0131 direnmeye devam edece\u011fini vurgulayan Diaz-Canel, kararl\u0131 olduklar\u0131n\u0131 belirtti.<\/p>\n<p>ABD Hazine Bakanl\u0131\u011f\u0131nca yap\u0131lan a\u00e7\u0131klamada, K\u00fcba Merkezli &#8220;Corporacion Panamericana&#8221; adl\u0131 petrol \u015firketinin, K\u00fcba&#8217;n\u0131n devlet y\u00f6netimindeki &#8220;Cubametales&#8221; adl\u0131 \u015firketi ad\u0131na petrol ithalat\u0131 ve ihracat\u0131 yapt\u0131\u011f\u0131 belirtilmi\u015fti.<\/p>\n<p>ABD D\u0131\u015fi\u015fleri Bakan\u0131 Mike Pompeo, &#8220;Bug\u00fcnk\u00fc yapt\u0131r\u0131mlar, gayrime\u015fru diktat\u00f6r Nicolas Maduro&#8217;ya yard\u0131m eden K\u00fcba&#8217;n\u0131n yasa d\u0131\u015f\u0131 kar sa\u011flamas\u0131n\u0131 duraklatacakt\u0131r.&#8221; de\u011ferlendirmesinde bulunmu\u015ftu.<\/p>\n<p>Yapt\u0131r\u0131mlar kapsam\u0131nda, &#8220;Corporacion Panamericana&#8221; adl\u0131 \u015firketin, ABD&#8217;deki mal varl\u0131klar\u0131 dondurulacak ve ABD&#8217;lilerin bu \u015firketle i\u015f yapmas\u0131 yasaklanacak.<\/p>\n<!-- Error, Advert is not available at this time due to schedule\/geolocation restrictions! -->\n","protected":false},"excerpt":{"rendered":"<p>K\u00fcba Devlet Ba\u015fkan\u0131 Diaz-CaneI, ABD y\u00f6netiminin K\u00fcbal\u0131 bir petrol \u015firketini, &#8220;Venezuela&#8217;ya y\u00f6nelik yapt\u0131r\u0131mlar\u0131 deldi\u011fi&#8221; gerek\u00e7esiyle yapt\u0131r\u0131m listesine eklemesi karar\u0131na tepki g\u00f6sterdi. Miguel Diaz-Canel Bermudez, Twitter&#8217;dan yapt\u0131\u011f\u0131 payla\u015f\u0131mda, Washington y\u00f6netimini, K\u00fcba Merkezli &#8220;Corporacion Panamericana&#8221; adl\u0131 petrol \u015firketini, K\u00fcba&#8217;n\u0131n devlet y\u00f6netimindeki &#8220;Cubametales&#8221; adl\u0131 \u015firketi ad\u0131na petrol ithalat\u0131 ve ihracat\u0131 yapt\u0131\u011f\u0131 gerek\u00e7esiyle yapt\u0131r\u0131m listesine ekleme karar\u0131n\u0131 k\u0131nad\u0131. Washington &hellip;<\/p>\n","protected":false},"author":4,"featured_media":283833,"comment_status":"open","ping_status":"closed","sticky":false,"template":"","format":"standard","meta":{"_acf_changed":false,"footnotes":""},"categories":[6768,6155,6771,5005],"tags":[1887,14,216553,7013],"class_list":["post-283832","post","type-post","status-publish","format-standard","has-post-thumbnail","hentry","category-amerika","category-gundem","category-latin-amerika","category-manset","tag-abd","tag-kuba","tag-miguel-diaz-canel","tag-venezuela"],"acf":[],"_links":{"self":[{"href":"https:\/\/www.nationalturk.com\/tr\/wp-json\/wp\/v2\/posts\/283832","targetHints":{"allow":["GET"]}}],"collection":[{"href":"https:\/\/www.nationalturk.com\/tr\/wp-json\/wp\/v2\/posts"}],"about":[{"href":"https:\/\/www.nationalturk.com\/tr\/wp-json\/wp\/v2\/types\/post"}],"author":[{"embeddable":true,"href":"https:\/\/www.nationalturk.com\/tr\/wp-json\/wp\/v2\/users\/4"}],"replies":[{"embeddable":true,"href":"https:\/\/www.nationalturk.com\/tr\/wp-json\/wp\/v2\/comments?post=283832"}],"version-history":[{"count":0,"href":"https:\/\/www.nationalturk.com\/tr\/wp-json\/wp\/v2\/posts\/283832\/revisions"}],"wp:featuredmedia":[{"embeddable":true,"href":"https:\/\/www.nationalturk.com\/tr\/wp-json\/wp\/v2\/media\/283833"}],"wp:attachment":[{"href":"https:\/\/www.nationalturk.com\/tr\/wp-json\/wp\/v2\/media?parent=283832"}],"wp:term":[{"taxonomy":"category","embeddable":true,"href":"https:\/\/www.nationalturk.com\/tr\/wp-json\/wp\/v2\/categories?post=283832"},{"taxonomy":"post_tag","embeddable":true,"href":"https:\/\/www.nationalturk.com\/tr\/wp-json\/wp\/v2\/tags?post=283832"}],"curies":[{"name":"wp","href":"https:\/\/api.w.org\/{rel}","templated":true}]}}