{"id":283931,"date":"2019-12-03T10:43:54","date_gmt":"2019-12-03T07:43:54","guid":{"rendered":"https:\/\/www.nationalturk.com\/?p=283931"},"modified":"2019-12-03T10:43:54","modified_gmt":"2019-12-03T07:43:54","slug":"kim-jong-un-samjiyon","status":"publish","type":"post","link":"https:\/\/www.nationalturk.com\/tr\/kim-jong-un-samjiyon\/","title":{"rendered":"Kim Jong-un &#8220;\u00dctopik \u015fehir&#8221; Samjiyon&#8217;un a\u00e7\u0131l\u0131\u015f\u0131n\u0131 yapt\u0131"},"content":{"rendered":"<h2>Kuzey Kore, Devlet Ba\u015fkan\u0131 Kim Jong-un\u2019un imza projelerinden biri olan ve ailesinin k\u00f6klerinin dayand\u0131\u011f\u0131 iddia edilen \u2018kutsal\u2019 Paektu Da\u011f\u0131 yak\u0131nlar\u0131ndaki yeni Samjiyon \u015fehrinin kurulu\u015funu kutlad\u0131.<\/h2>\n<p>\u2018Sosyalist \u00fctopya\u2019 olarak tasarlanan Samjiyon \u015fehrinin a\u00e7\u0131l\u0131\u015f\u0131 Kim Jong-un taraf\u0131ndan yap\u0131l\u0131rken, y\u00fcksek r\u00fctbeli isimler de t\u00f6rende haz\u0131r bulundu. Kuzey Koreliler de dans ederek yeni \u015fehirlerinin a\u00e7\u0131l\u0131\u015f\u0131n\u0131 kutlad\u0131.<\/p>\n<p><img loading=\"lazy\" decoding=\"async\" src=\"https:\/\/www.nationalturk.com\/tr\/wp-content\/uploads\/2019\/12\/samjiyon.jpg\" alt=\"\" width=\"1000\" height=\"620\" class=\"alignnone size-full wp-image-283933\" title=\"\" srcset=\"https:\/\/www.nationalturk.com\/tr\/wp-content\/uploads\/2019\/12\/samjiyon.jpg 1000w, https:\/\/www.nationalturk.com\/tr\/wp-content\/uploads\/2019\/12\/samjiyon-800x496.jpg 800w\" sizes=\"auto, (max-width: 1000px) 100vw, 1000px\" \/><\/p>\n<p>Samjiyon County&#8217;nin tamam\u0131n\u0131n Ekim 2020&#8217;de bitirilmesi planlan\u0131yor.<\/p>\n<!-- Error, Advert is not available at this time due to schedule\/geolocation restrictions! -->\n","protected":false},"excerpt":{"rendered":"<p>Kuzey Kore, Devlet Ba\u015fkan\u0131 Kim Jong-un\u2019un imza projelerinden biri olan ve ailesinin k\u00f6klerinin dayand\u0131\u011f\u0131 iddia edilen \u2018kutsal\u2019 Paektu Da\u011f\u0131 yak\u0131nlar\u0131ndaki yeni Samjiyon \u015fehrinin kurulu\u015funu kutlad\u0131. \u2018Sosyalist \u00fctopya\u2019 olarak tasarlanan Samjiyon \u015fehrinin a\u00e7\u0131l\u0131\u015f\u0131 Kim Jong-un taraf\u0131ndan yap\u0131l\u0131rken, y\u00fcksek r\u00fctbeli isimler de t\u00f6rende haz\u0131r bulundu. Kuzey Koreliler de dans ederek yeni \u015fehirlerinin a\u00e7\u0131l\u0131\u015f\u0131n\u0131 kutlad\u0131. Samjiyon County&#8217;nin tamam\u0131n\u0131n &hellip;<\/p>\n","protected":false},"author":4,"featured_media":283932,"comment_status":"open","ping_status":"closed","sticky":false,"template":"","format":"standard","meta":{"_acf_changed":false,"footnotes":""},"categories":[6769,6155,5005],"tags":[88215,5622],"class_list":["post-283931","post","type-post","status-publish","format-standard","has-post-thumbnail","hentry","category-asya","category-gundem","category-manset","tag-kim-jong-un","tag-kuzey-kore"],"acf":[],"_links":{"self":[{"href":"https:\/\/www.nationalturk.com\/tr\/wp-json\/wp\/v2\/posts\/283931","targetHints":{"allow":["GET"]}}],"collection":[{"href":"https:\/\/www.nationalturk.com\/tr\/wp-json\/wp\/v2\/posts"}],"about":[{"href":"https:\/\/www.nationalturk.com\/tr\/wp-json\/wp\/v2\/types\/post"}],"author":[{"embeddable":true,"href":"https:\/\/www.nationalturk.com\/tr\/wp-json\/wp\/v2\/users\/4"}],"replies":[{"embeddable":true,"href":"https:\/\/www.nationalturk.com\/tr\/wp-json\/wp\/v2\/comments?post=283931"}],"version-history":[{"count":0,"href":"https:\/\/www.nationalturk.com\/tr\/wp-json\/wp\/v2\/posts\/283931\/revisions"}],"wp:featuredmedia":[{"embeddable":true,"href":"https:\/\/www.nationalturk.com\/tr\/wp-json\/wp\/v2\/media\/283932"}],"wp:attachment":[{"href":"https:\/\/www.nationalturk.com\/tr\/wp-json\/wp\/v2\/media?parent=283931"}],"wp:term":[{"taxonomy":"category","embeddable":true,"href":"https:\/\/www.nationalturk.com\/tr\/wp-json\/wp\/v2\/categories?post=283931"},{"taxonomy":"post_tag","embeddable":true,"href":"https:\/\/www.nationalturk.com\/tr\/wp-json\/wp\/v2\/tags?post=283931"}],"curies":[{"name":"wp","href":"https:\/\/api.w.org\/{rel}","templated":true}]}}